{"id":82,"date":"2024-09-30T10:52:31","date_gmt":"2024-09-30T08:52:31","guid":{"rendered":"https:\/\/www.europaskolan.se\/varfruberga\/?p=82"},"modified":"2025-02-19T10:57:34","modified_gmt":"2025-02-19T09:57:34","slug":"europaskolan-vaxer-med-varfruberga-friskola","status":"publish","type":"post","link":"https:\/\/www.europaskolan.se\/varfruberga\/2024\/09\/30\/europaskolan-vaxer-med-varfruberga-friskola\/","title":{"rendered":"Europaskolan v\u00e4xer med V\u00e5rfruberga friskola"},"content":{"rendered":"<p><img fetchpriority=\"high\" decoding=\"async\" class=\"alignnone size-full wp-image-13990\" src=\"https:\/\/www.europaskolan.se\/wp-content\/uploads\/2024\/09\/ESV_Skola-2024-1.jpg\" alt=\"\" width=\"2424\" height=\"1321\" \/><\/p>\n<p><em>Europaskolan kommer under 2025 att v\u00e4xa genom att V\u00e5rfruberga friskola ansluter koncernen.<\/em><\/p>\n<p>\u2013 Kul att Skolinspektionens tycker v\u00e5r ans\u00f6kan ser bra ut, s\u00e4ger Europaskolans koncernchef Peter Jedar.<\/p>\n<p>Skolinspektionen har beslutat godk\u00e4nna Europaskolan V\u00e5rfruberga AB som huvudman f\u00f6r grundskoleverksamhet fr\u00e5n f\u00f6rskoleklass till och med \u00e5rskurs tre. N\u00e4r h\u00f6stterminen 2025 drar i g\u00e5ng p\u00e5 skolan sker det inom ramen f\u00f6r koncernen Europaskolans verksamhet.<\/p>\n<p>\u2013 Det inneb\u00e4r att vi kan erbjuda skolverksamhet hela v\u00e4gen fr\u00e5n f\u00f6rskoleklass till gymnasiet i Str\u00e4ngn\u00e4s vilket vi tidigare inte kunnat g\u00f6ra eftersom Europaskolan Rogges verksamhet str\u00e4cker sig fr\u00e5n \u00e5rskurs fyra till nio, s\u00e4ger koncernchef Peter Jedar.<\/p>\n<p>F\u00f6rdelen med det, menar koncernchefen, \u00e4r att Europaskolan genom att kunna erbjuda skolverksamhet fr\u00e5n f\u00f6rskoleklass till gymnasiet ges m\u00f6jligheten att p\u00e5verka elevernas hela f\u00f6r\u00e4dlingsprocess. R\u00e4tt insatser i tidigt skede kan s\u00e4ttas in i syfte att ge eleverna b\u00e4sta m\u00f6jliga f\u00f6ruts\u00e4ttningar att l\u00e4ra sig l\u00e4sa, skriva och r\u00e4kna.<\/p>\n<p>\u2013 Alla medarbetare med tillsvidareanst\u00e4llning p\u00e5 V\u00e5rfruberga erbjuds f\u00f6lja med till Europaskolan, s\u00e4ger Peter Jedar, som inte tror att elever och medarbetare kommer m\u00e4rka n\u00e5gon st\u00f6rre skillnad med Europaskolan som huvudman.<\/p>\n<p>\u2013 Vi kommer att forts\u00e4tta p\u00e5 det pedagogiska sp\u00e5r som finns med fokus p\u00e5 att l\u00e4sa, skriva och r\u00e4kna men vi vill ocks\u00e5 addera v\u00e5r grundfilosofi g\u00e4llande europeiska bildningsideal, ordning och reda samt europakunskap p\u00e5 r\u00e4tt niv\u00e5.<\/p>\n<p><em>Nu \u00e5terst\u00e5r bland annat att ans\u00f6ka hos Str\u00e4ngn\u00e4s kommun om att f\u00e5 driva skolan p\u00e5 Fogd\u00f6. Den ans\u00f6kan ska skickas in f\u00f6re \u00e5rsskiftet.<\/em><\/p>\n","protected":false},"excerpt":{"rendered":"<p>Europaskolan kommer under 2025 att v\u00e4xa genom att V\u00e5rfruberga friskola ansluter koncernen. \u2013 Kul att Skolinspektionens tycker v\u00e5r ans\u00f6kan ser bra ut, s\u00e4ger Europaskolans koncernchef Peter Jedar. Skolinspektionen har beslutat godk\u00e4nna Europaskolan V\u00e5rfruberga AB som huvudman f\u00f6r grundskoleverksamhet fr\u00e5n f\u00f6rskoleklass till och med \u00e5rskurs tre. N\u00e4r h\u00f6stterminen 2025 drar i g\u00e5ng p\u00e5 skolan sker det [&hellip;]<\/p>\n","protected":false},"author":2,"featured_media":83,"comment_status":"closed","ping_status":"closed","sticky":false,"template":"","format":"standard","meta":{"footnotes":""},"categories":[4],"tags":[],"class_list":["post-82","post","type-post","status-publish","format-standard","has-post-thumbnail","hentry","category-aktuellt-europaskolan-varfruberga"],"blocksy_meta":[],"rttpg_featured_image_url":{"full":["https:\/\/www.europaskolan.se\/varfruberga\/wp-content\/uploads\/sites\/5\/2025\/02\/ESV_Skola-2024-2U.jpg",500,380,false],"landscape":["https:\/\/www.europaskolan.se\/varfruberga\/wp-content\/uploads\/sites\/5\/2025\/02\/ESV_Skola-2024-2U.jpg",500,380,false],"portraits":["https:\/\/www.europaskolan.se\/varfruberga\/wp-content\/uploads\/sites\/5\/2025\/02\/ESV_Skola-2024-2U.jpg",500,380,false],"thumbnail":["https:\/\/www.europaskolan.se\/varfruberga\/wp-content\/uploads\/sites\/5\/2025\/02\/ESV_Skola-2024-2U-150x150.jpg",150,150,true],"medium":["https:\/\/www.europaskolan.se\/varfruberga\/wp-content\/uploads\/sites\/5\/2025\/02\/ESV_Skola-2024-2U-300x228.jpg",300,228,true],"large":["https:\/\/www.europaskolan.se\/varfruberga\/wp-content\/uploads\/sites\/5\/2025\/02\/ESV_Skola-2024-2U.jpg",500,380,false],"1536x1536":["https:\/\/www.europaskolan.se\/varfruberga\/wp-content\/uploads\/sites\/5\/2025\/02\/ESV_Skola-2024-2U.jpg",500,380,false],"2048x2048":["https:\/\/www.europaskolan.se\/varfruberga\/wp-content\/uploads\/sites\/5\/2025\/02\/ESV_Skola-2024-2U.jpg",500,380,false],"sow-carousel-default":["https:\/\/www.europaskolan.se\/varfruberga\/wp-content\/uploads\/sites\/5\/2025\/02\/ESV_Skola-2024-2U-272x182.jpg",272,182,true]},"rttpg_author":{"display_name":"camilla","author_link":"https:\/\/www.europaskolan.se\/varfruberga\/author\/camilla\/"},"rttpg_comment":0,"rttpg_category":"<a href=\"https:\/\/www.europaskolan.se\/varfruberga\/category\/aktuellt-europaskolan-varfruberga\/\" rel=\"category tag\">Aktuellt \u2013 Europaskolan V\u00e5rfruberga<\/a>","rttpg_excerpt":"Europaskolan kommer under 2025 att v\u00e4xa genom att V\u00e5rfruberga friskola ansluter koncernen. \u2013 Kul att Skolinspektionens tycker v\u00e5r ans\u00f6kan ser bra ut, s\u00e4ger Europaskolans koncernchef Peter Jedar. Skolinspektionen har beslutat godk\u00e4nna Europaskolan V\u00e5rfruberga AB som huvudman f\u00f6r grundskoleverksamhet fr\u00e5n f\u00f6rskoleklass till och med \u00e5rskurs tre. N\u00e4r h\u00f6stterminen 2025 drar i g\u00e5ng p\u00e5 skolan sker det&hellip;","_links":{"self":[{"href":"https:\/\/www.europaskolan.se\/varfruberga\/wp-json\/wp\/v2\/posts\/82","targetHints":{"allow":["GET"]}}],"collection":[{"href":"https:\/\/www.europaskolan.se\/varfruberga\/wp-json\/wp\/v2\/posts"}],"about":[{"href":"https:\/\/www.europaskolan.se\/varfruberga\/wp-json\/wp\/v2\/types\/post"}],"author":[{"embeddable":true,"href":"https:\/\/www.europaskolan.se\/varfruberga\/wp-json\/wp\/v2\/users\/2"}],"replies":[{"embeddable":true,"href":"https:\/\/www.europaskolan.se\/varfruberga\/wp-json\/wp\/v2\/comments?post=82"}],"version-history":[{"count":0,"href":"https:\/\/www.europaskolan.se\/varfruberga\/wp-json\/wp\/v2\/posts\/82\/revisions"}],"wp:featuredmedia":[{"embeddable":true,"href":"https:\/\/www.europaskolan.se\/varfruberga\/wp-json\/wp\/v2\/media\/83"}],"wp:attachment":[{"href":"https:\/\/www.europaskolan.se\/varfruberga\/wp-json\/wp\/v2\/media?parent=82"}],"wp:term":[{"taxonomy":"category","embeddable":true,"href":"https:\/\/www.europaskolan.se\/varfruberga\/wp-json\/wp\/v2\/categories?post=82"},{"taxonomy":"post_tag","embeddable":true,"href":"https:\/\/www.europaskolan.se\/varfruberga\/wp-json\/wp\/v2\/tags?post=82"}],"curies":[{"name":"wp","href":"https:\/\/api.w.org\/{rel}","templated":true}]}}