{"id":523,"date":"2026-04-17T12:32:46","date_gmt":"2026-04-17T10:32:46","guid":{"rendered":"https:\/\/www.europaskolan.se\/varfruberga\/?p=523"},"modified":"2026-04-17T12:32:46","modified_gmt":"2026-04-17T10:32:46","slug":"pedagogik-i-ur-och-skur-pa-europaskolan-varfruberga","status":"publish","type":"post","link":"https:\/\/www.europaskolan.se\/varfruberga\/2026\/04\/17\/pedagogik-i-ur-och-skur-pa-europaskolan-varfruberga\/","title":{"rendered":"Pedagogik i ur och skur p\u00e5 Europaskolan V\u00e5rfruberga"},"content":{"rendered":"<p><img fetchpriority=\"high\" decoding=\"async\" class=\"alignnone size-full wp-image-525\" src=\"https:\/\/www.europaskolan.se\/varfruberga\/wp-content\/uploads\/sites\/5\/2026\/04\/ESV_Ur_och_Skur-1.jpg\" alt=\"\" width=\"768\" height=\"832\" srcset=\"https:\/\/www.europaskolan.se\/varfruberga\/wp-content\/uploads\/sites\/5\/2026\/04\/ESV_Ur_och_Skur-1.jpg 768w, https:\/\/www.europaskolan.se\/varfruberga\/wp-content\/uploads\/sites\/5\/2026\/04\/ESV_Ur_och_Skur-1-277x300.jpg 277w\" sizes=\"(max-width: 768px) 100vw, 768px\" \/><\/p>\n<p><em>Att vara ute i naturen ger oss alla kraft och energi. Genom att satsa p\u00e5 pedagogik i ur och skur vill Europaskolan V\u00e5rfruberga skapa f\u00f6ruts\u00e4ttningar f\u00f6r f\u00f6rskolans medarbetare att undervisa barnen i en utomhusmilj\u00f6. F\u00f6rdelarna \u00e4r m\u00e5nga.<\/em><\/p>\n<p><strong>Just nu p\u00e5g\u00e5r en riktad satsning p\u00e5 Europaskolan V\u00e5rfruberga<\/strong> d\u00e4r skolans f\u00f6rskolepedagoger f\u00e5r en utbildning i konceptet Ur och skur med Mulleinriktning.<\/p>\n<p><strong>\u2013 Vi \u00e4r just nu i en sp\u00e4nnande utvecklingsfas<\/strong> d\u00e4r f\u00f6rskolans medarbetare f\u00e5r de verktyg som beh\u00f6vs f\u00f6r att erbjuda barnen undervisning ute i naturen, s\u00e4ger Elina Lindqvist, bitr\u00e4dande rektor f\u00f6r f\u00f6rskola p\u00e5 Europaskolan V\u00e5rfruberga.<\/p>\n<p><strong>Utomhusundervisning har flera positiva effekter<\/strong> och kan bidra till b\u00e4ttre h\u00e4lsa och v\u00e4lbefinnande hos b\u00e5de elever och pedagoger, bland annat genom f\u00e4rre infektioner, b\u00e4ttre motorik och \u00f6kad koncentrationsf\u00f6rm\u00e5ga. En ytterligare bonuseffekt \u00e4r friskare pedagoger, vilket kan inneb\u00e4ra f\u00e4rre vikarier och b\u00e4ttre kontinuitet i verksamheten. Ut\u00f6ver de h\u00e4lsom\u00e4ssiga f\u00f6rdelarna inneb\u00e4r Ur och skur-konceptet att b\u00e5de barn och pedagoger f\u00e5r uppt\u00e4cka allt fr\u00e5n knoppar och v\u00e4xter till att f\u00f6lja djursp\u00e5r och utforska \u00e5rstidernas skiftningar.<\/p>\n<p><strong>Mulleutbildningen fokuserar p\u00e5 att utbilda ledare inom friluftsverksamhet f\u00f6r barn.<\/strong> Lek, natur och l\u00e4rande utomhus st\u00e5r i centrum, \u00e5ret runt. Genom sagor, lekar och uppt\u00e4ckande f\u00e5r barnen kunskap om djur, v\u00e4xter och allemansr\u00e4tten p\u00e5 ett lustfyllt s\u00e4tt.<\/p>\n<p><strong>\u2013 Genom att satsa p\u00e5 det h\u00e4r f\u00e5r vi fler verktyg f\u00f6r att arbeta pedagogiskt utomhus.<\/strong> Vi blir en del av en st\u00f6rre friluftsgemenskap och det bidrar till att barnen utvecklar en vana av att vara ute i naturen och deras milj\u00f6medvetenhet \u00f6kar, s\u00e4ger Elina Lindqvist<\/p>\n<p><img decoding=\"async\" class=\"alignnone size-full wp-image-528\" src=\"https:\/\/www.europaskolan.se\/varfruberga\/wp-content\/uploads\/sites\/5\/2026\/04\/ESV_Ur_och_Skur-4.jpg\" alt=\"\" width=\"768\" height=\"886\" srcset=\"https:\/\/www.europaskolan.se\/varfruberga\/wp-content\/uploads\/sites\/5\/2026\/04\/ESV_Ur_och_Skur-4.jpg 768w, https:\/\/www.europaskolan.se\/varfruberga\/wp-content\/uploads\/sites\/5\/2026\/04\/ESV_Ur_och_Skur-4-260x300.jpg 260w\" sizes=\"(max-width: 768px) 100vw, 768px\" \/><\/p>\n<h6>Det kan vara bra att ha koll p\u00e5 vilka djur som g\u00f6r vilka sp\u00e5r ute i naturen.<\/h6>\n<p><img decoding=\"async\" class=\"alignnone size-full wp-image-526\" src=\"https:\/\/www.europaskolan.se\/varfruberga\/wp-content\/uploads\/sites\/5\/2026\/04\/ESV_Ur_och_Skur-2.jpg\" alt=\"\" width=\"480\" height=\"640\" srcset=\"https:\/\/www.europaskolan.se\/varfruberga\/wp-content\/uploads\/sites\/5\/2026\/04\/ESV_Ur_och_Skur-2.jpg 480w, https:\/\/www.europaskolan.se\/varfruberga\/wp-content\/uploads\/sites\/5\/2026\/04\/ESV_Ur_och_Skur-2-225x300.jpg 225w\" sizes=\"(max-width: 480px) 100vw, 480px\" \/><\/p>\n<h6>Tomtar och troll finns p\u00e5 riktigt, i alla fall i skogarna kring Europaskolan V\u00e5rfruberga.<\/h6>\n<p><img loading=\"lazy\" decoding=\"async\" class=\"alignnone size-full wp-image-527\" src=\"https:\/\/www.europaskolan.se\/varfruberga\/wp-content\/uploads\/sites\/5\/2026\/04\/ESV_Ur_och_Skur-3.jpg\" alt=\"\" width=\"570\" height=\"590\" srcset=\"https:\/\/www.europaskolan.se\/varfruberga\/wp-content\/uploads\/sites\/5\/2026\/04\/ESV_Ur_och_Skur-3.jpg 570w, https:\/\/www.europaskolan.se\/varfruberga\/wp-content\/uploads\/sites\/5\/2026\/04\/ESV_Ur_och_Skur-3-290x300.jpg 290w\" sizes=\"(max-width: 570px) 100vw, 570px\" \/><\/p>\n<h6>En av alla f\u00f6rdelar med att f\u00e5 vara ute i naturen \u00e4r att f\u00e5 se alla vackra m\u00f6nster som skapas, h\u00e4r ett torkat l\u00f6v.<\/h6>\n","protected":false},"excerpt":{"rendered":"<p>Att vara ute i naturen ger oss alla kraft och energi. Genom att satsa p\u00e5 pedagogik i ur och skur vill Europaskolan V\u00e5rfruberga skapa f\u00f6ruts\u00e4ttningar f\u00f6r f\u00f6rskolans medarbetare att undervisa barnen i en utomhusmilj\u00f6. F\u00f6rdelarna \u00e4r m\u00e5nga. Just nu p\u00e5g\u00e5r en riktad satsning p\u00e5 Europaskolan V\u00e5rfruberga d\u00e4r skolans f\u00f6rskolepedagoger f\u00e5r en utbildning i konceptet Ur [&hellip;]<\/p>\n","protected":false},"author":2,"featured_media":0,"comment_status":"open","ping_status":"open","sticky":false,"template":"","format":"standard","meta":{"footnotes":""},"categories":[4],"tags":[],"class_list":["post-523","post","type-post","status-publish","format-standard","hentry","category-aktuellt-europaskolan-varfruberga"],"blocksy_meta":[],"rttpg_featured_image_url":null,"rttpg_author":{"display_name":"camilla","author_link":"https:\/\/www.europaskolan.se\/varfruberga\/author\/camilla\/"},"rttpg_comment":0,"rttpg_category":"<a href=\"https:\/\/www.europaskolan.se\/varfruberga\/category\/aktuellt-europaskolan-varfruberga\/\" rel=\"category tag\">Aktuellt \u2013 Europaskolan V\u00e5rfruberga<\/a>","rttpg_excerpt":"Att vara ute i naturen ger oss alla kraft och energi. Genom att satsa p\u00e5 pedagogik i ur och skur vill Europaskolan V\u00e5rfruberga skapa f\u00f6ruts\u00e4ttningar f\u00f6r f\u00f6rskolans medarbetare att undervisa barnen i en utomhusmilj\u00f6. F\u00f6rdelarna \u00e4r m\u00e5nga. Just nu p\u00e5g\u00e5r en riktad satsning p\u00e5 Europaskolan V\u00e5rfruberga d\u00e4r skolans f\u00f6rskolepedagoger f\u00e5r en utbildning i konceptet Ur&hellip;","_links":{"self":[{"href":"https:\/\/www.europaskolan.se\/varfruberga\/wp-json\/wp\/v2\/posts\/523","targetHints":{"allow":["GET"]}}],"collection":[{"href":"https:\/\/www.europaskolan.se\/varfruberga\/wp-json\/wp\/v2\/posts"}],"about":[{"href":"https:\/\/www.europaskolan.se\/varfruberga\/wp-json\/wp\/v2\/types\/post"}],"author":[{"embeddable":true,"href":"https:\/\/www.europaskolan.se\/varfruberga\/wp-json\/wp\/v2\/users\/2"}],"replies":[{"embeddable":true,"href":"https:\/\/www.europaskolan.se\/varfruberga\/wp-json\/wp\/v2\/comments?post=523"}],"version-history":[{"count":0,"href":"https:\/\/www.europaskolan.se\/varfruberga\/wp-json\/wp\/v2\/posts\/523\/revisions"}],"wp:attachment":[{"href":"https:\/\/www.europaskolan.se\/varfruberga\/wp-json\/wp\/v2\/media?parent=523"}],"wp:term":[{"taxonomy":"category","embeddable":true,"href":"https:\/\/www.europaskolan.se\/varfruberga\/wp-json\/wp\/v2\/categories?post=523"},{"taxonomy":"post_tag","embeddable":true,"href":"https:\/\/www.europaskolan.se\/varfruberga\/wp-json\/wp\/v2\/tags?post=523"}],"curies":[{"name":"wp","href":"https:\/\/api.w.org\/{rel}","templated":true}]}}