{"id":462,"date":"2026-03-06T11:45:28","date_gmt":"2026-03-06T10:45:28","guid":{"rendered":"https:\/\/www.europaskolan.se\/varfruberga\/?p=462"},"modified":"2026-03-06T11:45:28","modified_gmt":"2026-03-06T10:45:28","slug":"bland-kapphastar-sang-och-vanlighet-pa-europaskolan-varfruberga","status":"publish","type":"post","link":"https:\/\/www.europaskolan.se\/varfruberga\/2026\/03\/06\/bland-kapphastar-sang-och-vanlighet-pa-europaskolan-varfruberga\/","title":{"rendered":"Bland k\u00e4pph\u00e4star, s\u00e5ng och v\u00e4nlighet p\u00e5 Europaskolan V\u00e5rfruberga"},"content":{"rendered":"<p data-start=\"146\" data-end=\"414\"><em>Det h\u00e4nder mycket under en termin p\u00e5 f\u00f6rskolan. Under februari har barnen f\u00e5tt bygga egna k\u00e4pph\u00e4star och t\u00e4vlat med dem i idrottshallen. Barnen har haft sin egen melodifestival och under V\u00e4nliga veckan har barnen f\u00e5tt prata om vad det \u00e4r som g\u00f6r en riktigt bra kompis.<\/em><\/p>\n<p data-start=\"146\" data-end=\"414\"><img fetchpriority=\"high\" decoding=\"async\" class=\"alignnone size-full wp-image-465\" src=\"https:\/\/www.europaskolan.se\/varfruberga\/wp-content\/uploads\/sites\/5\/2026\/03\/ESV_Blandat-1.jpg\" alt=\"\" width=\"1500\" height=\"1964\" srcset=\"https:\/\/www.europaskolan.se\/varfruberga\/wp-content\/uploads\/sites\/5\/2026\/03\/ESV_Blandat-1.jpg 1500w, https:\/\/www.europaskolan.se\/varfruberga\/wp-content\/uploads\/sites\/5\/2026\/03\/ESV_Blandat-1-229x300.jpg 229w, https:\/\/www.europaskolan.se\/varfruberga\/wp-content\/uploads\/sites\/5\/2026\/03\/ESV_Blandat-1-782x1024.jpg 782w, https:\/\/www.europaskolan.se\/varfruberga\/wp-content\/uploads\/sites\/5\/2026\/03\/ESV_Blandat-1-768x1006.jpg 768w, https:\/\/www.europaskolan.se\/varfruberga\/wp-content\/uploads\/sites\/5\/2026\/03\/ESV_Blandat-1-1173x1536.jpg 1173w\" sizes=\"(max-width: 1500px) 100vw, 1500px\" \/><\/p>\n<h6 data-start=\"146\" data-end=\"414\">Det \u00e4r inte helt enkelt att konstruera sin egen k\u00e4pph\u00e4st men det gick till slut.<\/h6>\n<p data-start=\"416\" data-end=\"1012\"><strong>P\u00e5 avdelningen Ugglan, d\u00e4r v\u00e5ra \u00e4ldsta barn g\u00e5r,<\/strong> har barnen arbetat med ett kreativt och inspirerande projekt d\u00e4r de skapat egna k\u00e4pph\u00e4star. Barnen l\u00e4ste boken <em data-start=\"576\" data-end=\"590\">En egen h\u00e4st<\/em>, som v\u00e4ckte b\u00e5de fantasi och skaparlust. Inspirerade av ber\u00e4ttelsen fick de designa och tillverka sina egna k\u00e4pph\u00e4star. Det var ett pillrigt arbete d\u00e4r barnen verkligen fick tr\u00e4na sin finmotorik n\u00e4r de klippte, klistrade och skapade. N\u00e4r h\u00e4starna var f\u00e4rdiga fick de f\u00f6lja med till idrottshallen, d\u00e4r barnen anv\u00e4nde dem i lek och r\u00f6relse. Ett projekt som kombinerade skapande, l\u00e4sgl\u00e4dje och r\u00f6relse p\u00e5 ett lustfyllt s\u00e4tt.<\/p>\n<p data-start=\"416\" data-end=\"1012\"><img decoding=\"async\" class=\"alignnone size-full wp-image-466\" src=\"https:\/\/www.europaskolan.se\/varfruberga\/wp-content\/uploads\/sites\/5\/2026\/03\/ESV_Blandat-2.jpg\" alt=\"\" width=\"1500\" height=\"1770\" srcset=\"https:\/\/www.europaskolan.se\/varfruberga\/wp-content\/uploads\/sites\/5\/2026\/03\/ESV_Blandat-2.jpg 1500w, https:\/\/www.europaskolan.se\/varfruberga\/wp-content\/uploads\/sites\/5\/2026\/03\/ESV_Blandat-2-254x300.jpg 254w, https:\/\/www.europaskolan.se\/varfruberga\/wp-content\/uploads\/sites\/5\/2026\/03\/ESV_Blandat-2-868x1024.jpg 868w, https:\/\/www.europaskolan.se\/varfruberga\/wp-content\/uploads\/sites\/5\/2026\/03\/ESV_Blandat-2-768x906.jpg 768w, https:\/\/www.europaskolan.se\/varfruberga\/wp-content\/uploads\/sites\/5\/2026\/03\/ESV_Blandat-2-1302x1536.jpg 1302w\" sizes=\"(max-width: 1500px) 100vw, 1500px\" \/><\/p>\n<h6 data-start=\"416\" data-end=\"1012\">F\u00e4rg och form \u00e4r viktigt under melodifestivalen, och allt f\u00f6rbereds noggrant inf\u00f6r s\u00e5ngframtr\u00e4dandet.<\/h6>\n<p data-start=\"1014\" data-end=\"1480\"><strong>Melodifestivalen \u00e4r i full g\u00e5ng \u00e4ven h\u00e4r hos oss p\u00e5 Europaskolan V\u00e5rfrubergas f\u00f6rskola.<\/strong> Aktiviteten pr\u00e4glas av musikgl\u00e4dje och gemenskap. Barnen har f\u00e5tt lyssna p\u00e5 bidragen och r\u00f6stat p\u00e5 sina favoriter. Vi har pratat om hur en omr\u00f6stning g\u00e5r till och barnen har f\u00e5tt vara med och tycka till, r\u00e4kna r\u00f6sterna och se vilket bidrag som f\u00e5tt flest po\u00e4ng. Sj\u00e4lvklart har vi ocks\u00e5 dansat, sjungit och hejat p\u00e5 varandra. Dagarna \u00e4r fyllda av r\u00f6relse, gl\u00e4dje och h\u00e4rlig st\u00e4mning.<\/p>\n<p data-start=\"1482\" data-end=\"2008\"><strong>Under V\u00e4nliga veckan p\u00e5 f\u00f6rskolan har vi haft extra fokus p\u00e5 hur en bra kompis \u00e4r<\/strong> och hur vi tillsammans skapar en trygg och fin milj\u00f6 f\u00f6r alla. Under samlingarna har vi diskuterat hur vi kan vara sn\u00e4lla, hj\u00e4lpsamma och omt\u00e4nksamma mot varandra. Barnen har f\u00e5tt dela med sig av sina egna tankar kring vad som k\u00e4nnetecknar en bra kompis och vad som g\u00f6r dem glada.<\/p>\n<p data-start=\"1482\" data-end=\"2008\"><img decoding=\"async\" class=\"alignnone size-full wp-image-467\" src=\"https:\/\/www.europaskolan.se\/varfruberga\/wp-content\/uploads\/sites\/5\/2026\/03\/ESV_Blandat-4.jpg\" alt=\"\" width=\"1500\" height=\"2000\" srcset=\"https:\/\/www.europaskolan.se\/varfruberga\/wp-content\/uploads\/sites\/5\/2026\/03\/ESV_Blandat-4.jpg 1500w, https:\/\/www.europaskolan.se\/varfruberga\/wp-content\/uploads\/sites\/5\/2026\/03\/ESV_Blandat-4-225x300.jpg 225w, https:\/\/www.europaskolan.se\/varfruberga\/wp-content\/uploads\/sites\/5\/2026\/03\/ESV_Blandat-4-768x1024.jpg 768w, https:\/\/www.europaskolan.se\/varfruberga\/wp-content\/uploads\/sites\/5\/2026\/03\/ESV_Blandat-4-1152x1536.jpg 1152w\" sizes=\"(max-width: 1500px) 100vw, 1500px\" \/><\/p>\n<h6 data-start=\"1482\" data-end=\"2008\">V\u00e4rme och v\u00e4nlighet \u00e4r alltid viktigt, liksom ett gott hj\u00e4rta.<\/h6>\n<p data-start=\"1482\" data-end=\"2008\"><strong>Genom samtal, reflektion och gemensamma aktiviteter<\/strong> har vi st\u00e4rkt gemenskapen i barngruppen och lyft vikten av att visa respekt, empati och v\u00e4nlighet i vardagen.<\/p>\n<p data-start=\"1482\" data-end=\"2008\"><img loading=\"lazy\" decoding=\"async\" class=\"alignnone size-full wp-image-464\" src=\"https:\/\/www.europaskolan.se\/varfruberga\/wp-content\/uploads\/sites\/5\/2026\/03\/ESV_Blandat-3.jpg\" alt=\"\" width=\"991\" height=\"1058\" srcset=\"https:\/\/www.europaskolan.se\/varfruberga\/wp-content\/uploads\/sites\/5\/2026\/03\/ESV_Blandat-3.jpg 991w, https:\/\/www.europaskolan.se\/varfruberga\/wp-content\/uploads\/sites\/5\/2026\/03\/ESV_Blandat-3-281x300.jpg 281w, https:\/\/www.europaskolan.se\/varfruberga\/wp-content\/uploads\/sites\/5\/2026\/03\/ESV_Blandat-3-959x1024.jpg 959w, https:\/\/www.europaskolan.se\/varfruberga\/wp-content\/uploads\/sites\/5\/2026\/03\/ESV_Blandat-3-768x820.jpg 768w\" sizes=\"(max-width: 991px) 100vw, 991px\" \/><\/p>\n<h6 data-start=\"1482\" data-end=\"2008\">Under V\u00e4nliga veckan p\u00e5 Europaskolan V\u00e5rfruberga fick barnen l\u00e4ra sig hur viktigt det \u00e4r att visa h\u00e4nsyn och st\u00f6tta en kompis.<\/h6>\n","protected":false},"excerpt":{"rendered":"<p>Det h\u00e4nder mycket under en termin p\u00e5 f\u00f6rskolan. Under februari har barnen f\u00e5tt bygga egna k\u00e4pph\u00e4star och t\u00e4vlat med dem i idrottshallen. Barnen har haft sin egen melodifestival och under V\u00e4nliga veckan har barnen f\u00e5tt prata om vad det \u00e4r som g\u00f6r en riktigt bra kompis. Det \u00e4r inte helt enkelt att konstruera sin egen [&hellip;]<\/p>\n","protected":false},"author":2,"featured_media":468,"comment_status":"open","ping_status":"open","sticky":false,"template":"","format":"standard","meta":{"footnotes":""},"categories":[4],"tags":[],"class_list":["post-462","post","type-post","status-publish","format-standard","has-post-thumbnail","hentry","category-aktuellt-europaskolan-varfruberga"],"blocksy_meta":[],"rttpg_featured_image_url":{"full":["https:\/\/www.europaskolan.se\/varfruberga\/wp-content\/uploads\/sites\/5\/2026\/03\/ESV_Blandat-4U.jpg",500,380,false],"landscape":["https:\/\/www.europaskolan.se\/varfruberga\/wp-content\/uploads\/sites\/5\/2026\/03\/ESV_Blandat-4U.jpg",500,380,false],"portraits":["https:\/\/www.europaskolan.se\/varfruberga\/wp-content\/uploads\/sites\/5\/2026\/03\/ESV_Blandat-4U.jpg",500,380,false],"thumbnail":["https:\/\/www.europaskolan.se\/varfruberga\/wp-content\/uploads\/sites\/5\/2026\/03\/ESV_Blandat-4U-150x150.jpg",150,150,true],"medium":["https:\/\/www.europaskolan.se\/varfruberga\/wp-content\/uploads\/sites\/5\/2026\/03\/ESV_Blandat-4U-300x228.jpg",300,228,true],"large":["https:\/\/www.europaskolan.se\/varfruberga\/wp-content\/uploads\/sites\/5\/2026\/03\/ESV_Blandat-4U.jpg",500,380,false],"1536x1536":["https:\/\/www.europaskolan.se\/varfruberga\/wp-content\/uploads\/sites\/5\/2026\/03\/ESV_Blandat-4U.jpg",500,380,false],"2048x2048":["https:\/\/www.europaskolan.se\/varfruberga\/wp-content\/uploads\/sites\/5\/2026\/03\/ESV_Blandat-4U.jpg",500,380,false],"sow-carousel-default":["https:\/\/www.europaskolan.se\/varfruberga\/wp-content\/uploads\/sites\/5\/2026\/03\/ESV_Blandat-4U-272x182.jpg",272,182,true]},"rttpg_author":{"display_name":"camilla","author_link":"https:\/\/www.europaskolan.se\/varfruberga\/author\/camilla\/"},"rttpg_comment":0,"rttpg_category":"<a href=\"https:\/\/www.europaskolan.se\/varfruberga\/category\/aktuellt-europaskolan-varfruberga\/\" rel=\"category tag\">Aktuellt \u2013 Europaskolan V\u00e5rfruberga<\/a>","rttpg_excerpt":"Det h\u00e4nder mycket under en termin p\u00e5 f\u00f6rskolan. Under februari har barnen f\u00e5tt bygga egna k\u00e4pph\u00e4star och t\u00e4vlat med dem i idrottshallen. Barnen har haft sin egen melodifestival och under V\u00e4nliga veckan har barnen f\u00e5tt prata om vad det \u00e4r som g\u00f6r en riktigt bra kompis. Det \u00e4r inte helt enkelt att konstruera sin egen&hellip;","_links":{"self":[{"href":"https:\/\/www.europaskolan.se\/varfruberga\/wp-json\/wp\/v2\/posts\/462","targetHints":{"allow":["GET"]}}],"collection":[{"href":"https:\/\/www.europaskolan.se\/varfruberga\/wp-json\/wp\/v2\/posts"}],"about":[{"href":"https:\/\/www.europaskolan.se\/varfruberga\/wp-json\/wp\/v2\/types\/post"}],"author":[{"embeddable":true,"href":"https:\/\/www.europaskolan.se\/varfruberga\/wp-json\/wp\/v2\/users\/2"}],"replies":[{"embeddable":true,"href":"https:\/\/www.europaskolan.se\/varfruberga\/wp-json\/wp\/v2\/comments?post=462"}],"version-history":[{"count":0,"href":"https:\/\/www.europaskolan.se\/varfruberga\/wp-json\/wp\/v2\/posts\/462\/revisions"}],"wp:featuredmedia":[{"embeddable":true,"href":"https:\/\/www.europaskolan.se\/varfruberga\/wp-json\/wp\/v2\/media\/468"}],"wp:attachment":[{"href":"https:\/\/www.europaskolan.se\/varfruberga\/wp-json\/wp\/v2\/media?parent=462"}],"wp:term":[{"taxonomy":"category","embeddable":true,"href":"https:\/\/www.europaskolan.se\/varfruberga\/wp-json\/wp\/v2\/categories?post=462"},{"taxonomy":"post_tag","embeddable":true,"href":"https:\/\/www.europaskolan.se\/varfruberga\/wp-json\/wp\/v2\/tags?post=462"}],"curies":[{"name":"wp","href":"https:\/\/api.w.org\/{rel}","templated":true}]}}