{"id":369,"date":"2025-11-03T13:03:58","date_gmt":"2025-11-03T12:03:58","guid":{"rendered":"https:\/\/www.europaskolan.se\/varfruberga\/?p=369"},"modified":"2025-11-03T13:08:05","modified_gmt":"2025-11-03T12:08:05","slug":"valkommen-pa-oppet-hus-pa-europaskolan-varfruberga","status":"publish","type":"post","link":"https:\/\/www.europaskolan.se\/varfruberga\/2025\/11\/03\/valkommen-pa-oppet-hus-pa-europaskolan-varfruberga\/","title":{"rendered":"V\u00e4lkommen p\u00e5 \u00d6ppet hus p\u00e5 Europaskolan V\u00e5rfruberga"},"content":{"rendered":"<p><img fetchpriority=\"high\" decoding=\"async\" class=\"alignnone size-full wp-image-378\" src=\"https:\/\/www.europaskolan.se\/varfruberga\/wp-content\/uploads\/sites\/5\/2025\/11\/ESV_BILDSPEL-2025-19.jpg\" alt=\"\" width=\"2000\" height=\"1340\" srcset=\"https:\/\/www.europaskolan.se\/varfruberga\/wp-content\/uploads\/sites\/5\/2025\/11\/ESV_BILDSPEL-2025-19.jpg 2000w, https:\/\/www.europaskolan.se\/varfruberga\/wp-content\/uploads\/sites\/5\/2025\/11\/ESV_BILDSPEL-2025-19-300x201.jpg 300w, https:\/\/www.europaskolan.se\/varfruberga\/wp-content\/uploads\/sites\/5\/2025\/11\/ESV_BILDSPEL-2025-19-1024x686.jpg 1024w, https:\/\/www.europaskolan.se\/varfruberga\/wp-content\/uploads\/sites\/5\/2025\/11\/ESV_BILDSPEL-2025-19-768x515.jpg 768w, https:\/\/www.europaskolan.se\/varfruberga\/wp-content\/uploads\/sites\/5\/2025\/11\/ESV_BILDSPEL-2025-19-1536x1029.jpg 1536w, https:\/\/www.europaskolan.se\/varfruberga\/wp-content\/uploads\/sites\/5\/2025\/11\/ESV_BILDSPEL-2025-19-272x182.jpg 272w\" sizes=\"(max-width: 2000px) 100vw, 2000px\" \/><\/p>\n<p><em>Den 26 november kl. 17.00\u201319.00 \u00f6ppnar vi d\u00f6rrarna till Europaskolan V\u00e5rfruberga och h\u00e4lsar alla nuvarande, blivande och nyfikna familjer varmt v\u00e4lkomna!<\/em><\/p>\n<p><strong>Under kv\u00e4llen f\u00e5r du m\u00f6jlighet att bes\u00f6ka v\u00e5ra milj\u00f6er,<\/strong> l\u00e4ra k\u00e4nna v\u00e5r verksamhet inom skola, f\u00f6rskola och fritids, samt tr\u00e4ffa v\u00e5ra engagerade l\u00e4rare och pedagoger som g\u00e4rna ber\u00e4ttar mer och svarar p\u00e5 fr\u00e5gor.<\/p>\n<p><strong>Vi bjuder p\u00e5 gl\u00f6gg och pepparkakor vid brasan<\/strong> \u2013 en fin stund att m\u00f6tas och samtala om hur vi tillsammans skapar en trygg och inspirerande l\u00e4randemilj\u00f6.<\/p>\n<p><strong><span style=\"color: #004c99;\">Trygghet ger kunskap, kunskap ger trygghet.<\/span><\/strong><\/p>\n<p><em>Varmt v\u00e4lkommen till en kv\u00e4ll fylld av v\u00e4rme, gemenskap och framtidstro!<\/em><\/p>\n<p><img decoding=\"async\" class=\"alignnone wp-image-371 size-full\" src=\"https:\/\/www.europaskolan.se\/varfruberga\/wp-content\/uploads\/sites\/5\/2025\/11\/ESV_Besoksdag-1.jpg\" alt=\"\" width=\"960\" height=\"552\" srcset=\"https:\/\/www.europaskolan.se\/varfruberga\/wp-content\/uploads\/sites\/5\/2025\/11\/ESV_Besoksdag-1.jpg 960w, https:\/\/www.europaskolan.se\/varfruberga\/wp-content\/uploads\/sites\/5\/2025\/11\/ESV_Besoksdag-1-300x173.jpg 300w, https:\/\/www.europaskolan.se\/varfruberga\/wp-content\/uploads\/sites\/5\/2025\/11\/ESV_Besoksdag-1-768x442.jpg 768w\" sizes=\"(max-width: 960px) 100vw, 960px\" \/><\/p>\n<p><img decoding=\"async\" class=\"alignnone size-full wp-image-373\" src=\"https:\/\/www.europaskolan.se\/varfruberga\/wp-content\/uploads\/sites\/5\/2025\/11\/ESV_Besoksdag-3.jpg\" alt=\"\" width=\"1500\" height=\"650\" srcset=\"https:\/\/www.europaskolan.se\/varfruberga\/wp-content\/uploads\/sites\/5\/2025\/11\/ESV_Besoksdag-3.jpg 1500w, https:\/\/www.europaskolan.se\/varfruberga\/wp-content\/uploads\/sites\/5\/2025\/11\/ESV_Besoksdag-3-300x130.jpg 300w, https:\/\/www.europaskolan.se\/varfruberga\/wp-content\/uploads\/sites\/5\/2025\/11\/ESV_Besoksdag-3-1024x444.jpg 1024w, https:\/\/www.europaskolan.se\/varfruberga\/wp-content\/uploads\/sites\/5\/2025\/11\/ESV_Besoksdag-3-768x333.jpg 768w\" sizes=\"(max-width: 1500px) 100vw, 1500px\" \/><\/p>\n<p><img loading=\"lazy\" decoding=\"async\" class=\"alignnone wp-image-372 size-full\" src=\"https:\/\/www.europaskolan.se\/varfruberga\/wp-content\/uploads\/sites\/5\/2025\/11\/ESV_Besoksdag-2.jpg\" alt=\"\" width=\"1500\" height=\"650\" srcset=\"https:\/\/www.europaskolan.se\/varfruberga\/wp-content\/uploads\/sites\/5\/2025\/11\/ESV_Besoksdag-2.jpg 1500w, https:\/\/www.europaskolan.se\/varfruberga\/wp-content\/uploads\/sites\/5\/2025\/11\/ESV_Besoksdag-2-300x130.jpg 300w, https:\/\/www.europaskolan.se\/varfruberga\/wp-content\/uploads\/sites\/5\/2025\/11\/ESV_Besoksdag-2-1024x444.jpg 1024w, https:\/\/www.europaskolan.se\/varfruberga\/wp-content\/uploads\/sites\/5\/2025\/11\/ESV_Besoksdag-2-768x333.jpg 768w\" sizes=\"(max-width: 1500px) 100vw, 1500px\" \/><\/p>\n","protected":false},"excerpt":{"rendered":"<p>Den 26 november kl. 17.00\u201319.00 \u00f6ppnar vi d\u00f6rrarna till Europaskolan V\u00e5rfruberga och h\u00e4lsar alla nuvarande, blivande och nyfikna familjer varmt v\u00e4lkomna! Under kv\u00e4llen f\u00e5r du m\u00f6jlighet att bes\u00f6ka v\u00e5ra milj\u00f6er, l\u00e4ra k\u00e4nna v\u00e5r verksamhet inom skola, f\u00f6rskola och fritids, samt tr\u00e4ffa v\u00e5ra engagerade l\u00e4rare och pedagoger som g\u00e4rna ber\u00e4ttar mer och svarar p\u00e5 fr\u00e5gor. Vi [&hellip;]<\/p>\n","protected":false},"author":2,"featured_media":374,"comment_status":"open","ping_status":"open","sticky":false,"template":"","format":"standard","meta":{"footnotes":""},"categories":[4],"tags":[],"class_list":["post-369","post","type-post","status-publish","format-standard","has-post-thumbnail","hentry","category-aktuellt-europaskolan-varfruberga"],"blocksy_meta":[],"rttpg_featured_image_url":{"full":["https:\/\/www.europaskolan.se\/varfruberga\/wp-content\/uploads\/sites\/5\/2025\/11\/ESV_Besoksdag-4U.jpg",500,380,false],"landscape":["https:\/\/www.europaskolan.se\/varfruberga\/wp-content\/uploads\/sites\/5\/2025\/11\/ESV_Besoksdag-4U.jpg",500,380,false],"portraits":["https:\/\/www.europaskolan.se\/varfruberga\/wp-content\/uploads\/sites\/5\/2025\/11\/ESV_Besoksdag-4U.jpg",500,380,false],"thumbnail":["https:\/\/www.europaskolan.se\/varfruberga\/wp-content\/uploads\/sites\/5\/2025\/11\/ESV_Besoksdag-4U-150x150.jpg",150,150,true],"medium":["https:\/\/www.europaskolan.se\/varfruberga\/wp-content\/uploads\/sites\/5\/2025\/11\/ESV_Besoksdag-4U-300x228.jpg",300,228,true],"large":["https:\/\/www.europaskolan.se\/varfruberga\/wp-content\/uploads\/sites\/5\/2025\/11\/ESV_Besoksdag-4U.jpg",500,380,false],"1536x1536":["https:\/\/www.europaskolan.se\/varfruberga\/wp-content\/uploads\/sites\/5\/2025\/11\/ESV_Besoksdag-4U.jpg",500,380,false],"2048x2048":["https:\/\/www.europaskolan.se\/varfruberga\/wp-content\/uploads\/sites\/5\/2025\/11\/ESV_Besoksdag-4U.jpg",500,380,false],"sow-carousel-default":["https:\/\/www.europaskolan.se\/varfruberga\/wp-content\/uploads\/sites\/5\/2025\/11\/ESV_Besoksdag-4U-272x182.jpg",272,182,true]},"rttpg_author":{"display_name":"camilla","author_link":"https:\/\/www.europaskolan.se\/varfruberga\/author\/camilla\/"},"rttpg_comment":0,"rttpg_category":"<a href=\"https:\/\/www.europaskolan.se\/varfruberga\/category\/aktuellt-europaskolan-varfruberga\/\" rel=\"category tag\">Aktuellt \u2013 Europaskolan V\u00e5rfruberga<\/a>","rttpg_excerpt":"Den 26 november kl. 17.00\u201319.00 \u00f6ppnar vi d\u00f6rrarna till Europaskolan V\u00e5rfruberga och h\u00e4lsar alla nuvarande, blivande och nyfikna familjer varmt v\u00e4lkomna! Under kv\u00e4llen f\u00e5r du m\u00f6jlighet att bes\u00f6ka v\u00e5ra milj\u00f6er, l\u00e4ra k\u00e4nna v\u00e5r verksamhet inom skola, f\u00f6rskola och fritids, samt tr\u00e4ffa v\u00e5ra engagerade l\u00e4rare och pedagoger som g\u00e4rna ber\u00e4ttar mer och svarar p\u00e5 fr\u00e5gor. Vi&hellip;","_links":{"self":[{"href":"https:\/\/www.europaskolan.se\/varfruberga\/wp-json\/wp\/v2\/posts\/369","targetHints":{"allow":["GET"]}}],"collection":[{"href":"https:\/\/www.europaskolan.se\/varfruberga\/wp-json\/wp\/v2\/posts"}],"about":[{"href":"https:\/\/www.europaskolan.se\/varfruberga\/wp-json\/wp\/v2\/types\/post"}],"author":[{"embeddable":true,"href":"https:\/\/www.europaskolan.se\/varfruberga\/wp-json\/wp\/v2\/users\/2"}],"replies":[{"embeddable":true,"href":"https:\/\/www.europaskolan.se\/varfruberga\/wp-json\/wp\/v2\/comments?post=369"}],"version-history":[{"count":0,"href":"https:\/\/www.europaskolan.se\/varfruberga\/wp-json\/wp\/v2\/posts\/369\/revisions"}],"wp:featuredmedia":[{"embeddable":true,"href":"https:\/\/www.europaskolan.se\/varfruberga\/wp-json\/wp\/v2\/media\/374"}],"wp:attachment":[{"href":"https:\/\/www.europaskolan.se\/varfruberga\/wp-json\/wp\/v2\/media?parent=369"}],"wp:term":[{"taxonomy":"category","embeddable":true,"href":"https:\/\/www.europaskolan.se\/varfruberga\/wp-json\/wp\/v2\/categories?post=369"},{"taxonomy":"post_tag","embeddable":true,"href":"https:\/\/www.europaskolan.se\/varfruberga\/wp-json\/wp\/v2\/tags?post=369"}],"curies":[{"name":"wp","href":"https:\/\/api.w.org\/{rel}","templated":true}]}}