{"id":345,"date":"2025-10-20T13:09:53","date_gmt":"2025-10-20T11:09:53","guid":{"rendered":"https:\/\/www.europaskolan.se\/varfruberga\/?p=345"},"modified":"2025-10-20T13:09:53","modified_gmt":"2025-10-20T11:09:53","slug":"satsningar-inne-och-ute-gor-europaskolan-varfruberga-toppmodern","status":"publish","type":"post","link":"https:\/\/www.europaskolan.se\/varfruberga\/2025\/10\/20\/satsningar-inne-och-ute-gor-europaskolan-varfruberga-toppmodern\/","title":{"rendered":"Satsningar inne och ute g\u00f6r Europaskolan V\u00e5rfruberga toppmodern"},"content":{"rendered":"<p data-start=\"747\" data-end=\"888\"><img fetchpriority=\"high\" decoding=\"async\" class=\"alignnone size-full wp-image-280\" src=\"https:\/\/www.europaskolan.se\/varfruberga\/wp-content\/uploads\/sites\/5\/2025\/09\/ESV-Inlagg_Terminstart-1.jpg\" alt=\"\" width=\"1060\" height=\"782\" srcset=\"https:\/\/www.europaskolan.se\/varfruberga\/wp-content\/uploads\/sites\/5\/2025\/09\/ESV-Inlagg_Terminstart-1.jpg 1060w, https:\/\/www.europaskolan.se\/varfruberga\/wp-content\/uploads\/sites\/5\/2025\/09\/ESV-Inlagg_Terminstart-1-300x221.jpg 300w, https:\/\/www.europaskolan.se\/varfruberga\/wp-content\/uploads\/sites\/5\/2025\/09\/ESV-Inlagg_Terminstart-1-1024x755.jpg 1024w, https:\/\/www.europaskolan.se\/varfruberga\/wp-content\/uploads\/sites\/5\/2025\/09\/ESV-Inlagg_Terminstart-1-768x567.jpg 768w\" sizes=\"(max-width: 1060px) 100vw, 1060px\" \/><\/p>\n<p data-start=\"747\" data-end=\"888\"><em>Vid ett bes\u00f6k p\u00e5 Europaskolan V\u00e5rfruberga sl\u00e5s du inte bara av hur natursk\u00f6n omgivningen \u00e4r \u2013 lokalerna \u00e4r i toppskick och ytorna gener\u00f6sa<\/em>.<\/p>\n<p data-start=\"890\" data-end=\"1130\"><strong>\u2013 Vi har satsat en hel del p\u00e5 b\u00e5de utemilj\u00f6n och v\u00e5ra undervisningslokaler.<\/strong> Satsningen p\u00e5 lokalerna har m\u00f6jliggjorts genom medel fr\u00e5n Skolverket, s\u00e4ger skolans rektor Nina Widell stolt n\u00e4r hon h\u00e4lsar v\u00e4lkommen en solig morgon i september.<\/p>\n<p data-start=\"1132\" data-end=\"1354\"><strong>Nina vill lyfta fram speciall\u00e4raren Annelie Westerberg,<\/strong> som har gjort stora insatser f\u00f6r studieverksamheten och fortbildningen av medarbetarna inom NPF (neuropsykiatriska funktionsneds\u00e4ttningar) och specialpedagogik.<\/p>\n<p data-start=\"1356\" data-end=\"1545\"><strong>\u2013 Vi har flera nya ytor d\u00e4r eleverna kan studera i anpassad och lugn milj\u00f6,<\/strong> vilket \u00e4r viktigt f\u00f6r att skapa s\u00e5 bra f\u00f6ruts\u00e4ttningar som m\u00f6jligt f\u00f6r s\u00e5 m\u00e5nga elever som m\u00f6jligt, s\u00e4ger Nina.<\/p>\n<p data-start=\"1547\" data-end=\"1761\"><strong>Lokalerna k\u00e4nns moderna och f\u00e4rgvalen \u00e4r gjorda med eftertanke.<\/strong> Klassrummen har ljudd\u00e4mpande inslag, och \u00e4ven korridorerna och matsalen har f\u00e5tt sig ett ansiktslyft. Lokalytorna \u00e4r ljusa, gener\u00f6sa och inbjudande.<\/p>\n<p data-start=\"1763\" data-end=\"2007\"><strong>\u2013 Det handlar egentligen om en helrenovering<\/strong> av den pedagogiska milj\u00f6n. Det m\u00e4rks att b\u00e5de medarbetare och elever trivs. Vi har flera pingisbord utomhus och nya grillplatser runt om p\u00e5 skolg\u00e5rden, s\u00e4ger en m\u00e4rkbart stolt och n\u00f6jd Nina Widell.<\/p>\n<p data-start=\"2009\" data-end=\"2282\"><strong>Skolan har ocks\u00e5 f\u00e5tt en helt ny altan<\/strong> som bland annat ska fungera som scen vid skolavslutningar. Fasaderna har renoverats i ljusa f\u00e4rger. F\u00f6rhoppningen \u00e4r att de nya taken och fasaderna ska bidra till att energif\u00f6rbrukningen sjunker och d\u00e4rmed spara pengar n\u00e4r vintern kommer.<\/p>\n<p data-start=\"2284\" data-end=\"2402\"><strong>\u2013 Det \u00e4r roligare att l\u00e4gga resurserna p\u00e5 k\u00e4rnverksamheten<\/strong> \u00e4n p\u00e5 on\u00f6digt h\u00f6ga energikostnader, avslutar Nina Widell.<\/p>\n<p data-start=\"2284\" data-end=\"2402\"><img decoding=\"async\" class=\"alignnone size-full wp-image-348\" src=\"https:\/\/www.europaskolan.se\/varfruberga\/wp-content\/uploads\/sites\/5\/2025\/10\/ESV_Lyft_Lokaler-1.jpg\" alt=\"\" width=\"1500\" height=\"996\" srcset=\"https:\/\/www.europaskolan.se\/varfruberga\/wp-content\/uploads\/sites\/5\/2025\/10\/ESV_Lyft_Lokaler-1.jpg 1500w, https:\/\/www.europaskolan.se\/varfruberga\/wp-content\/uploads\/sites\/5\/2025\/10\/ESV_Lyft_Lokaler-1-300x199.jpg 300w, https:\/\/www.europaskolan.se\/varfruberga\/wp-content\/uploads\/sites\/5\/2025\/10\/ESV_Lyft_Lokaler-1-1024x680.jpg 1024w, https:\/\/www.europaskolan.se\/varfruberga\/wp-content\/uploads\/sites\/5\/2025\/10\/ESV_Lyft_Lokaler-1-768x510.jpg 768w, https:\/\/www.europaskolan.se\/varfruberga\/wp-content\/uploads\/sites\/5\/2025\/10\/ESV_Lyft_Lokaler-1-272x182.jpg 272w\" sizes=\"(max-width: 1500px) 100vw, 1500px\" \/><\/p>\n<h6 data-start=\"2284\" data-end=\"2402\">Nya fasader ger byggnaderna p\u00e5 Europaskolan V\u00e5rfruberga ett ordentligt lyft. Nya och \u00e4ldre byggnader samsas p\u00e5 samma skolg\u00e5rd, d\u00e4r det \u00e4ven finns flera pingisbord ute p\u00e5 skolg\u00e5rden.<\/h6>\n<p><img decoding=\"async\" class=\"alignnone size-full wp-image-349\" src=\"https:\/\/www.europaskolan.se\/varfruberga\/wp-content\/uploads\/sites\/5\/2025\/10\/ESV_Lyft_Lokaler-2.jpg\" alt=\"\" width=\"1500\" height=\"1777\" srcset=\"https:\/\/www.europaskolan.se\/varfruberga\/wp-content\/uploads\/sites\/5\/2025\/10\/ESV_Lyft_Lokaler-2.jpg 1500w, https:\/\/www.europaskolan.se\/varfruberga\/wp-content\/uploads\/sites\/5\/2025\/10\/ESV_Lyft_Lokaler-2-253x300.jpg 253w, https:\/\/www.europaskolan.se\/varfruberga\/wp-content\/uploads\/sites\/5\/2025\/10\/ESV_Lyft_Lokaler-2-864x1024.jpg 864w, https:\/\/www.europaskolan.se\/varfruberga\/wp-content\/uploads\/sites\/5\/2025\/10\/ESV_Lyft_Lokaler-2-768x910.jpg 768w, https:\/\/www.europaskolan.se\/varfruberga\/wp-content\/uploads\/sites\/5\/2025\/10\/ESV_Lyft_Lokaler-2-1297x1536.jpg 1297w\" sizes=\"(max-width: 1500px) 100vw, 1500px\" \/><\/p>\n<h6 data-start=\"2284\" data-end=\"2402\">Tack vare statliga medel har skolan kunnat satsa p\u00e5 nya f\u00f6nster som, tillsammans med nya tak och fasader, f\u00f6rhoppningsvis kommer att s\u00e4nka energif\u00f6rbrukningen.<\/h6>\n<p><img loading=\"lazy\" decoding=\"async\" class=\"alignnone size-full wp-image-350\" src=\"https:\/\/www.europaskolan.se\/varfruberga\/wp-content\/uploads\/sites\/5\/2025\/10\/ESV_Lyft_Lokaler-3.jpg\" alt=\"\" width=\"1500\" height=\"960\" srcset=\"https:\/\/www.europaskolan.se\/varfruberga\/wp-content\/uploads\/sites\/5\/2025\/10\/ESV_Lyft_Lokaler-3.jpg 1500w, https:\/\/www.europaskolan.se\/varfruberga\/wp-content\/uploads\/sites\/5\/2025\/10\/ESV_Lyft_Lokaler-3-300x192.jpg 300w, https:\/\/www.europaskolan.se\/varfruberga\/wp-content\/uploads\/sites\/5\/2025\/10\/ESV_Lyft_Lokaler-3-1024x655.jpg 1024w, https:\/\/www.europaskolan.se\/varfruberga\/wp-content\/uploads\/sites\/5\/2025\/10\/ESV_Lyft_Lokaler-3-768x492.jpg 768w\" sizes=\"(max-width: 1500px) 100vw, 1500px\" \/><\/p>\n<h6>En ny altan har ocks\u00e5 byggts och kommer, bland mycket annat, att fungera som scen vid skolavslutningar.<\/h6>\n","protected":false},"excerpt":{"rendered":"<p>Vid ett bes\u00f6k p\u00e5 Europaskolan V\u00e5rfruberga sl\u00e5s du inte bara av hur natursk\u00f6n omgivningen \u00e4r \u2013 lokalerna \u00e4r i toppskick och ytorna gener\u00f6sa. \u2013 Vi har satsat en hel del p\u00e5 b\u00e5de utemilj\u00f6n och v\u00e5ra undervisningslokaler. Satsningen p\u00e5 lokalerna har m\u00f6jliggjorts genom medel fr\u00e5n Skolverket, s\u00e4ger skolans rektor Nina Widell stolt n\u00e4r hon h\u00e4lsar v\u00e4lkommen [&hellip;]<\/p>\n","protected":false},"author":2,"featured_media":356,"comment_status":"open","ping_status":"open","sticky":false,"template":"","format":"standard","meta":{"footnotes":""},"categories":[4],"tags":[],"class_list":["post-345","post","type-post","status-publish","format-standard","has-post-thumbnail","hentry","category-aktuellt-europaskolan-varfruberga"],"blocksy_meta":[],"rttpg_featured_image_url":{"full":["https:\/\/www.europaskolan.se\/varfruberga\/wp-content\/uploads\/sites\/5\/2025\/10\/ESV_Lyft_Lokaler-1U.jpg",500,380,false],"landscape":["https:\/\/www.europaskolan.se\/varfruberga\/wp-content\/uploads\/sites\/5\/2025\/10\/ESV_Lyft_Lokaler-1U.jpg",500,380,false],"portraits":["https:\/\/www.europaskolan.se\/varfruberga\/wp-content\/uploads\/sites\/5\/2025\/10\/ESV_Lyft_Lokaler-1U.jpg",500,380,false],"thumbnail":["https:\/\/www.europaskolan.se\/varfruberga\/wp-content\/uploads\/sites\/5\/2025\/10\/ESV_Lyft_Lokaler-1U-150x150.jpg",150,150,true],"medium":["https:\/\/www.europaskolan.se\/varfruberga\/wp-content\/uploads\/sites\/5\/2025\/10\/ESV_Lyft_Lokaler-1U-300x228.jpg",300,228,true],"large":["https:\/\/www.europaskolan.se\/varfruberga\/wp-content\/uploads\/sites\/5\/2025\/10\/ESV_Lyft_Lokaler-1U.jpg",500,380,false],"1536x1536":["https:\/\/www.europaskolan.se\/varfruberga\/wp-content\/uploads\/sites\/5\/2025\/10\/ESV_Lyft_Lokaler-1U.jpg",500,380,false],"2048x2048":["https:\/\/www.europaskolan.se\/varfruberga\/wp-content\/uploads\/sites\/5\/2025\/10\/ESV_Lyft_Lokaler-1U.jpg",500,380,false],"sow-carousel-default":["https:\/\/www.europaskolan.se\/varfruberga\/wp-content\/uploads\/sites\/5\/2025\/10\/ESV_Lyft_Lokaler-1U-272x182.jpg",272,182,true]},"rttpg_author":{"display_name":"camilla","author_link":"https:\/\/www.europaskolan.se\/varfruberga\/author\/camilla\/"},"rttpg_comment":0,"rttpg_category":"<a href=\"https:\/\/www.europaskolan.se\/varfruberga\/category\/aktuellt-europaskolan-varfruberga\/\" rel=\"category tag\">Aktuellt \u2013 Europaskolan V\u00e5rfruberga<\/a>","rttpg_excerpt":"Vid ett bes\u00f6k p\u00e5 Europaskolan V\u00e5rfruberga sl\u00e5s du inte bara av hur natursk\u00f6n omgivningen \u00e4r \u2013 lokalerna \u00e4r i toppskick och ytorna gener\u00f6sa. \u2013 Vi har satsat en hel del p\u00e5 b\u00e5de utemilj\u00f6n och v\u00e5ra undervisningslokaler. Satsningen p\u00e5 lokalerna har m\u00f6jliggjorts genom medel fr\u00e5n Skolverket, s\u00e4ger skolans rektor Nina Widell stolt n\u00e4r hon h\u00e4lsar v\u00e4lkommen&hellip;","_links":{"self":[{"href":"https:\/\/www.europaskolan.se\/varfruberga\/wp-json\/wp\/v2\/posts\/345","targetHints":{"allow":["GET"]}}],"collection":[{"href":"https:\/\/www.europaskolan.se\/varfruberga\/wp-json\/wp\/v2\/posts"}],"about":[{"href":"https:\/\/www.europaskolan.se\/varfruberga\/wp-json\/wp\/v2\/types\/post"}],"author":[{"embeddable":true,"href":"https:\/\/www.europaskolan.se\/varfruberga\/wp-json\/wp\/v2\/users\/2"}],"replies":[{"embeddable":true,"href":"https:\/\/www.europaskolan.se\/varfruberga\/wp-json\/wp\/v2\/comments?post=345"}],"version-history":[{"count":0,"href":"https:\/\/www.europaskolan.se\/varfruberga\/wp-json\/wp\/v2\/posts\/345\/revisions"}],"wp:featuredmedia":[{"embeddable":true,"href":"https:\/\/www.europaskolan.se\/varfruberga\/wp-json\/wp\/v2\/media\/356"}],"wp:attachment":[{"href":"https:\/\/www.europaskolan.se\/varfruberga\/wp-json\/wp\/v2\/media?parent=345"}],"wp:term":[{"taxonomy":"category","embeddable":true,"href":"https:\/\/www.europaskolan.se\/varfruberga\/wp-json\/wp\/v2\/categories?post=345"},{"taxonomy":"post_tag","embeddable":true,"href":"https:\/\/www.europaskolan.se\/varfruberga\/wp-json\/wp\/v2\/tags?post=345"}],"curies":[{"name":"wp","href":"https:\/\/api.w.org\/{rel}","templated":true}]}}