{"id":313,"date":"2025-10-14T10:13:54","date_gmt":"2025-10-14T08:13:54","guid":{"rendered":"https:\/\/www.europaskolan.se\/varfruberga\/?p=313"},"modified":"2025-10-14T10:36:16","modified_gmt":"2025-10-14T08:36:16","slug":"europaskolan-varfruberga-bast-i-sverige-pa-trygghet","status":"publish","type":"post","link":"https:\/\/www.europaskolan.se\/varfruberga\/2025\/10\/14\/europaskolan-varfruberga-bast-i-sverige-pa-trygghet\/","title":{"rendered":"Europaskolan V\u00e5rfruberga b\u00e4st i Sverige p\u00e5 trygghet"},"content":{"rendered":"<p><img fetchpriority=\"high\" decoding=\"async\" class=\"alignnone size-full wp-image-314\" src=\"https:\/\/www.europaskolan.se\/varfruberga\/wp-content\/uploads\/sites\/5\/2025\/10\/ESV-Trygghetsarbete-1.jpg\" alt=\"\" width=\"1500\" height=\"1216\" srcset=\"https:\/\/www.europaskolan.se\/varfruberga\/wp-content\/uploads\/sites\/5\/2025\/10\/ESV-Trygghetsarbete-1.jpg 1500w, https:\/\/www.europaskolan.se\/varfruberga\/wp-content\/uploads\/sites\/5\/2025\/10\/ESV-Trygghetsarbete-1-300x243.jpg 300w, https:\/\/www.europaskolan.se\/varfruberga\/wp-content\/uploads\/sites\/5\/2025\/10\/ESV-Trygghetsarbete-1-1024x830.jpg 1024w, https:\/\/www.europaskolan.se\/varfruberga\/wp-content\/uploads\/sites\/5\/2025\/10\/ESV-Trygghetsarbete-1-768x623.jpg 768w\" sizes=\"(max-width: 1500px) 100vw, 1500px\" \/><\/p>\n<h6><span style=\"font-size: 10pt;\">Rektor Nina Widell till h\u00f6ger, klassl\u00e4rare och bitr\u00e4dande rektor Maria Johansson Hagstr\u00f6m i mitten och bitr\u00e4dande f\u00f6rskolerektor Elina Lindqvist till v\u00e4nster i skolans trivsamma och nya bibliotek.<\/span><\/h6>\n<p><em>N\u00e4r Skolinspektionen unders\u00f6kte hur v\u00e5rdnadshavare runt om i landet upplever trygghet och trivsel p\u00e5 grundskolor med \u00e5rskurserna f\u00f6rskoleklass till trean fick Europaskolan V\u00e5rfruberga b\u00e4st betyg i landet av alla f\u00f6rskolor.<\/em><\/p>\n<p><strong>\u2013 Fantastiskt kul att v\u00e5r verksamhet \u00e4r uppskattad<\/strong> och att v\u00e5rdnadshavare \u00e4r n\u00f6jda, s\u00e4ger Nina Widell, rektor p\u00e5 skolan.<\/p>\n<p><strong>Europaskolan V\u00e5rfruberga ligger p\u00e5 Fogd\u00f6 utanf\u00f6r Str\u00e4ngn\u00e4s.<\/strong> Skolan \u00e4r omgiven av den vackra s\u00f6rml\u00e4ndska landsbygden och har totalt 158 elever, varav 74 barn p\u00e5 f\u00f6rskolan. Skolan, som \u00e4r det senaste tillskottet i koncernen Europaskolan, satsar p\u00e5 att v\u00e4xa ytterligare och k\u00f6erna till b\u00e5de f\u00f6rskola och skola \u00e4r v\u00e4lfyllda.<\/p>\n<p><strong>N\u00e4r Skolinspektionen i b\u00f6rjan av \u00e5ret genomf\u00f6rde en enk\u00e4t <\/strong>bland v\u00e5rdnadshavare och elever om trygghet och trivsel i skolor f\u00f6r barn i f\u00f6rskoleklass och l\u00e5gstadiet, fick V\u00e5rfruberga friskola \u2013 som skolan hette d\u00e5 \u2013 h\u00f6gst betyg i hela landet. \u00c4ven v\u00e5rdnadshavare till elever i \u00e5rskurs ett till tre gav skolan mycket h\u00f6ga omd\u00f6men.<\/p>\n<p><strong>Nina Widell har arbetat p\u00e5 skolan i snart tre \u00e5r.<\/strong><\/p>\n<p><strong>\u2013 Enk\u00e4tresultatet \u00e4r ett fint kvitto p\u00e5 v\u00e5r verksamhet<\/strong> och det \u00e4r kul att v\u00e5ra satsningar senaste tiden f\u00e5tt effekt, s\u00e4ger Nina, som vill lyfta fram sina kollegor som avg\u00f6rande f\u00f6r framg\u00e5ngarna.<\/p>\n<p><img decoding=\"async\" class=\"alignnone size-full wp-image-315\" src=\"https:\/\/www.europaskolan.se\/varfruberga\/wp-content\/uploads\/sites\/5\/2025\/10\/ESV-Trygghetsarbete-2-scaled.jpg\" alt=\"\" width=\"2560\" height=\"1887\" srcset=\"https:\/\/www.europaskolan.se\/varfruberga\/wp-content\/uploads\/sites\/5\/2025\/10\/ESV-Trygghetsarbete-2-scaled.jpg 2560w, https:\/\/www.europaskolan.se\/varfruberga\/wp-content\/uploads\/sites\/5\/2025\/10\/ESV-Trygghetsarbete-2-300x221.jpg 300w, https:\/\/www.europaskolan.se\/varfruberga\/wp-content\/uploads\/sites\/5\/2025\/10\/ESV-Trygghetsarbete-2-1024x755.jpg 1024w, https:\/\/www.europaskolan.se\/varfruberga\/wp-content\/uploads\/sites\/5\/2025\/10\/ESV-Trygghetsarbete-2-768x566.jpg 768w, https:\/\/www.europaskolan.se\/varfruberga\/wp-content\/uploads\/sites\/5\/2025\/10\/ESV-Trygghetsarbete-2-1536x1132.jpg 1536w, https:\/\/www.europaskolan.se\/varfruberga\/wp-content\/uploads\/sites\/5\/2025\/10\/ESV-Trygghetsarbete-2-2048x1510.jpg 2048w\" sizes=\"(max-width: 2560px) 100vw, 2560px\" \/><\/p>\n<h6><span style=\"font-size: 10pt;\">Undervisningen har f\u00e5tt sig ett uppsving av rustade lokaler. I klassrummen finns ljudd\u00e4mpande material f\u00f6r att skapa b\u00e4sta m\u00f6jliga studiemilj\u00f6.<\/span><\/h6>\n<p><strong>Elina Lindqvist har arbetat p\u00e5 skolan i n\u00e4stan tio \u00e5r.<\/strong><\/p>\n<p><strong>\u2013 Vi har satsat en del p\u00e5 f\u00f6rskolan under en tid.<\/strong> Vi har k\u00f6pt pedagogiskt material och ocks\u00e5 anlagt det vi kallar Studion d\u00e4r elever kan f\u00e5 extra studiest\u00f6d, s\u00e4ger Elina, som \u00e4r bitr\u00e4dande rektor f\u00f6r f\u00f6rskolan.<\/p>\n<p><strong>Studion har m\u00f6jliggjorts tack vare medel fr\u00e5n statliga satsningen<\/strong> \u201dSt\u00e4rkt kunskapsutveckling\u201d. Skolan har ocks\u00e5 f\u00e5tt ytterligare medel som g\u00e5tt till ett bibliotek f\u00f6r barnen p\u00e5 f\u00f6rskolan. Barnen har undervisningstid i b\u00e5de biblioteket och skolans idrottshall varje vecka.<\/p>\n<p><strong>Maria Johansson Hagstr\u00f6m har ocks\u00e5 arbetat p\u00e5 skolan l\u00e4nge<\/strong>. Maria \u00e4r klassl\u00e4rare och bitr\u00e4dande rektor f\u00f6r f\u00f6rskola och fritidshem.<\/p>\n<p><strong>\u2013 Vi satsar p\u00e5 att f\u00f6rdubbla f\u00f6rskoleklassen<\/strong> och det finns en k\u00f6 \u00e4ven om de demografiska f\u00f6ruts\u00e4ttningarna ser annorlunda ut i dag j\u00e4mf\u00f6rt med f\u00f6r bara n\u00e5gra \u00e5r sedan.<\/p>\n<p><strong>Flera faktorer samspelar givetvis f\u00f6r att skolan fungerar s\u00e5 bra,<\/strong> men Maria tror att en sak \u00e4r s\u00e4rskilt viktig n\u00e4r det kommer till just trygghet och trivsel.<\/p>\n<p><strong>\u00d6ppen och rak kommunikation tror jag \u00e4r grunden till de fina omd\u00f6men vi f\u00e5r.<\/strong> D\u00f6rren \u00e4r alltid \u00f6ppen hos oss och det \u00e4r s\u00e5 klart enklare att bygga goda relationer i den lite mindre kontext som vi verkar i.<\/p>\n<p><strong>Nina Widell utvecklar resonemanget:<\/strong><\/p>\n<p><strong>\u2013 Vi pratar mycket om tillsammans-arbete.<\/strong> Vi jobbar h\u00e5rt f\u00f6r varandra och st\u00e4ller upp utan kr\u00e5ngel. Vi har h\u00f6g n\u00e4rvaro b\u00e5de bland elever och l\u00e4rare. Kanske \u00e4r det den tydliga uteprofilen som h\u00e5ller oss friska, s\u00e4ger Nina.<\/p>\n<p><strong>En annan viktig sak \u00e4r den l\u00e5ga oms\u00e4ttningen p\u00e5 medarbetare,<\/strong> n\u00e5got som bidrar till kontinuitet i verksamheten. Att andelen beh\u00f6riga l\u00e4rare \u00e4r h\u00f6g bidrar ocks\u00e5 till kvalitet och skapar en bra grund f\u00f6r att skolan ska kunna locka \u00e4nnu fler barn och elever.<\/p>\n<p><strong>M\u00e5ltidsupplevelsen \u00e4r en annan del av verksamheten<\/strong> som skolan v\u00e4rnar om. Maten som serveras lagas p\u00e5 plats och h\u00e5ller v\u00e4ldigt h\u00f6g kvalit\u00e9, enligt b\u00e5de elever och l\u00e4rare.<\/p>\n<p><img decoding=\"async\" class=\"alignnone size-full wp-image-317\" src=\"https:\/\/www.europaskolan.se\/varfruberga\/wp-content\/uploads\/sites\/5\/2025\/10\/ESV-Trygghetsarbete-3.jpg\" alt=\"\" width=\"1500\" height=\"1288\" srcset=\"https:\/\/www.europaskolan.se\/varfruberga\/wp-content\/uploads\/sites\/5\/2025\/10\/ESV-Trygghetsarbete-3.jpg 1500w, https:\/\/www.europaskolan.se\/varfruberga\/wp-content\/uploads\/sites\/5\/2025\/10\/ESV-Trygghetsarbete-3-300x258.jpg 300w, https:\/\/www.europaskolan.se\/varfruberga\/wp-content\/uploads\/sites\/5\/2025\/10\/ESV-Trygghetsarbete-3-1024x879.jpg 1024w, https:\/\/www.europaskolan.se\/varfruberga\/wp-content\/uploads\/sites\/5\/2025\/10\/ESV-Trygghetsarbete-3-768x659.jpg 768w\" sizes=\"(max-width: 1500px) 100vw, 1500px\" \/><\/p>\n<h6><span style=\"font-size: 10pt;\">Energi \u00e4r viktigt f\u00f6r goda studieresultat. Europaskolan V\u00e5rfruberga lagar mat p\u00e5 plats och kvalit\u00e9n \u00e4r h\u00f6g. Det ger n\u00f6jda och m\u00e4tta elever, barn och l\u00e4rare.<\/span><\/h6>\n<p><strong>\u2013 Vi \u00e4r 30 personer som jobbar h\u00e4r och alla st\u00e4ller upp f\u00f6r alla.<\/strong> Vi finns representerade i alla skolrelaterade samarbetsprojekt i kommunen vilket ger oss insikter och inspiration s\u00e5 att v\u00e5r verksamhet ska bli \u00e4nnu b\u00e4ttre, avslutar Nina.<\/p>\n<h6><img loading=\"lazy\" decoding=\"async\" class=\"alignnone size-full wp-image-318\" src=\"https:\/\/www.europaskolan.se\/varfruberga\/wp-content\/uploads\/sites\/5\/2025\/10\/ESV-Trygghetsarbete-4.jpeg.jpg\" alt=\"\" width=\"1500\" height=\"843\" srcset=\"https:\/\/www.europaskolan.se\/varfruberga\/wp-content\/uploads\/sites\/5\/2025\/10\/ESV-Trygghetsarbete-4.jpeg.jpg 1500w, https:\/\/www.europaskolan.se\/varfruberga\/wp-content\/uploads\/sites\/5\/2025\/10\/ESV-Trygghetsarbete-4.jpeg-300x169.jpg 300w, https:\/\/www.europaskolan.se\/varfruberga\/wp-content\/uploads\/sites\/5\/2025\/10\/ESV-Trygghetsarbete-4.jpeg-1024x575.jpg 1024w, https:\/\/www.europaskolan.se\/varfruberga\/wp-content\/uploads\/sites\/5\/2025\/10\/ESV-Trygghetsarbete-4.jpeg-768x432.jpg 768w\" sizes=\"(max-width: 1500px) 100vw, 1500px\" \/><\/h6>\n<h6><span style=\"font-size: 10pt;\">I stort sett alla ytor p\u00e5 skolan har renoverats. I matsalen kan elever och l\u00e4rare \u00e4ta i lugn och ro.<\/span><\/h6>\n","protected":false},"excerpt":{"rendered":"<p>N\u00e4r Skolinspektionen unders\u00f6kte hur v\u00e5rdnadshavare runt om i landet upplever trygghet och trivsel p\u00e5 grundskolor med \u00e5rskurserna f\u00f6rskoleklass till trean fick Europaskolan V\u00e5rfruberga b\u00e4st betyg i landet av alla f\u00f6rskolor.<\/p>\n","protected":false},"author":2,"featured_media":316,"comment_status":"open","ping_status":"open","sticky":false,"template":"","format":"standard","meta":{"footnotes":""},"categories":[4],"tags":[],"class_list":["post-313","post","type-post","status-publish","format-standard","has-post-thumbnail","hentry","category-aktuellt-europaskolan-varfruberga"],"blocksy_meta":[],"rttpg_featured_image_url":{"full":["https:\/\/www.europaskolan.se\/varfruberga\/wp-content\/uploads\/sites\/5\/2025\/10\/ESV-Trygghetsarbete-2U.jpg",500,380,false],"landscape":["https:\/\/www.europaskolan.se\/varfruberga\/wp-content\/uploads\/sites\/5\/2025\/10\/ESV-Trygghetsarbete-2U.jpg",500,380,false],"portraits":["https:\/\/www.europaskolan.se\/varfruberga\/wp-content\/uploads\/sites\/5\/2025\/10\/ESV-Trygghetsarbete-2U.jpg",500,380,false],"thumbnail":["https:\/\/www.europaskolan.se\/varfruberga\/wp-content\/uploads\/sites\/5\/2025\/10\/ESV-Trygghetsarbete-2U-150x150.jpg",150,150,true],"medium":["https:\/\/www.europaskolan.se\/varfruberga\/wp-content\/uploads\/sites\/5\/2025\/10\/ESV-Trygghetsarbete-2U-300x228.jpg",300,228,true],"large":["https:\/\/www.europaskolan.se\/varfruberga\/wp-content\/uploads\/sites\/5\/2025\/10\/ESV-Trygghetsarbete-2U.jpg",500,380,false],"1536x1536":["https:\/\/www.europaskolan.se\/varfruberga\/wp-content\/uploads\/sites\/5\/2025\/10\/ESV-Trygghetsarbete-2U.jpg",500,380,false],"2048x2048":["https:\/\/www.europaskolan.se\/varfruberga\/wp-content\/uploads\/sites\/5\/2025\/10\/ESV-Trygghetsarbete-2U.jpg",500,380,false],"sow-carousel-default":["https:\/\/www.europaskolan.se\/varfruberga\/wp-content\/uploads\/sites\/5\/2025\/10\/ESV-Trygghetsarbete-2U-272x182.jpg",272,182,true]},"rttpg_author":{"display_name":"camilla","author_link":"https:\/\/www.europaskolan.se\/varfruberga\/author\/camilla\/"},"rttpg_comment":0,"rttpg_category":"<a href=\"https:\/\/www.europaskolan.se\/varfruberga\/category\/aktuellt-europaskolan-varfruberga\/\" rel=\"category tag\">Aktuellt \u2013 Europaskolan V\u00e5rfruberga<\/a>","rttpg_excerpt":"N\u00e4r Skolinspektionen unders\u00f6kte hur v\u00e5rdnadshavare runt om i landet upplever trygghet och trivsel p\u00e5 grundskolor med \u00e5rskurserna f\u00f6rskoleklass till trean fick Europaskolan V\u00e5rfruberga b\u00e4st betyg i landet av alla f\u00f6rskolor.","_links":{"self":[{"href":"https:\/\/www.europaskolan.se\/varfruberga\/wp-json\/wp\/v2\/posts\/313","targetHints":{"allow":["GET"]}}],"collection":[{"href":"https:\/\/www.europaskolan.se\/varfruberga\/wp-json\/wp\/v2\/posts"}],"about":[{"href":"https:\/\/www.europaskolan.se\/varfruberga\/wp-json\/wp\/v2\/types\/post"}],"author":[{"embeddable":true,"href":"https:\/\/www.europaskolan.se\/varfruberga\/wp-json\/wp\/v2\/users\/2"}],"replies":[{"embeddable":true,"href":"https:\/\/www.europaskolan.se\/varfruberga\/wp-json\/wp\/v2\/comments?post=313"}],"version-history":[{"count":0,"href":"https:\/\/www.europaskolan.se\/varfruberga\/wp-json\/wp\/v2\/posts\/313\/revisions"}],"wp:featuredmedia":[{"embeddable":true,"href":"https:\/\/www.europaskolan.se\/varfruberga\/wp-json\/wp\/v2\/media\/316"}],"wp:attachment":[{"href":"https:\/\/www.europaskolan.se\/varfruberga\/wp-json\/wp\/v2\/media?parent=313"}],"wp:term":[{"taxonomy":"category","embeddable":true,"href":"https:\/\/www.europaskolan.se\/varfruberga\/wp-json\/wp\/v2\/categories?post=313"},{"taxonomy":"post_tag","embeddable":true,"href":"https:\/\/www.europaskolan.se\/varfruberga\/wp-json\/wp\/v2\/tags?post=313"}],"curies":[{"name":"wp","href":"https:\/\/api.w.org\/{rel}","templated":true}]}}