{"id":276,"date":"2025-09-29T13:56:47","date_gmt":"2025-09-29T11:56:47","guid":{"rendered":"https:\/\/www.europaskolan.se\/varfruberga\/?p=276"},"modified":"2025-09-29T13:56:47","modified_gmt":"2025-09-29T11:56:47","slug":"full-fart-pa-europaskolan-varfruberga","status":"publish","type":"post","link":"https:\/\/www.europaskolan.se\/varfruberga\/2025\/09\/29\/full-fart-pa-europaskolan-varfruberga\/","title":{"rendered":"Full fart p\u00e5 Europaskolan V\u00e5rfruberga"},"content":{"rendered":"<p><img fetchpriority=\"high\" decoding=\"async\" class=\"alignnone size-full wp-image-277\" src=\"https:\/\/www.europaskolan.se\/varfruberga\/wp-content\/uploads\/sites\/5\/2025\/09\/ESV-Inlagg_Terminstart-2.jpg\" alt=\"\" width=\"1500\" height=\"911\" srcset=\"https:\/\/www.europaskolan.se\/varfruberga\/wp-content\/uploads\/sites\/5\/2025\/09\/ESV-Inlagg_Terminstart-2.jpg 1500w, https:\/\/www.europaskolan.se\/varfruberga\/wp-content\/uploads\/sites\/5\/2025\/09\/ESV-Inlagg_Terminstart-2-300x182.jpg 300w, https:\/\/www.europaskolan.se\/varfruberga\/wp-content\/uploads\/sites\/5\/2025\/09\/ESV-Inlagg_Terminstart-2-1024x622.jpg 1024w, https:\/\/www.europaskolan.se\/varfruberga\/wp-content\/uploads\/sites\/5\/2025\/09\/ESV-Inlagg_Terminstart-2-768x466.jpg 768w\" sizes=\"(max-width: 1500px) 100vw, 1500px\" \/><\/p>\n<p><em>Nu \u00e4r h\u00f6stterminen 2025 p\u00e5 Europaskolan V\u00e5rfruberga i full g\u00e5ng. Vi b\u00f6rjade h\u00f6gtidligt med att h\u00e4lsa b\u00e5de nya och gamla elever samt personal v\u00e4lkomna. V\u00e5r bl\u00e5vita flagga var hissad dagen till \u00e4ra och v\u00e4dret bj\u00f6d p\u00e5 ett str\u00e5lande solsken.<\/em><\/p>\n<p><strong>Vi har haft en h\u00e4rlig start p\u00e5 skol\u00e5ret,<\/strong> fylld av lek, samarbete och gemenskap. Den nybyggda altanen p\u00e5 skolg\u00e5rden har redan visat sig vara en uppskattad plats, d\u00e4r elever kan sitta ute och arbeta, med bland annat parl\u00e4sning, i den friska luften.<\/p>\n<p><img decoding=\"async\" class=\"alignnone size-full wp-image-280\" src=\"https:\/\/www.europaskolan.se\/varfruberga\/wp-content\/uploads\/sites\/5\/2025\/09\/ESV-Inlagg_Terminstart-1.jpg\" alt=\"\" width=\"1060\" height=\"782\" srcset=\"https:\/\/www.europaskolan.se\/varfruberga\/wp-content\/uploads\/sites\/5\/2025\/09\/ESV-Inlagg_Terminstart-1.jpg 1060w, https:\/\/www.europaskolan.se\/varfruberga\/wp-content\/uploads\/sites\/5\/2025\/09\/ESV-Inlagg_Terminstart-1-300x221.jpg 300w, https:\/\/www.europaskolan.se\/varfruberga\/wp-content\/uploads\/sites\/5\/2025\/09\/ESV-Inlagg_Terminstart-1-1024x755.jpg 1024w, https:\/\/www.europaskolan.se\/varfruberga\/wp-content\/uploads\/sites\/5\/2025\/09\/ESV-Inlagg_Terminstart-1-768x567.jpg 768w\" sizes=\"(max-width: 1060px) 100vw, 1060px\" \/><\/p>\n<p><strong>Vi har ocks\u00e5 hunnit med flera andra roliga och nyttiga aktiviteter. <\/strong><\/p>\n<p><strong>Som till exempel V\u00e5rfrubergaloppet<\/strong>, d\u00e5 sprang eleverna varv efter varv i sp\u00e5ret, medan barnen i f\u00f6rskolan k\u00e4mpade sig igenom en rolig hinderbana.<\/p>\n<p><strong>Eller som v\u00e5r skr\u00e4pplockardag,<\/strong> d\u00e5 alla hj\u00e4lptes \u00e5t att g\u00f6ra v\u00e5r n\u00e4rmilj\u00f6 finare, dagen avslutades med att vi \u00e5t mycket goda V\u00e5rfruburgare tillsammans utomhus, som v\u00e5r kock M\u00e5ns grillade.<\/p>\n<p><img decoding=\"async\" class=\"alignnone size-full wp-image-281\" src=\"https:\/\/www.europaskolan.se\/varfruberga\/wp-content\/uploads\/sites\/5\/2025\/09\/ESV-Inlagg_Terminstart-4.jpg\" alt=\"\" width=\"768\" height=\"955\" srcset=\"https:\/\/www.europaskolan.se\/varfruberga\/wp-content\/uploads\/sites\/5\/2025\/09\/ESV-Inlagg_Terminstart-4.jpg 768w, https:\/\/www.europaskolan.se\/varfruberga\/wp-content\/uploads\/sites\/5\/2025\/09\/ESV-Inlagg_Terminstart-4-241x300.jpg 241w\" sizes=\"(max-width: 768px) 100vw, 768px\" \/><\/p>\n<p><img loading=\"lazy\" decoding=\"async\" class=\"alignnone size-full wp-image-282\" src=\"https:\/\/www.europaskolan.se\/varfruberga\/wp-content\/uploads\/sites\/5\/2025\/09\/ESV-Inlagg_Terminstart-3.jpg\" alt=\"\" width=\"768\" height=\"913\" srcset=\"https:\/\/www.europaskolan.se\/varfruberga\/wp-content\/uploads\/sites\/5\/2025\/09\/ESV-Inlagg_Terminstart-3.jpg 768w, https:\/\/www.europaskolan.se\/varfruberga\/wp-content\/uploads\/sites\/5\/2025\/09\/ESV-Inlagg_Terminstart-3-252x300.jpg 252w\" sizes=\"(max-width: 768px) 100vw, 768px\" \/><\/p>\n<p><strong>Eleverna i \u00e5rskurs 1 har ocks\u00e5 hunnit med en utflykt till Soldattorpet,<\/strong> d\u00e4r de fick l\u00e4ra sig om naturen och ekosystemet. Utflykten \u00e4r en del i ett st\u00f6rre projekt d\u00e4r f\u00f6rst\u00e5elsen f\u00f6r hur naturen f\u00f6r\u00e4ndras och vad som p\u00e5verkar dessa f\u00f6r\u00e4ndringar st\u00e5r i fokus. Det blev en lyckad och l\u00e4rorik dag.<\/p>\n<p><em>Nu ser vi fram emot en givande och utvecklande h\u00f6st tillsammans. <\/em><\/p>\n","protected":false},"excerpt":{"rendered":"<p>Nu \u00e4r h\u00f6stterminen 2025 p\u00e5 Europaskolan V\u00e5rfruberga i full g\u00e5ng. Vi b\u00f6rjade h\u00f6gtidligt med att h\u00e4lsa b\u00e5de nya och gamla elever samt personal v\u00e4lkomna. V\u00e5r bl\u00e5vita flagga var hissad dagen till \u00e4ra och v\u00e4dret bj\u00f6d p\u00e5 ett str\u00e5lande solsken. Vi har haft en h\u00e4rlig start p\u00e5 skol\u00e5ret, fylld av lek, samarbete och gemenskap. Den nybyggda [&hellip;]<\/p>\n","protected":false},"author":2,"featured_media":279,"comment_status":"open","ping_status":"open","sticky":false,"template":"","format":"standard","meta":{"footnotes":""},"categories":[4],"tags":[],"class_list":["post-276","post","type-post","status-publish","format-standard","has-post-thumbnail","hentry","category-aktuellt-europaskolan-varfruberga"],"blocksy_meta":[],"rttpg_featured_image_url":{"full":["https:\/\/www.europaskolan.se\/varfruberga\/wp-content\/uploads\/sites\/5\/2025\/09\/ESV-Inlagg_Terminstart-1U.jpg",500,380,false],"landscape":["https:\/\/www.europaskolan.se\/varfruberga\/wp-content\/uploads\/sites\/5\/2025\/09\/ESV-Inlagg_Terminstart-1U.jpg",500,380,false],"portraits":["https:\/\/www.europaskolan.se\/varfruberga\/wp-content\/uploads\/sites\/5\/2025\/09\/ESV-Inlagg_Terminstart-1U.jpg",500,380,false],"thumbnail":["https:\/\/www.europaskolan.se\/varfruberga\/wp-content\/uploads\/sites\/5\/2025\/09\/ESV-Inlagg_Terminstart-1U-150x150.jpg",150,150,true],"medium":["https:\/\/www.europaskolan.se\/varfruberga\/wp-content\/uploads\/sites\/5\/2025\/09\/ESV-Inlagg_Terminstart-1U-300x228.jpg",300,228,true],"large":["https:\/\/www.europaskolan.se\/varfruberga\/wp-content\/uploads\/sites\/5\/2025\/09\/ESV-Inlagg_Terminstart-1U.jpg",500,380,false],"1536x1536":["https:\/\/www.europaskolan.se\/varfruberga\/wp-content\/uploads\/sites\/5\/2025\/09\/ESV-Inlagg_Terminstart-1U.jpg",500,380,false],"2048x2048":["https:\/\/www.europaskolan.se\/varfruberga\/wp-content\/uploads\/sites\/5\/2025\/09\/ESV-Inlagg_Terminstart-1U.jpg",500,380,false],"sow-carousel-default":["https:\/\/www.europaskolan.se\/varfruberga\/wp-content\/uploads\/sites\/5\/2025\/09\/ESV-Inlagg_Terminstart-1U-272x182.jpg",272,182,true]},"rttpg_author":{"display_name":"camilla","author_link":"https:\/\/www.europaskolan.se\/varfruberga\/author\/camilla\/"},"rttpg_comment":0,"rttpg_category":"<a href=\"https:\/\/www.europaskolan.se\/varfruberga\/category\/aktuellt-europaskolan-varfruberga\/\" rel=\"category tag\">Aktuellt \u2013 Europaskolan V\u00e5rfruberga<\/a>","rttpg_excerpt":"Nu \u00e4r h\u00f6stterminen 2025 p\u00e5 Europaskolan V\u00e5rfruberga i full g\u00e5ng. Vi b\u00f6rjade h\u00f6gtidligt med att h\u00e4lsa b\u00e5de nya och gamla elever samt personal v\u00e4lkomna. V\u00e5r bl\u00e5vita flagga var hissad dagen till \u00e4ra och v\u00e4dret bj\u00f6d p\u00e5 ett str\u00e5lande solsken. Vi har haft en h\u00e4rlig start p\u00e5 skol\u00e5ret, fylld av lek, samarbete och gemenskap. Den nybyggda&hellip;","_links":{"self":[{"href":"https:\/\/www.europaskolan.se\/varfruberga\/wp-json\/wp\/v2\/posts\/276","targetHints":{"allow":["GET"]}}],"collection":[{"href":"https:\/\/www.europaskolan.se\/varfruberga\/wp-json\/wp\/v2\/posts"}],"about":[{"href":"https:\/\/www.europaskolan.se\/varfruberga\/wp-json\/wp\/v2\/types\/post"}],"author":[{"embeddable":true,"href":"https:\/\/www.europaskolan.se\/varfruberga\/wp-json\/wp\/v2\/users\/2"}],"replies":[{"embeddable":true,"href":"https:\/\/www.europaskolan.se\/varfruberga\/wp-json\/wp\/v2\/comments?post=276"}],"version-history":[{"count":0,"href":"https:\/\/www.europaskolan.se\/varfruberga\/wp-json\/wp\/v2\/posts\/276\/revisions"}],"wp:featuredmedia":[{"embeddable":true,"href":"https:\/\/www.europaskolan.se\/varfruberga\/wp-json\/wp\/v2\/media\/279"}],"wp:attachment":[{"href":"https:\/\/www.europaskolan.se\/varfruberga\/wp-json\/wp\/v2\/media?parent=276"}],"wp:term":[{"taxonomy":"category","embeddable":true,"href":"https:\/\/www.europaskolan.se\/varfruberga\/wp-json\/wp\/v2\/categories?post=276"},{"taxonomy":"post_tag","embeddable":true,"href":"https:\/\/www.europaskolan.se\/varfruberga\/wp-json\/wp\/v2\/tags?post=276"}],"curies":[{"name":"wp","href":"https:\/\/api.w.org\/{rel}","templated":true}]}}