{"id":9947,"date":"2019-01-18T08:28:42","date_gmt":"2019-01-18T07:28:42","guid":{"rendered":"https:\/\/www.europaskolan.se\/strangnas\/?p=9947"},"modified":"2019-01-18T08:28:42","modified_gmt":"2019-01-18T07:28:42","slug":"lovisa-strange-vann-uppsatstavling-om-tyska-spraket","status":"publish","type":"post","link":"https:\/\/www.europaskolan.se\/strangnas\/lovisa-strange-vann-uppsatstavling-om-tyska-spraket\/","title":{"rendered":"Lovisa Strange vann uppsatst\u00e4vling om tyska spr\u00e5ket"},"content":{"rendered":"<p><img fetchpriority=\"high\" decoding=\"async\" class=\"alignnone  wp-image-9948\" src=\"https:\/\/www.europaskolan.se\/strangnas\/wp-content\/uploads\/sites\/2\/2019\/01\/Germany.jpg\" alt=\"\" width=\"607\" height=\"564\" srcset=\"https:\/\/www.europaskolan.se\/strangnas\/wp-content\/uploads\/sites\/2\/2019\/01\/Germany.jpg 1946w, https:\/\/www.europaskolan.se\/strangnas\/wp-content\/uploads\/sites\/2\/2019\/01\/Germany-161x150.jpg 161w, https:\/\/www.europaskolan.se\/strangnas\/wp-content\/uploads\/sites\/2\/2019\/01\/Germany-323x300.jpg 323w, https:\/\/www.europaskolan.se\/strangnas\/wp-content\/uploads\/sites\/2\/2019\/01\/Germany-768x714.jpg 768w, https:\/\/www.europaskolan.se\/strangnas\/wp-content\/uploads\/sites\/2\/2019\/01\/Germany-1024x951.jpg 1024w\" sizes=\"(max-width: 607px) 100vw, 607px\" \/><\/p>\n<p><em>Stort grattis s\u00e4ger vi till Lovisa Strange i Sci17 p\u00e5 Europaskolan Str\u00e4ngn\u00e4s som vunnit f\u00f6rsta pris i en uppsatst\u00e4vling. D\u00e4r motiverade hon varf\u00f6r man b\u00f6r l\u00e4sa tyska i skolan.<\/em><\/p>\n<p><strong>Mariefred-Rheinsberg \u00e4r en v\u00e4nortsf\u00f6rening,<\/strong> som verkar f\u00f6r utbyte mellan Sverige och Tyskland. F\u00f6reningen v\u00e5rdar ocks\u00e5 minnet av den tyska f\u00f6rfattaren Kurt Tucholsky som har sin sista vila i Mariefred.<\/p>\n<p><strong>H\u00f6stterminen 2018 ordnade f\u00f6reningen en uppsatst\u00e4vling p\u00e5 temat \u201dVarf\u00f6r b\u00f6r jag l\u00e4sa tyska i skolan\u201d,<\/strong> med syfte att \u00f6ka intresset f\u00f6r det tyska spr\u00e5ket. T\u00e4vlingen var \u00f6ppen f\u00f6r alla h\u00f6gstadie- och gymnasieskolor i Str\u00e4ngn\u00e4s kommun.<\/p>\n<p><img decoding=\"async\" class=\"alignnone  wp-image-9949\" src=\"https:\/\/www.europaskolan.se\/strangnas\/wp-content\/uploads\/sites\/2\/2019\/01\/Lovisa.jpg\" alt=\"\" width=\"621\" height=\"507\" srcset=\"https:\/\/www.europaskolan.se\/strangnas\/wp-content\/uploads\/sites\/2\/2019\/01\/Lovisa.jpg 960w, https:\/\/www.europaskolan.se\/strangnas\/wp-content\/uploads\/sites\/2\/2019\/01\/Lovisa-184x150.jpg 184w, https:\/\/www.europaskolan.se\/strangnas\/wp-content\/uploads\/sites\/2\/2019\/01\/Lovisa-368x300.jpg 368w, https:\/\/www.europaskolan.se\/strangnas\/wp-content\/uploads\/sites\/2\/2019\/01\/Lovisa-768x626.jpg 768w\" sizes=\"(max-width: 621px) 100vw, 621px\" \/><\/p>\n<p><strong>Vinnare bland Str\u00e4ngn\u00e4s gymnasieelever blev Lovisa Strange p\u00e5 Europaskolan Str\u00e4ngn\u00e4s,<\/strong> medan f\u00f6rstapriset f\u00f6r h\u00f6gstadieelever gick till Oscar Hagman p\u00e5 Mariefreds skola. Priserna, 2\u00a0500 kronor per person, delades ut p\u00e5 skolornas julavslutningar.<\/p>\n<p><strong>Vi p\u00e5 Europaskolan Str\u00e4ngn\u00e4s \u00e4r mycket stolta \u00f6ver Lovisa<\/strong> \u2013 inte minst Lovisas tyskl\u00e4rare Siv Lindstr\u00f6m.<\/p>\n<p><em>Varmt grattis, b\u00e5de till Lovisa och Oscar!<\/em><\/p>\n","protected":false},"excerpt":{"rendered":"<p>Stort grattis s\u00e4ger vi till Lovisa Strange i Sci17 p\u00e5 Europaskolan Str\u00e4ngn\u00e4s som vunnit f\u00f6rsta pris i en uppsatst\u00e4vling. D\u00e4r motiverade hon varf\u00f6r man b\u00f6r l\u00e4sa tyska i skolan. Mariefred-Rheinsberg \u00e4r en v\u00e4nortsf\u00f6rening, som verkar f\u00f6r utbyte mellan Sverige och Tyskland. F\u00f6reningen v\u00e5rdar ocks\u00e5 minnet av den tyska f\u00f6rfattaren Kurt Tucholsky som har sin sista [&hellip;]<\/p>\n","protected":false},"author":2,"featured_media":9949,"comment_status":"closed","ping_status":"closed","sticky":false,"template":"","format":"standard","meta":{"footnotes":""},"categories":[11],"tags":[],"class_list":["post-9947","post","type-post","status-publish","format-standard","has-post-thumbnail","hentry","category-utmarkelser-europaskolan-strangnas"],"blocksy_meta":[],"rttpg_featured_image_url":{"full":["https:\/\/www.europaskolan.se\/strangnas\/wp-content\/uploads\/sites\/2\/2019\/01\/Lovisa.jpg",960,783,false],"landscape":["https:\/\/www.europaskolan.se\/strangnas\/wp-content\/uploads\/sites\/2\/2019\/01\/Lovisa.jpg",960,783,false],"portraits":["https:\/\/www.europaskolan.se\/strangnas\/wp-content\/uploads\/sites\/2\/2019\/01\/Lovisa.jpg",960,783,false],"thumbnail":["https:\/\/www.europaskolan.se\/strangnas\/wp-content\/uploads\/sites\/2\/2019\/01\/Lovisa-184x150.jpg",184,150,true],"medium":["https:\/\/www.europaskolan.se\/strangnas\/wp-content\/uploads\/sites\/2\/2019\/01\/Lovisa-368x300.jpg",368,300,true],"large":["https:\/\/www.europaskolan.se\/strangnas\/wp-content\/uploads\/sites\/2\/2019\/01\/Lovisa.jpg",960,783,false],"1536x1536":["https:\/\/www.europaskolan.se\/strangnas\/wp-content\/uploads\/sites\/2\/2019\/01\/Lovisa.jpg",960,783,false],"2048x2048":["https:\/\/www.europaskolan.se\/strangnas\/wp-content\/uploads\/sites\/2\/2019\/01\/Lovisa.jpg",960,783,false],"sow-carousel-default":["https:\/\/www.europaskolan.se\/strangnas\/wp-content\/uploads\/sites\/2\/2019\/01\/Lovisa.jpg",223,182,false]},"rttpg_author":{"display_name":"camilla","author_link":"https:\/\/www.europaskolan.se\/strangnas\/author\/camilla\/"},"rttpg_comment":0,"rttpg_category":"<a href=\"https:\/\/www.europaskolan.se\/strangnas\/category\/utmarkelser-europaskolan-strangnas\/\" rel=\"category tag\">Utm\u00e4rkelser \u2013 Europaskolan Str\u00e4ngn\u00e4s<\/a>","rttpg_excerpt":"Stort grattis s\u00e4ger vi till Lovisa Strange i Sci17 p\u00e5 Europaskolan Str\u00e4ngn\u00e4s som vunnit f\u00f6rsta pris i en uppsatst\u00e4vling. D\u00e4r motiverade hon varf\u00f6r man b\u00f6r l\u00e4sa tyska i skolan. Mariefred-Rheinsberg \u00e4r en v\u00e4nortsf\u00f6rening, som verkar f\u00f6r utbyte mellan Sverige och Tyskland. F\u00f6reningen v\u00e5rdar ocks\u00e5 minnet av den tyska f\u00f6rfattaren Kurt Tucholsky som har sin sista&hellip;","_links":{"self":[{"href":"https:\/\/www.europaskolan.se\/strangnas\/wp-json\/wp\/v2\/posts\/9947","targetHints":{"allow":["GET"]}}],"collection":[{"href":"https:\/\/www.europaskolan.se\/strangnas\/wp-json\/wp\/v2\/posts"}],"about":[{"href":"https:\/\/www.europaskolan.se\/strangnas\/wp-json\/wp\/v2\/types\/post"}],"author":[{"embeddable":true,"href":"https:\/\/www.europaskolan.se\/strangnas\/wp-json\/wp\/v2\/users\/2"}],"replies":[{"embeddable":true,"href":"https:\/\/www.europaskolan.se\/strangnas\/wp-json\/wp\/v2\/comments?post=9947"}],"version-history":[{"count":0,"href":"https:\/\/www.europaskolan.se\/strangnas\/wp-json\/wp\/v2\/posts\/9947\/revisions"}],"wp:featuredmedia":[{"embeddable":true,"href":"https:\/\/www.europaskolan.se\/strangnas\/wp-json\/wp\/v2\/media\/9949"}],"wp:attachment":[{"href":"https:\/\/www.europaskolan.se\/strangnas\/wp-json\/wp\/v2\/media?parent=9947"}],"wp:term":[{"taxonomy":"category","embeddable":true,"href":"https:\/\/www.europaskolan.se\/strangnas\/wp-json\/wp\/v2\/categories?post=9947"},{"taxonomy":"post_tag","embeddable":true,"href":"https:\/\/www.europaskolan.se\/strangnas\/wp-json\/wp\/v2\/tags?post=9947"}],"curies":[{"name":"wp","href":"https:\/\/api.w.org\/{rel}","templated":true}]}}