{"id":9919,"date":"2019-01-08T13:47:50","date_gmt":"2019-01-08T12:47:50","guid":{"rendered":"https:\/\/www.europaskolan.se\/strangnas\/?p=9919"},"modified":"2023-02-06T10:23:12","modified_gmt":"2023-02-06T09:23:12","slug":"valkommen-till-en-forelasning-av-sverker-sorlin-om-antropocen-manniskans-nya-tidsalder","status":"publish","type":"post","link":"https:\/\/www.europaskolan.se\/strangnas\/valkommen-till-en-forelasning-av-sverker-sorlin-om-antropocen-manniskans-nya-tidsalder\/","title":{"rendered":"V\u00e4lkommen till en f\u00f6rel\u00e4sning av Sverker S\u00f6rlin om antropocen \u2013 m\u00e4nniskans nya tids\u00e5lder"},"content":{"rendered":"<p><img fetchpriority=\"high\" decoding=\"async\" class=\"alignnone size-full wp-image-9922\" src=\"https:\/\/www.europaskolan.se\/strangnas\/wp-content\/uploads\/sites\/2\/2019\/01\/sverker-sorlin-200x300.jpg\" alt=\"\" width=\"200\" height=\"300\" srcset=\"https:\/\/www.europaskolan.se\/strangnas\/wp-content\/uploads\/sites\/2\/2019\/01\/sverker-sorlin-200x300.jpg 200w, https:\/\/www.europaskolan.se\/strangnas\/wp-content\/uploads\/sites\/2\/2019\/01\/sverker-sorlin-200x300-100x150.jpg 100w\" sizes=\"(max-width: 200px) 100vw, 200px\" \/><\/p>\n<p><em>M\u00e5ndagen den 14 januari, klockan 18.00,\u00a0bjuder Europaskolan och Str\u00e4ngn\u00e4s kommun in till \u00e4nnu en f\u00f6rel\u00e4sning inom L\u00c4S-projektet. Den h\u00e4r g\u00e5ngen handlar det m\u00e4nniskans inverkan p\u00e5 jorden som kan inneb\u00e4ra ny geologisk epok. F\u00f6rel\u00e4sningen \u00e4r den fj\u00e4rde av sex stycken under l\u00e4s\u00e5ret, med syfte att st\u00e4rka sambandet mellan skola och samh\u00e4lle.<\/em><\/p>\n<p><strong>Vi tr\u00e4ffas i Dj\u00e4knehallen,<\/strong> som \u00e4r Europaskolan Str\u00e4ngn\u00e4s aula. Allm\u00e4nheten \u00e4r ocks\u00e5 v\u00e4lkommen att delta.<\/p>\n<p><strong>Kv\u00e4llens f\u00f6rel\u00e4sare \u00e4r Sverker S\u00f6rlin, professor p\u00e5 KTH och en av v\u00e4rldens ledande milj\u00f6historiker. <\/strong>Under kv\u00e4llen talar han om antropocen \u2013 m\u00e4nniskans tids\u00e5lder \u2013 som ocks\u00e5 \u00e4r \u00e4mnet f\u00f6r hans senaste bok.<\/p>\n<p><img decoding=\"async\" class=\"alignnone size-full wp-image-9920\" src=\"https:\/\/www.europaskolan.se\/strangnas\/wp-content\/uploads\/sites\/2\/2019\/01\/antropocen-219x300.jpg\" alt=\"\" width=\"219\" height=\"300\" srcset=\"https:\/\/www.europaskolan.se\/strangnas\/wp-content\/uploads\/sites\/2\/2019\/01\/antropocen-219x300.jpg 219w, https:\/\/www.europaskolan.se\/strangnas\/wp-content\/uploads\/sites\/2\/2019\/01\/antropocen-219x300-110x150.jpg 110w\" sizes=\"(max-width: 219px) 100vw, 219px\" \/><\/p>\n<p><strong>Antropocen handlar om att m\u00e4nniskans inverkan p\u00e5 jorden \u00e4r s\u00e5 omfattande<\/strong> att det \u00e4r motiverat att tala om en ny geologisk epok. Ska vi gl\u00e4djas \u00e5t eller f\u00f6rskr\u00e4ckas av att m\u00e4nniskan nu bevisligen satt sina outpl\u00e5nliga sp\u00e5r p\u00e5 planeten?<\/p>\n<p><strong>Hela f\u00f6rel\u00e4sningsserien \u00e4r \u00f6ppen f\u00f6r allm\u00e4nheten<\/strong> och ing\u00e5r i det s\u00e5 kallade L\u00c4S-projektet.<\/p>\n<p>Varmt v\u00e4lkommen!<\/p>\n<p><img decoding=\"async\" class=\"alignnone size-full wp-image-9921\" src=\"https:\/\/www.europaskolan.se\/strangnas\/wp-content\/uploads\/sites\/2\/2019\/01\/Sverker-Sorlin_Affisch1.jpg\" alt=\"\" width=\"622\" height=\"891\" srcset=\"https:\/\/www.europaskolan.se\/strangnas\/wp-content\/uploads\/sites\/2\/2019\/01\/Sverker-Sorlin_Affisch1.jpg 622w, https:\/\/www.europaskolan.se\/strangnas\/wp-content\/uploads\/sites\/2\/2019\/01\/Sverker-Sorlin_Affisch1-105x150.jpg 105w, https:\/\/www.europaskolan.se\/strangnas\/wp-content\/uploads\/sites\/2\/2019\/01\/Sverker-Sorlin_Affisch1-209x300.jpg 209w\" sizes=\"(max-width: 622px) 100vw, 622px\" \/><\/p>\n","protected":false},"excerpt":{"rendered":"<p>M\u00e5ndagen den 14 januari, klockan 18.00,\u00a0bjuder Europaskolan och Str\u00e4ngn\u00e4s kommun in till \u00e4nnu en f\u00f6rel\u00e4sning inom L\u00c4S-projektet. Den h\u00e4r g\u00e5ngen handlar det m\u00e4nniskans inverkan p\u00e5 jorden som kan inneb\u00e4ra ny geologisk epok. F\u00f6rel\u00e4sningen \u00e4r den fj\u00e4rde av sex stycken under l\u00e4s\u00e5ret, med syfte att st\u00e4rka sambandet mellan skola och samh\u00e4lle. Vi tr\u00e4ffas i Dj\u00e4knehallen, som [&hellip;]<\/p>\n","protected":false},"author":2,"featured_media":11752,"comment_status":"closed","ping_status":"closed","sticky":false,"template":"","format":"standard","meta":{"footnotes":""},"categories":[3,32],"tags":[],"class_list":["post-9919","post","type-post","status-publish","format-standard","has-post-thumbnail","hentry","category-aktuellt-europaskolan-strangnas","category-lararfortbildning-genom-amnesmassig-samverkan-las"],"blocksy_meta":[],"rttpg_featured_image_url":{"full":["https:\/\/www.europaskolan.se\/strangnas\/wp-content\/uploads\/sites\/2\/2019\/01\/ESS_Sverker-Sorlin.jpg",610,400,false],"landscape":["https:\/\/www.europaskolan.se\/strangnas\/wp-content\/uploads\/sites\/2\/2019\/01\/ESS_Sverker-Sorlin.jpg",610,400,false],"portraits":["https:\/\/www.europaskolan.se\/strangnas\/wp-content\/uploads\/sites\/2\/2019\/01\/ESS_Sverker-Sorlin.jpg",610,400,false],"thumbnail":["https:\/\/www.europaskolan.se\/strangnas\/wp-content\/uploads\/sites\/2\/2019\/01\/ESS_Sverker-Sorlin-200x131.jpg",200,131,true],"medium":["https:\/\/www.europaskolan.se\/strangnas\/wp-content\/uploads\/sites\/2\/2019\/01\/ESS_Sverker-Sorlin-458x300.jpg",458,300,true],"large":["https:\/\/www.europaskolan.se\/strangnas\/wp-content\/uploads\/sites\/2\/2019\/01\/ESS_Sverker-Sorlin.jpg",610,400,false],"1536x1536":["https:\/\/www.europaskolan.se\/strangnas\/wp-content\/uploads\/sites\/2\/2019\/01\/ESS_Sverker-Sorlin.jpg",610,400,false],"2048x2048":["https:\/\/www.europaskolan.se\/strangnas\/wp-content\/uploads\/sites\/2\/2019\/01\/ESS_Sverker-Sorlin.jpg",610,400,false],"sow-carousel-default":["https:\/\/www.europaskolan.se\/strangnas\/wp-content\/uploads\/sites\/2\/2019\/01\/ESS_Sverker-Sorlin-272x182.jpg",272,182,true]},"rttpg_author":{"display_name":"camilla","author_link":"https:\/\/www.europaskolan.se\/strangnas\/author\/camilla\/"},"rttpg_comment":0,"rttpg_category":"<a href=\"https:\/\/www.europaskolan.se\/strangnas\/category\/aktuellt-europaskolan-strangnas\/\" rel=\"category tag\">Aktuellt \u2013 Europaskolan Str\u00e4ngn\u00e4s<\/a> <a href=\"https:\/\/www.europaskolan.se\/strangnas\/category\/lararfortbildning-genom-amnesmassig-samverkan-las\/\" rel=\"category tag\">L\u00e4rarfortbildning genom \u00e4mnesm\u00e4ssig samverkan (L\u00c4S)<\/a>","rttpg_excerpt":"M\u00e5ndagen den 14 januari, klockan 18.00,\u00a0bjuder Europaskolan och Str\u00e4ngn\u00e4s kommun in till \u00e4nnu en f\u00f6rel\u00e4sning inom L\u00c4S-projektet. Den h\u00e4r g\u00e5ngen handlar det m\u00e4nniskans inverkan p\u00e5 jorden som kan inneb\u00e4ra ny geologisk epok. F\u00f6rel\u00e4sningen \u00e4r den fj\u00e4rde av sex stycken under l\u00e4s\u00e5ret, med syfte att st\u00e4rka sambandet mellan skola och samh\u00e4lle. Vi tr\u00e4ffas i Dj\u00e4knehallen, som&hellip;","_links":{"self":[{"href":"https:\/\/www.europaskolan.se\/strangnas\/wp-json\/wp\/v2\/posts\/9919","targetHints":{"allow":["GET"]}}],"collection":[{"href":"https:\/\/www.europaskolan.se\/strangnas\/wp-json\/wp\/v2\/posts"}],"about":[{"href":"https:\/\/www.europaskolan.se\/strangnas\/wp-json\/wp\/v2\/types\/post"}],"author":[{"embeddable":true,"href":"https:\/\/www.europaskolan.se\/strangnas\/wp-json\/wp\/v2\/users\/2"}],"replies":[{"embeddable":true,"href":"https:\/\/www.europaskolan.se\/strangnas\/wp-json\/wp\/v2\/comments?post=9919"}],"version-history":[{"count":0,"href":"https:\/\/www.europaskolan.se\/strangnas\/wp-json\/wp\/v2\/posts\/9919\/revisions"}],"wp:featuredmedia":[{"embeddable":true,"href":"https:\/\/www.europaskolan.se\/strangnas\/wp-json\/wp\/v2\/media\/11752"}],"wp:attachment":[{"href":"https:\/\/www.europaskolan.se\/strangnas\/wp-json\/wp\/v2\/media?parent=9919"}],"wp:term":[{"taxonomy":"category","embeddable":true,"href":"https:\/\/www.europaskolan.se\/strangnas\/wp-json\/wp\/v2\/categories?post=9919"},{"taxonomy":"post_tag","embeddable":true,"href":"https:\/\/www.europaskolan.se\/strangnas\/wp-json\/wp\/v2\/tags?post=9919"}],"curies":[{"name":"wp","href":"https:\/\/api.w.org\/{rel}","templated":true}]}}