{"id":9862,"date":"2018-10-31T09:02:00","date_gmt":"2018-10-31T08:02:00","guid":{"rendered":"https:\/\/www.europaskolan.se\/strangnas\/?p=9862"},"modified":"2020-11-07T14:17:57","modified_gmt":"2020-11-07T13:17:57","slug":"valkommen-till-en-forelasning-av-jonas-jonson-forskning-och-undervisning-i-en-postsekular-tid","status":"publish","type":"post","link":"https:\/\/www.europaskolan.se\/strangnas\/valkommen-till-en-forelasning-av-jonas-jonson-forskning-och-undervisning-i-en-postsekular-tid\/","title":{"rendered":"V\u00e4lkommen till en f\u00f6rel\u00e4sning av Jonas Jonson: \u201dForskning och undervisning i en postsekul\u00e4r tid\u201d"},"content":{"rendered":"<p><strong>\u00a0<img fetchpriority=\"high\" decoding=\"async\" class=\"alignnone size-full wp-image-9865\" src=\"https:\/\/www.europaskolan.se\/strangnas\/wp-content\/uploads\/sites\/2\/2019\/01\/jonas9x.jpg\" alt=\"\" width=\"415\" height=\"403\" srcset=\"https:\/\/www.europaskolan.se\/strangnas\/wp-content\/uploads\/sites\/2\/2019\/01\/jonas9x.jpg 415w, https:\/\/www.europaskolan.se\/strangnas\/wp-content\/uploads\/sites\/2\/2019\/01\/jonas9x-154x150.jpg 154w, https:\/\/www.europaskolan.se\/strangnas\/wp-content\/uploads\/sites\/2\/2019\/01\/jonas9x-309x300.jpg 309w, https:\/\/www.europaskolan.se\/strangnas\/wp-content\/uploads\/sites\/2\/2019\/01\/jonas9x-45x45.jpg 45w\" sizes=\"(max-width: 415px) 100vw, 415px\" \/><\/strong><\/p>\n<p>Torsdagen den 22 november, klockan 18.00,\u00a0bjuder Europaskolan och Str\u00e4ngn\u00e4s kommun in till \u00e4nnu en f\u00f6rel\u00e4sning. Denna g\u00e5ng \u00e4r \u00e4mnet forskning och undervisning i en postsekul\u00e4r tid. F\u00f6rel\u00e4sningen \u00e4r den tredje av sex stycken under l\u00e4s\u00e5ret, med syfte att st\u00e4rka sambandet mellan skola och samh\u00e4lle.<\/p>\n<p><strong>Vi tr\u00e4ffas i Dj\u00e4knehallen,<\/strong> som \u00e4r Europaskolan Str\u00e4ngn\u00e4s aula. Allm\u00e4nheten \u00e4r ocks\u00e5 v\u00e4lkommen att delta.<\/p>\n<p><strong>Kv\u00e4llens f\u00f6rel\u00e4sare \u00e4r Jonas Jonson, teologie doktor och docent i missionsvetenskap. <\/strong>Under kv\u00e4llen talar han om forskning och undervisning i en postsekul\u00e4r tid, i en f\u00f6rel\u00e4sning som r\u00f6nt mycket uppskattning.<\/p>\n<p><strong>Jonas Jonson har tidigare varit biskop i Str\u00e4ngn\u00e4s stift, <\/strong>\u00e5r 1989 till 2005. Han har \u00e4ven haft m\u00e5nga uppdrag i Kyrkornas V\u00e4rldsr\u00e5d. Innan han blev biskop var han bitr\u00e4dande generalsekreterare i Lutherska V\u00e4rldsf\u00f6rbundet i Gen\u00e8ve.<\/p>\n<p><strong>Hela f\u00f6rel\u00e4sningsserien \u00e4r \u00f6ppen f\u00f6r allm\u00e4nheten<\/strong> och ing\u00e5r i det s\u00e5 kallade L\u00c4S-projektet.<\/p>\n<p>Varmt v\u00e4lkommen!<\/p>\n<p><img decoding=\"async\" class=\"alignnone wp-image-9863\" src=\"https:\/\/www.europaskolan.se\/strangnas\/wp-content\/uploads\/sites\/2\/2019\/01\/ESS_Jonas-Jonson.jpg\" alt=\"\" width=\"439\" height=\"633\" srcset=\"https:\/\/www.europaskolan.se\/strangnas\/wp-content\/uploads\/sites\/2\/2019\/01\/ESS_Jonas-Jonson.jpg 650w, https:\/\/www.europaskolan.se\/strangnas\/wp-content\/uploads\/sites\/2\/2019\/01\/ESS_Jonas-Jonson-104x150.jpg 104w, https:\/\/www.europaskolan.se\/strangnas\/wp-content\/uploads\/sites\/2\/2019\/01\/ESS_Jonas-Jonson-208x300.jpg 208w\" sizes=\"(max-width: 439px) 100vw, 439px\" \/><\/p>\n","protected":false},"excerpt":{"rendered":"<p>\u00a0 Torsdagen den 22 november, klockan 18.00,\u00a0bjuder Europaskolan och Str\u00e4ngn\u00e4s kommun in till \u00e4nnu en f\u00f6rel\u00e4sning. Denna g\u00e5ng \u00e4r \u00e4mnet forskning och undervisning i en postsekul\u00e4r tid. F\u00f6rel\u00e4sningen \u00e4r den tredje av sex stycken under l\u00e4s\u00e5ret, med syfte att st\u00e4rka sambandet mellan skola och samh\u00e4lle. Vi tr\u00e4ffas i Dj\u00e4knehallen, som \u00e4r Europaskolan Str\u00e4ngn\u00e4s aula. Allm\u00e4nheten [&hellip;]<\/p>\n","protected":false},"author":2,"featured_media":11765,"comment_status":"closed","ping_status":"closed","sticky":false,"template":"","format":"standard","meta":{"footnotes":""},"categories":[3,32],"tags":[],"class_list":["post-9862","post","type-post","status-publish","format-standard","has-post-thumbnail","hentry","category-aktuellt-europaskolan-strangnas","category-lararfortbildning-genom-amnesmassig-samverkan-las"],"blocksy_meta":[],"rttpg_featured_image_url":{"full":["https:\/\/www.europaskolan.se\/strangnas\/wp-content\/uploads\/sites\/2\/2018\/10\/ESS_Jonas_Jonson-2018.jpg",610,510,false],"landscape":["https:\/\/www.europaskolan.se\/strangnas\/wp-content\/uploads\/sites\/2\/2018\/10\/ESS_Jonas_Jonson-2018.jpg",610,510,false],"portraits":["https:\/\/www.europaskolan.se\/strangnas\/wp-content\/uploads\/sites\/2\/2018\/10\/ESS_Jonas_Jonson-2018.jpg",610,510,false],"thumbnail":["https:\/\/www.europaskolan.se\/strangnas\/wp-content\/uploads\/sites\/2\/2018\/10\/ESS_Jonas_Jonson-2018-179x150.jpg",179,150,true],"medium":["https:\/\/www.europaskolan.se\/strangnas\/wp-content\/uploads\/sites\/2\/2018\/10\/ESS_Jonas_Jonson-2018-359x300.jpg",359,300,true],"large":["https:\/\/www.europaskolan.se\/strangnas\/wp-content\/uploads\/sites\/2\/2018\/10\/ESS_Jonas_Jonson-2018.jpg",610,510,false],"1536x1536":["https:\/\/www.europaskolan.se\/strangnas\/wp-content\/uploads\/sites\/2\/2018\/10\/ESS_Jonas_Jonson-2018.jpg",610,510,false],"2048x2048":["https:\/\/www.europaskolan.se\/strangnas\/wp-content\/uploads\/sites\/2\/2018\/10\/ESS_Jonas_Jonson-2018.jpg",610,510,false],"sow-carousel-default":["https:\/\/www.europaskolan.se\/strangnas\/wp-content\/uploads\/sites\/2\/2018\/10\/ESS_Jonas_Jonson-2018-272x182.jpg",272,182,true]},"rttpg_author":{"display_name":"camilla","author_link":"https:\/\/www.europaskolan.se\/strangnas\/author\/camilla\/"},"rttpg_comment":0,"rttpg_category":"<a href=\"https:\/\/www.europaskolan.se\/strangnas\/category\/aktuellt-europaskolan-strangnas\/\" rel=\"category tag\">Aktuellt \u2013 Europaskolan Str\u00e4ngn\u00e4s<\/a> <a href=\"https:\/\/www.europaskolan.se\/strangnas\/category\/lararfortbildning-genom-amnesmassig-samverkan-las\/\" rel=\"category tag\">L\u00e4rarfortbildning genom \u00e4mnesm\u00e4ssig samverkan (L\u00c4S)<\/a>","rttpg_excerpt":"\u00a0 Torsdagen den 22 november, klockan 18.00,\u00a0bjuder Europaskolan och Str\u00e4ngn\u00e4s kommun in till \u00e4nnu en f\u00f6rel\u00e4sning. Denna g\u00e5ng \u00e4r \u00e4mnet forskning och undervisning i en postsekul\u00e4r tid. F\u00f6rel\u00e4sningen \u00e4r den tredje av sex stycken under l\u00e4s\u00e5ret, med syfte att st\u00e4rka sambandet mellan skola och samh\u00e4lle. Vi tr\u00e4ffas i Dj\u00e4knehallen, som \u00e4r Europaskolan Str\u00e4ngn\u00e4s aula. Allm\u00e4nheten&hellip;","_links":{"self":[{"href":"https:\/\/www.europaskolan.se\/strangnas\/wp-json\/wp\/v2\/posts\/9862","targetHints":{"allow":["GET"]}}],"collection":[{"href":"https:\/\/www.europaskolan.se\/strangnas\/wp-json\/wp\/v2\/posts"}],"about":[{"href":"https:\/\/www.europaskolan.se\/strangnas\/wp-json\/wp\/v2\/types\/post"}],"author":[{"embeddable":true,"href":"https:\/\/www.europaskolan.se\/strangnas\/wp-json\/wp\/v2\/users\/2"}],"replies":[{"embeddable":true,"href":"https:\/\/www.europaskolan.se\/strangnas\/wp-json\/wp\/v2\/comments?post=9862"}],"version-history":[{"count":0,"href":"https:\/\/www.europaskolan.se\/strangnas\/wp-json\/wp\/v2\/posts\/9862\/revisions"}],"wp:featuredmedia":[{"embeddable":true,"href":"https:\/\/www.europaskolan.se\/strangnas\/wp-json\/wp\/v2\/media\/11765"}],"wp:attachment":[{"href":"https:\/\/www.europaskolan.se\/strangnas\/wp-json\/wp\/v2\/media?parent=9862"}],"wp:term":[{"taxonomy":"category","embeddable":true,"href":"https:\/\/www.europaskolan.se\/strangnas\/wp-json\/wp\/v2\/categories?post=9862"},{"taxonomy":"post_tag","embeddable":true,"href":"https:\/\/www.europaskolan.se\/strangnas\/wp-json\/wp\/v2\/tags?post=9862"}],"curies":[{"name":"wp","href":"https:\/\/api.w.org\/{rel}","templated":true}]}}