{"id":9358,"date":"2018-06-04T18:37:20","date_gmt":"2018-06-04T16:37:20","guid":{"rendered":"http:\/\/strangnas.europaskolan.org\/?p=9358"},"modified":"2021-08-16T14:35:46","modified_gmt":"2021-08-16T12:35:46","slug":"gabriella-har-kommit-in-pa-sommarforskarskola-i-kanada","status":"publish","type":"post","link":"https:\/\/www.europaskolan.se\/strangnas\/gabriella-har-kommit-in-pa-sommarforskarskola-i-kanada\/","title":{"rendered":"Gabriella har kommit in p\u00e5 sommarforskarskola i Kanada"},"content":{"rendered":"<p><img fetchpriority=\"high\" decoding=\"async\" class=\"alignnone size-full wp-image-9365\" src=\"https:\/\/www.europaskolan.se\/strangnas\/wp-content\/uploads\/sites\/2\/2018\/06\/Gabriella_ESS-1.jpg\" alt=\"\" width=\"501\" height=\"492\" srcset=\"https:\/\/www.europaskolan.se\/strangnas\/wp-content\/uploads\/sites\/2\/2018\/06\/Gabriella_ESS-1.jpg 501w, https:\/\/www.europaskolan.se\/strangnas\/wp-content\/uploads\/sites\/2\/2018\/06\/Gabriella_ESS-1-300x295.jpg 300w, https:\/\/www.europaskolan.se\/strangnas\/wp-content\/uploads\/sites\/2\/2018\/06\/Gabriella_ESS-1-45x45.jpg 45w\" sizes=\"(max-width: 501px) 100vw, 501px\" \/><\/p>\n<p><em>Stort grattis s\u00e4ger vi till Gabriella Tesfamichael Habtezion som g\u00e5r i KFSci15, den naturvetenskapliga spetstrean p\u00e5 Europaskolan Str\u00e4ngn\u00e4s. Hon \u00e4r n\u00e4mligen en av cirka 40 elever som kommit in p\u00e5 ISSYP<\/em> \u2013 <em>en eftertraktad sommarforskarskola i Kanada.<\/em><\/p>\n<p><strong>ISSYP st\u00e5r f\u00f6r International Summer School for Young Physicists<\/strong> som finns vid det prestigefyllda kanadensiska institutet f\u00f6r teoretisk fysik, Perimeter Institute for Theoretical Physics.<\/p>\n<p><strong>H\u00e4r kommer Gabriella bland annat att f\u00e5 tr\u00e4ffa n\u00e5gra av v\u00e4rldens fr\u00e4msta forskare<\/strong> inom teoretisk fysik. Hon kommer \u00e4ven att f\u00e5 l\u00e4ra sig om sp\u00e4nnande \u00e4mnen s\u00e5som str\u00e4ngteori, kvantdatorer och m\u00f6rk materia.<\/p>\n<p><strong>\u2013 Det \u00e4r inte f\u00f6rsta g\u00e5ngen Gabriella lyckas komma in p\u00e5 en sommarforskarskola<\/strong> med<br \/>\nh\u00f6gt s\u00f6ktryck och f\u00e5 platser, konstaterar hennes l\u00e4rare Erik Waltersson, som \u00e4r lektor i fysik vid Europaskolan Str\u00e4ngn\u00e4s.<\/p>\n<p><strong>Gabriella har n\u00e4mligen en imponerande historia.<\/strong> H\u00f6sten 2012 kom hon till Sverige som flykting fr\u00e5n Eritrea. Sedan l\u00e4rde hon sig mycket snabbt att bem\u00e4stra det svenska spr\u00e5ket och fick lysande betyg. Men inte nog med det: H\u00f6sten 2015 valde hon att b\u00f6rja p\u00e5 Europaskolan Str\u00e4ngn\u00e4s naturvetenskapliga spetsutbildning.<\/p>\n<p><strong>Med stolthet s\u00e5g vi henne bli antagen till en sommarforskarskola i CERN <\/strong>f\u00f6rra \u00e5ret \u2013 partikelfysiklaboratoriet utanf\u00f6r Gen\u00e8ve. Gabriella kom in som en av 24 bland tusentals s\u00f6kande, dessutom som enda representant fr\u00e5n Sverige. Och nu \u00e4r det allts\u00e5 dags igen!<\/p>\n<p><em>\u00c5terigen, ett stort grattis till platsen, Gabriella! Den har du verkligen gjort dig f\u00f6rtj\u00e4nt av genom ditt h\u00e5rda arbete!<\/em><\/p>\n<p><a href=\"http:\/\/perimeterinstitute.ca\/outreach\/students\/programs\/issyp\/issyp-faq\" target=\"_blank\" rel=\"noopener\">L\u00e4s mer om Perimeter Institute for Theoretical Physics och sommarforskarskolan ISSYP h\u00e4r. &gt;<\/a><\/p>\n","protected":false},"excerpt":{"rendered":"<p>Stort grattis s\u00e4ger vi till Gabriella Tesfamichael Habtezion som g\u00e5r i KFSci15, den naturvetenskapliga spetstrean p\u00e5 Europaskolan Str\u00e4ngn\u00e4s. Hon \u00e4r n\u00e4mligen en av cirka 40 elever som kommit in p\u00e5 ISSYP \u2013 en eftertraktad sommarforskarskola i Kanada. ISSYP st\u00e5r f\u00f6r International Summer School for Young Physicists som finns vid det prestigefyllda kanadensiska institutet f\u00f6r teoretisk [&hellip;]<\/p>\n","protected":false},"author":2,"featured_media":9365,"comment_status":"closed","ping_status":"closed","sticky":false,"template":"","format":"standard","meta":{"footnotes":""},"categories":[11],"tags":[],"class_list":["post-9358","post","type-post","status-publish","format-standard","has-post-thumbnail","hentry","category-utmarkelser-europaskolan-strangnas"],"blocksy_meta":[],"rttpg_featured_image_url":{"full":["https:\/\/www.europaskolan.se\/strangnas\/wp-content\/uploads\/sites\/2\/2018\/06\/Gabriella_ESS-1.jpg",501,492,false],"landscape":["https:\/\/www.europaskolan.se\/strangnas\/wp-content\/uploads\/sites\/2\/2018\/06\/Gabriella_ESS-1.jpg",501,492,false],"portraits":["https:\/\/www.europaskolan.se\/strangnas\/wp-content\/uploads\/sites\/2\/2018\/06\/Gabriella_ESS-1.jpg",501,492,false],"thumbnail":["https:\/\/www.europaskolan.se\/strangnas\/wp-content\/uploads\/sites\/2\/2018\/06\/Gabriella_ESS-1-150x150.jpg",150,150,true],"medium":["https:\/\/www.europaskolan.se\/strangnas\/wp-content\/uploads\/sites\/2\/2018\/06\/Gabriella_ESS-1-300x295.jpg",300,295,true],"large":["https:\/\/www.europaskolan.se\/strangnas\/wp-content\/uploads\/sites\/2\/2018\/06\/Gabriella_ESS-1.jpg",501,492,false],"1536x1536":["https:\/\/www.europaskolan.se\/strangnas\/wp-content\/uploads\/sites\/2\/2018\/06\/Gabriella_ESS-1.jpg",501,492,false],"2048x2048":["https:\/\/www.europaskolan.se\/strangnas\/wp-content\/uploads\/sites\/2\/2018\/06\/Gabriella_ESS-1.jpg",501,492,false],"sow-carousel-default":["https:\/\/www.europaskolan.se\/strangnas\/wp-content\/uploads\/sites\/2\/2018\/06\/Gabriella_ESS-1.jpg",185,182,false]},"rttpg_author":{"display_name":"camilla","author_link":"https:\/\/www.europaskolan.se\/strangnas\/author\/camilla\/"},"rttpg_comment":0,"rttpg_category":"<a href=\"https:\/\/www.europaskolan.se\/strangnas\/category\/utmarkelser-europaskolan-strangnas\/\" rel=\"category tag\">Utm\u00e4rkelser \u2013 Europaskolan Str\u00e4ngn\u00e4s<\/a>","rttpg_excerpt":"Stort grattis s\u00e4ger vi till Gabriella Tesfamichael Habtezion som g\u00e5r i KFSci15, den naturvetenskapliga spetstrean p\u00e5 Europaskolan Str\u00e4ngn\u00e4s. Hon \u00e4r n\u00e4mligen en av cirka 40 elever som kommit in p\u00e5 ISSYP \u2013 en eftertraktad sommarforskarskola i Kanada. ISSYP st\u00e5r f\u00f6r International Summer School for Young Physicists som finns vid det prestigefyllda kanadensiska institutet f\u00f6r teoretisk&hellip;","_links":{"self":[{"href":"https:\/\/www.europaskolan.se\/strangnas\/wp-json\/wp\/v2\/posts\/9358","targetHints":{"allow":["GET"]}}],"collection":[{"href":"https:\/\/www.europaskolan.se\/strangnas\/wp-json\/wp\/v2\/posts"}],"about":[{"href":"https:\/\/www.europaskolan.se\/strangnas\/wp-json\/wp\/v2\/types\/post"}],"author":[{"embeddable":true,"href":"https:\/\/www.europaskolan.se\/strangnas\/wp-json\/wp\/v2\/users\/2"}],"replies":[{"embeddable":true,"href":"https:\/\/www.europaskolan.se\/strangnas\/wp-json\/wp\/v2\/comments?post=9358"}],"version-history":[{"count":0,"href":"https:\/\/www.europaskolan.se\/strangnas\/wp-json\/wp\/v2\/posts\/9358\/revisions"}],"wp:featuredmedia":[{"embeddable":true,"href":"https:\/\/www.europaskolan.se\/strangnas\/wp-json\/wp\/v2\/media\/9365"}],"wp:attachment":[{"href":"https:\/\/www.europaskolan.se\/strangnas\/wp-json\/wp\/v2\/media?parent=9358"}],"wp:term":[{"taxonomy":"category","embeddable":true,"href":"https:\/\/www.europaskolan.se\/strangnas\/wp-json\/wp\/v2\/categories?post=9358"},{"taxonomy":"post_tag","embeddable":true,"href":"https:\/\/www.europaskolan.se\/strangnas\/wp-json\/wp\/v2\/tags?post=9358"}],"curies":[{"name":"wp","href":"https:\/\/api.w.org\/{rel}","templated":true}]}}