{"id":9346,"date":"2018-06-01T12:32:50","date_gmt":"2018-06-01T10:32:50","guid":{"rendered":"http:\/\/strangnas.europaskolan.org\/?p=9346"},"modified":"2019-05-28T11:31:09","modified_gmt":"2019-05-28T09:31:09","slug":"europaskolan-strangnas-har-en-av-sveriges-basta-skolrestauranger-enligt-white-guide-junior","status":"publish","type":"post","link":"https:\/\/www.europaskolan.se\/strangnas\/europaskolan-strangnas-har-en-av-sveriges-basta-skolrestauranger-enligt-white-guide-junior\/","title":{"rendered":"Europaskolan Str\u00e4ngn\u00e4s har en av Sveriges b\u00e4sta skolrestauranger enligt White Guide Junior"},"content":{"rendered":"<p><img fetchpriority=\"high\" decoding=\"async\" class=\"alignnone size-full wp-image-9347\" src=\"https:\/\/www.europaskolan.se\/strangnas\/wp-content\/uploads\/sites\/2\/2018\/06\/Europakock1-1.jpg\" alt=\"\" width=\"650\" height=\"400\" srcset=\"https:\/\/www.europaskolan.se\/strangnas\/wp-content\/uploads\/sites\/2\/2018\/06\/Europakock1-1.jpg 650w, https:\/\/www.europaskolan.se\/strangnas\/wp-content\/uploads\/sites\/2\/2018\/06\/Europakock1-1-300x185.jpg 300w\" sizes=\"(max-width: 650px) 100vw, 650px\" \/><\/p>\n<p><em>Att skolm\u00e5ltiden p\u00e5 Europaskolan \u00e4r n\u00e5got extra, det vet vi sj\u00e4lva sedan l\u00e4nge. Men nu har den \u00e4ven uppm\u00e4rksammats av omv\u00e4rlden. I september t\u00e4vlar Europaskolan Str\u00e4ngn\u00e4s om titeln \u00c5rets Skolrestaurang, nominerade av White Guide Junior.<\/em><\/p>\n<p><strong>White Guide Junior \u00e4r en t\u00e4vling med syfte att lyfta fram allt det goda p\u00e5 f\u00f6rskolor och skolor <\/strong>runt om i Sverige. H\u00e4r vill man premiera helhetst\u00e4nk och samarbete kring den offentliga m\u00e5ltiden.<\/p>\n<p><strong>Det \u00e4r den enda t\u00e4vlingen i Sverige som bed\u00f6mer helheten hos en skolrestaurang.<\/strong> Juryn har bed\u00f6mt smak och n\u00e4ring, men ocks\u00e5 m\u00e5ltidsmilj\u00f6, service, pedagogiskt samarbete, engagemang fr\u00e5n rektorn, kommunala satsningar, h\u00e5llbarhet och andra parametrar som bidrar till att f\u00f6rh\u00f6ja m\u00e5ltidsupplevelsen f\u00f6r eleverna. Samtidigt anordnas White Guide Senior, med samma syfte f\u00f6r seniorboenden. Inf\u00f6r nomineringen i 13 olika kategorier har man testat 200 seniorboenden, f\u00f6rskolor och skolor det senaste \u00e5ret.<\/p>\n<p><strong>Europaskolan Str\u00e4ngn\u00e4s har blivit nominerade i kategorin \u00c5rets Skolrestaurang<\/strong>, en kategori som presenteras i samarbete med Menigo.<\/p>\n<p><strong>Det \u00e4r med stor gl\u00e4dje som vi ser att v\u00e5rt genomt\u00e4nkta arbete med<\/strong> <strong>m\u00e5ltidsupplevelsen<\/strong> blir uppm\u00e4rksammat. F\u00f6rhoppningsvis kan v\u00e5r matfilosofi inspirera fler att satsa p\u00e5 skolm\u00e5ltiden, med grund i allt fr\u00e5n matro till h\u00e5llbarhets- och milj\u00f6t\u00e4nk.<\/p>\n<p><strong>Stort grattis och tack till alla er som bidrar<\/strong> till v\u00e5r fantastiska m\u00e5ltidsverksamhet! Tillsammans g\u00f6r vi skillnad.<\/p>\n<p><strong>Nu h\u00e5ller vi tummarna f\u00f6r finalen<\/strong> som avg\u00f6rs i G\u00f6teborg den 18 september 2018.<\/p>\n<p><a href=\"http:\/\/www.mynewsdesk.com\/se\/pressreleases\/white-guide-junior-aarets-skolrestaurang-2017-haer-aer-nomineringarna-1997299\" target=\"_blank\" rel=\"noopener noreferrer\">L\u00e4s mer om White Guide Junior och se \u00f6vriga nominerade h\u00e4r &gt;<\/a><br \/>\n<a href=\"https:\/\/www.europaskolan.se\/strangnas\/mat-som-pa-restaurang-med-egna-kockar-sa-ater-vi-pa-europaskolan-rogge-och-europaskolan-strangnas\/\">L\u00e4s mer om Europaskolans m\u00e5ltidsverksamhet h\u00e4r &gt;\u00a0<\/a><\/p>\n","protected":false},"excerpt":{"rendered":"<p>Att skolm\u00e5ltiden p\u00e5 Europaskolan \u00e4r n\u00e5got extra, det vet vi sj\u00e4lva sedan l\u00e4nge. Men nu har den \u00e4ven uppm\u00e4rksammats av omv\u00e4rlden. I september t\u00e4vlar Europaskolan Str\u00e4ngn\u00e4s om titeln \u00c5rets Skolrestaurang, nominerade av White Guide Junior. White Guide Junior \u00e4r en t\u00e4vling med syfte att lyfta fram allt det goda p\u00e5 f\u00f6rskolor och skolor runt om [&hellip;]<\/p>\n","protected":false},"author":2,"featured_media":9352,"comment_status":"closed","ping_status":"closed","sticky":false,"template":"","format":"standard","meta":{"footnotes":""},"categories":[11],"tags":[],"class_list":["post-9346","post","type-post","status-publish","format-standard","has-post-thumbnail","hentry","category-utmarkelser-europaskolan-strangnas"],"blocksy_meta":[],"rttpg_featured_image_url":{"full":["https:\/\/www.europaskolan.se\/strangnas\/wp-content\/uploads\/sites\/2\/2018\/06\/ESS-kock3-1.jpg",720,960,false],"landscape":["https:\/\/www.europaskolan.se\/strangnas\/wp-content\/uploads\/sites\/2\/2018\/06\/ESS-kock3-1.jpg",720,960,false],"portraits":["https:\/\/www.europaskolan.se\/strangnas\/wp-content\/uploads\/sites\/2\/2018\/06\/ESS-kock3-1.jpg",720,960,false],"thumbnail":["https:\/\/www.europaskolan.se\/strangnas\/wp-content\/uploads\/sites\/2\/2018\/06\/ESS-kock3-1-150x150.jpg",150,150,true],"medium":["https:\/\/www.europaskolan.se\/strangnas\/wp-content\/uploads\/sites\/2\/2018\/06\/ESS-kock3-1-225x300.jpg",225,300,true],"large":["https:\/\/www.europaskolan.se\/strangnas\/wp-content\/uploads\/sites\/2\/2018\/06\/ESS-kock3-1.jpg",720,960,false],"1536x1536":["https:\/\/www.europaskolan.se\/strangnas\/wp-content\/uploads\/sites\/2\/2018\/06\/ESS-kock3-1.jpg",720,960,false],"2048x2048":["https:\/\/www.europaskolan.se\/strangnas\/wp-content\/uploads\/sites\/2\/2018\/06\/ESS-kock3-1.jpg",720,960,false],"sow-carousel-default":["https:\/\/www.europaskolan.se\/strangnas\/wp-content\/uploads\/sites\/2\/2018\/06\/ESS-kock3-1.jpg",137,182,false]},"rttpg_author":{"display_name":"camilla","author_link":"https:\/\/www.europaskolan.se\/strangnas\/author\/camilla\/"},"rttpg_comment":0,"rttpg_category":"<a href=\"https:\/\/www.europaskolan.se\/strangnas\/category\/utmarkelser-europaskolan-strangnas\/\" rel=\"category tag\">Utm\u00e4rkelser \u2013 Europaskolan Str\u00e4ngn\u00e4s<\/a>","rttpg_excerpt":"Att skolm\u00e5ltiden p\u00e5 Europaskolan \u00e4r n\u00e5got extra, det vet vi sj\u00e4lva sedan l\u00e4nge. Men nu har den \u00e4ven uppm\u00e4rksammats av omv\u00e4rlden. I september t\u00e4vlar Europaskolan Str\u00e4ngn\u00e4s om titeln \u00c5rets Skolrestaurang, nominerade av White Guide Junior. White Guide Junior \u00e4r en t\u00e4vling med syfte att lyfta fram allt det goda p\u00e5 f\u00f6rskolor och skolor runt om&hellip;","_links":{"self":[{"href":"https:\/\/www.europaskolan.se\/strangnas\/wp-json\/wp\/v2\/posts\/9346","targetHints":{"allow":["GET"]}}],"collection":[{"href":"https:\/\/www.europaskolan.se\/strangnas\/wp-json\/wp\/v2\/posts"}],"about":[{"href":"https:\/\/www.europaskolan.se\/strangnas\/wp-json\/wp\/v2\/types\/post"}],"author":[{"embeddable":true,"href":"https:\/\/www.europaskolan.se\/strangnas\/wp-json\/wp\/v2\/users\/2"}],"replies":[{"embeddable":true,"href":"https:\/\/www.europaskolan.se\/strangnas\/wp-json\/wp\/v2\/comments?post=9346"}],"version-history":[{"count":0,"href":"https:\/\/www.europaskolan.se\/strangnas\/wp-json\/wp\/v2\/posts\/9346\/revisions"}],"wp:featuredmedia":[{"embeddable":true,"href":"https:\/\/www.europaskolan.se\/strangnas\/wp-json\/wp\/v2\/media\/9352"}],"wp:attachment":[{"href":"https:\/\/www.europaskolan.se\/strangnas\/wp-json\/wp\/v2\/media?parent=9346"}],"wp:term":[{"taxonomy":"category","embeddable":true,"href":"https:\/\/www.europaskolan.se\/strangnas\/wp-json\/wp\/v2\/categories?post=9346"},{"taxonomy":"post_tag","embeddable":true,"href":"https:\/\/www.europaskolan.se\/strangnas\/wp-json\/wp\/v2\/tags?post=9346"}],"curies":[{"name":"wp","href":"https:\/\/api.w.org\/{rel}","templated":true}]}}