{"id":9317,"date":"2018-04-19T17:07:34","date_gmt":"2018-04-19T15:07:34","guid":{"rendered":"http:\/\/strangnas.europaskolan.org\/?p=9317"},"modified":"2018-04-19T17:07:34","modified_gmt":"2018-04-19T15:07:34","slug":"viktor-kohlin-lovfors-har-kommit-in-pa-california-institute-of-technology","status":"publish","type":"post","link":"https:\/\/www.europaskolan.se\/strangnas\/viktor-kohlin-lovfors-har-kommit-in-pa-california-institute-of-technology\/","title":{"rendered":"Viktor K\u00f6hlin L\u00f6vfors har kommit in p\u00e5 California  Institute of Technology\u00a0"},"content":{"rendered":"<p><img fetchpriority=\"high\" decoding=\"async\" class=\"alignnone size-full wp-image-9319\" src=\"https:\/\/www.europaskolan.se\/strangnas\/wp-content\/uploads\/sites\/2\/2018\/04\/Viktor-1.jpg\" alt=\"\" width=\"960\" height=\"494\" srcset=\"https:\/\/www.europaskolan.se\/strangnas\/wp-content\/uploads\/sites\/2\/2018\/04\/Viktor-1.jpg 960w, https:\/\/www.europaskolan.se\/strangnas\/wp-content\/uploads\/sites\/2\/2018\/04\/Viktor-1-300x154.jpg 300w, https:\/\/www.europaskolan.se\/strangnas\/wp-content\/uploads\/sites\/2\/2018\/04\/Viktor-1-768x395.jpg 768w\" sizes=\"(max-width: 960px) 100vw, 960px\" \/><\/p>\n<p><em>Hur l\u00e5ngt kan en studerande g\u00e5? Nu kan vi stolt meddela att Viktor K\u00f6hlin L\u00f6vfors p\u00e5 Europaskolan Str\u00e4ngn\u00e4s har r\u00f6nt \u00e4nnu en framg\u00e5ng. Han har kommit in p\u00e5 den mycket prestigefyllda fysikutbildningen vid Caltech i USA.<\/em><\/p>\n<p><strong>Caltech, California Institute of Technology,<\/strong> \u00e4r ett privat forskningsuniversitet i Pasadena, k\u00e4nt \u00f6ver hela v\u00e4rlden f\u00f6r sitt goda renomm\u00e9 och sina toppstudenter. Det \u00e4r ett relativt litet universitet, med mycket eftertraktade platser. H\u00e4rifr\u00e5n kommer till dags dato inte mindre \u00e4n 32 nobelpristagare!<\/p>\n<p><strong>Viktor \u00e4r den ende svensken som blivit antagen <\/strong>till h\u00f6stterminen 2018 och den s\u00e5\u00a0kallade \u201dClass of 2022\u201d\u2013 och en utav endast en handfull internationella studenter.<\/p>\n<p><strong>Stort och v\u00e4lf\u00f6rtj\u00e4nt grattis till dig, Viktor!<\/strong> Vi \u00e4r s\u00e5 imponerade av dina framg\u00e5ngar. Samtidigt vill vi tacka v\u00e5ra engagerade l\u00e4rare som st\u00f6ttar och utmanar Viktor att komma \u00e4nnu l\u00e4ngre i sina studier.<\/p>\n<p><strong>Vi p\u00e5 Europaskolan Str\u00e4ngn\u00e4s \u00e4r ocks\u00e5 lite extra stolta<\/strong> eftersom Viktor tillh\u00f6r den f\u00f6rsta \u00e5rskullen elever som g\u00e5tt den naturvetenskapliga spetsutbildningen: f\u00f6rst i h\u00f6gstadiet p\u00e5 v\u00e5r systerskola Europaskolan Rogge och sedan Scienceprogrammet p\u00e5 gymnasiet.<\/p>\n<p><em>Varmt lycka till inf\u00f6r dina kommande studier, Viktor! Vi ser med sp\u00e4nning fram emot att forts\u00e4tta f\u00f6lja dig.<\/em><\/p>\n<p><a href=\"http:\/\/www.caltech.edu\/\" target=\"_blank\" rel=\"noopener\">L\u00e4s mer om Caltech h\u00e4r &gt;<\/a><\/p>\n","protected":false},"excerpt":{"rendered":"<p>Hur l\u00e5ngt kan en studerande g\u00e5? Nu kan vi stolt meddela att Viktor K\u00f6hlin L\u00f6vfors p\u00e5 Europaskolan Str\u00e4ngn\u00e4s har r\u00f6nt \u00e4nnu en framg\u00e5ng. Han har kommit in p\u00e5 den mycket prestigefyllda fysikutbildningen vid Caltech i USA. Caltech, California Institute of Technology, \u00e4r ett privat forskningsuniversitet i Pasadena, k\u00e4nt \u00f6ver hela v\u00e4rlden f\u00f6r sitt goda renomm\u00e9 [&hellip;]<\/p>\n","protected":false},"author":2,"featured_media":9318,"comment_status":"closed","ping_status":"closed","sticky":false,"template":"","format":"standard","meta":{"footnotes":""},"categories":[11],"tags":[],"class_list":["post-9317","post","type-post","status-publish","format-standard","has-post-thumbnail","hentry","category-utmarkelser-europaskolan-strangnas"],"blocksy_meta":[],"rttpg_featured_image_url":{"full":["https:\/\/www.europaskolan.se\/strangnas\/wp-content\/uploads\/sites\/2\/2018\/04\/Viktor-2-1.jpg",558,494,false],"landscape":["https:\/\/www.europaskolan.se\/strangnas\/wp-content\/uploads\/sites\/2\/2018\/04\/Viktor-2-1.jpg",558,494,false],"portraits":["https:\/\/www.europaskolan.se\/strangnas\/wp-content\/uploads\/sites\/2\/2018\/04\/Viktor-2-1.jpg",558,494,false],"thumbnail":["https:\/\/www.europaskolan.se\/strangnas\/wp-content\/uploads\/sites\/2\/2018\/04\/Viktor-2-1-150x150.jpg",150,150,true],"medium":["https:\/\/www.europaskolan.se\/strangnas\/wp-content\/uploads\/sites\/2\/2018\/04\/Viktor-2-1-300x266.jpg",300,266,true],"large":["https:\/\/www.europaskolan.se\/strangnas\/wp-content\/uploads\/sites\/2\/2018\/04\/Viktor-2-1.jpg",558,494,false],"1536x1536":["https:\/\/www.europaskolan.se\/strangnas\/wp-content\/uploads\/sites\/2\/2018\/04\/Viktor-2-1.jpg",558,494,false],"2048x2048":["https:\/\/www.europaskolan.se\/strangnas\/wp-content\/uploads\/sites\/2\/2018\/04\/Viktor-2-1.jpg",558,494,false],"sow-carousel-default":["https:\/\/www.europaskolan.se\/strangnas\/wp-content\/uploads\/sites\/2\/2018\/04\/Viktor-2-1.jpg",206,182,false]},"rttpg_author":{"display_name":"camilla","author_link":"https:\/\/www.europaskolan.se\/strangnas\/author\/camilla\/"},"rttpg_comment":0,"rttpg_category":"<a href=\"https:\/\/www.europaskolan.se\/strangnas\/category\/utmarkelser-europaskolan-strangnas\/\" rel=\"category tag\">Utm\u00e4rkelser \u2013 Europaskolan Str\u00e4ngn\u00e4s<\/a>","rttpg_excerpt":"Hur l\u00e5ngt kan en studerande g\u00e5? Nu kan vi stolt meddela att Viktor K\u00f6hlin L\u00f6vfors p\u00e5 Europaskolan Str\u00e4ngn\u00e4s har r\u00f6nt \u00e4nnu en framg\u00e5ng. Han har kommit in p\u00e5 den mycket prestigefyllda fysikutbildningen vid Caltech i USA. Caltech, California Institute of Technology, \u00e4r ett privat forskningsuniversitet i Pasadena, k\u00e4nt \u00f6ver hela v\u00e4rlden f\u00f6r sitt goda renomm\u00e9&hellip;","_links":{"self":[{"href":"https:\/\/www.europaskolan.se\/strangnas\/wp-json\/wp\/v2\/posts\/9317","targetHints":{"allow":["GET"]}}],"collection":[{"href":"https:\/\/www.europaskolan.se\/strangnas\/wp-json\/wp\/v2\/posts"}],"about":[{"href":"https:\/\/www.europaskolan.se\/strangnas\/wp-json\/wp\/v2\/types\/post"}],"author":[{"embeddable":true,"href":"https:\/\/www.europaskolan.se\/strangnas\/wp-json\/wp\/v2\/users\/2"}],"replies":[{"embeddable":true,"href":"https:\/\/www.europaskolan.se\/strangnas\/wp-json\/wp\/v2\/comments?post=9317"}],"version-history":[{"count":0,"href":"https:\/\/www.europaskolan.se\/strangnas\/wp-json\/wp\/v2\/posts\/9317\/revisions"}],"wp:featuredmedia":[{"embeddable":true,"href":"https:\/\/www.europaskolan.se\/strangnas\/wp-json\/wp\/v2\/media\/9318"}],"wp:attachment":[{"href":"https:\/\/www.europaskolan.se\/strangnas\/wp-json\/wp\/v2\/media?parent=9317"}],"wp:term":[{"taxonomy":"category","embeddable":true,"href":"https:\/\/www.europaskolan.se\/strangnas\/wp-json\/wp\/v2\/categories?post=9317"},{"taxonomy":"post_tag","embeddable":true,"href":"https:\/\/www.europaskolan.se\/strangnas\/wp-json\/wp\/v2\/tags?post=9317"}],"curies":[{"name":"wp","href":"https:\/\/api.w.org\/{rel}","templated":true}]}}