{"id":9284,"date":"2018-03-26T18:28:13","date_gmt":"2018-03-26T16:28:13","guid":{"rendered":"http:\/\/strangnas.europaskolan.org\/?p=9284"},"modified":"2021-08-16T14:34:34","modified_gmt":"2021-08-16T12:34:34","slug":"europaskolan-strangnas-bast-i-sverige-i-frankofonitavlingen-2018","status":"publish","type":"post","link":"https:\/\/www.europaskolan.se\/strangnas\/europaskolan-strangnas-bast-i-sverige-i-frankofonitavlingen-2018\/","title":{"rendered":"Europaskolan Str\u00e4ngn\u00e4s b\u00e4st i Sverige i Frankofonit\u00e4vlingen 2018"},"content":{"rendered":"<p><img fetchpriority=\"high\" decoding=\"async\" class=\"alignnone size-full wp-image-9286\" src=\"https:\/\/www.europaskolan.se\/strangnas\/wp-content\/uploads\/sites\/2\/2018\/03\/Frankofoni-1-2018-1.jpg\" alt=\"\" width=\"838\" height=\"477\" srcset=\"https:\/\/www.europaskolan.se\/strangnas\/wp-content\/uploads\/sites\/2\/2018\/03\/Frankofoni-1-2018-1.jpg 838w, https:\/\/www.europaskolan.se\/strangnas\/wp-content\/uploads\/sites\/2\/2018\/03\/Frankofoni-1-2018-1-300x171.jpg 300w, https:\/\/www.europaskolan.se\/strangnas\/wp-content\/uploads\/sites\/2\/2018\/03\/Frankofoni-1-2018-1-768x437.jpg 768w\" sizes=\"(max-width: 838px) 100vw, 838px\" \/><\/p>\n<p><em>La vie est belle! Det tycker vi p\u00e5 Europaskolan Str\u00e4ngn\u00e4s, efter att ha vunnit Frankofonit\u00e4vlingen f\u00f6r femte \u00e5ret i rad. V\u00e5ra elever fick n\u00e4mligen f\u00f6rsta pris med sin podcast p\u00e5 franska, som ocks\u00e5 kommer att s\u00e4ndas i Sveriges Radio.<\/em><\/p>\n<p><strong>Concours de la Francophonie (Frankofonit\u00e4vlingen) \u00e4r en \u00e5rlig t\u00e4vling,<\/strong> som v\u00e4nder sig till alla gymnasieungdomar som studerar franska. Den ordnas sedan 1970 av franska institut runt om i v\u00e4rlden. Frankofoni \u00e4r det internationella samfundet f\u00f6r fransktalande personer, och hela mars m\u00e5nad \u00e4r \u201dFrankofonim\u00e5nad\u201d d\u00e5 man uppm\u00e4rksammar det femte mest talade spr\u00e5ket i v\u00e4rlden.<\/p>\n<p><strong>I \u00e5rets Frankofonit\u00e4vling g\u00e4llde det att g\u00f6ra den \u201dB\u00e4sta franska podden p\u00e5 Radio Elan\u201d. <\/strong>Radio Elan (www.radio-elan.se) \u00e4r den f\u00f6rsta svenska webbradion f\u00f6r skolor p\u00e5 franska. Den v\u00e4nder sig till samtliga franskl\u00e4rare i Sverige och deras skolklasser, med tanken att eleverna ska ta sig \u00f6ver tr\u00f6skeln och v\u00e5ga prata.<\/p>\n<p><img decoding=\"async\" class=\"alignnone size-full wp-image-9288\" src=\"https:\/\/www.europaskolan.se\/strangnas\/wp-content\/uploads\/sites\/2\/2018\/03\/Frankofoni-3-2018-1.jpg\" alt=\"\" width=\"936\" height=\"560\" srcset=\"https:\/\/www.europaskolan.se\/strangnas\/wp-content\/uploads\/sites\/2\/2018\/03\/Frankofoni-3-2018-1.jpg 936w, https:\/\/www.europaskolan.se\/strangnas\/wp-content\/uploads\/sites\/2\/2018\/03\/Frankofoni-3-2018-1-300x179.jpg 300w, https:\/\/www.europaskolan.se\/strangnas\/wp-content\/uploads\/sites\/2\/2018\/03\/Frankofoni-3-2018-1-768x459.jpg 768w, https:\/\/www.europaskolan.se\/strangnas\/wp-content\/uploads\/sites\/2\/2018\/03\/Frankofoni-3-2018-1-200x120.jpg 200w\" sizes=\"(max-width: 936px) 100vw, 936px\" \/><\/p>\n<p><strong>Varje klass skulle tillsammans producera en podd p\u00e5 franska<\/strong> i mp3-format p\u00e5 valfritt tema, men i anslutning till de aktioner som genomf\u00f6rs av Internationella organisationen f\u00f6r frankofoni (OIF).<\/p>\n<p><strong>V\u00e5r skola bidrog med tv\u00e5 poddar, som kom bland de fyra b\u00e4sta. <\/strong>Bed\u00f6mningen gick till s\u00e5 att eleverna fick betygs\u00e4tta varandra. Sj\u00e4lva satte vi betyg p\u00e5 sju olika poddar och blev i v\u00e5r tur betygsatta av andra.<\/p>\n<p><strong>I slutet stod det mellan Europaskolan Str\u00e4ngn\u00e4s steg 4-elever<\/strong> <strong>och Musikskolan Lilla Akademien<\/strong> i Stockholm. Franska ambassaden kallade d\u00e5 in en professionell person fr\u00e5n Sveriges Radio f\u00f6r att avg\u00f6ra.<\/p>\n<p><strong>Vinnare blev Europaskolan Str\u00e4ngn\u00e4s Podcast nr 5, <\/strong>som tar upp spr\u00e5kliga och kulturella olikheter mellan fransktalande l\u00e4nder. Med humor och klockrent uttal diskuterar eleverna Shaker, Tilda och Charlotta olika ord f\u00f6r pengar och m\u00e5ltider i Frankrike, Kanada och Marocko. Och vad \u00e4r egentligen en \u201dfransk hotdog\u201d?<\/p>\n<p>Vinnarpodden \u00e4r den som, enligt domaren, signalerar mest \u201dradiomaterial\u201d och proffsighet. Lyssna sj\u00e4lv via l\u00e4nken nedan. F\u00f6r den som inte helt bem\u00e4strar spr\u00e5ket f\u00e5r vi h\u00e4nvisa till en viss \u00f6vers\u00e4ttningstj\u00e4nst p\u00e5 n\u00e4tet eller n\u00e5gon som \u00e4r duktig p\u00e5 franska.<\/p>\n<p><img decoding=\"async\" class=\"alignnone size-full wp-image-9287\" src=\"https:\/\/www.europaskolan.se\/strangnas\/wp-content\/uploads\/sites\/2\/2018\/03\/Frankofoni-2-2018-1.jpg\" alt=\"\" width=\"768\" height=\"485\" srcset=\"https:\/\/www.europaskolan.se\/strangnas\/wp-content\/uploads\/sites\/2\/2018\/03\/Frankofoni-2-2018-1.jpg 768w, https:\/\/www.europaskolan.se\/strangnas\/wp-content\/uploads\/sites\/2\/2018\/03\/Frankofoni-2-2018-1-300x189.jpg 300w\" sizes=\"(max-width: 768px) 100vw, 768px\" \/><\/p>\n<p><strong>Stort grattis, b\u00e5de till v\u00e5ra duktiga elever och deras l\u00e4rare Caroline Noreen!<\/strong> Alla blev uppm\u00e4rksammade under festliga former under Journ\u00e9e de la Francophonie, den 22 mars p\u00e5 Folkuniversitetet i Stockholm. D\u00e4r deltog representanter fr\u00e5n flera olika medlemsl\u00e4nder, som dessutom bj\u00f6d p\u00e5 sina b\u00e4sta kulinariska specialiteter.<\/p>\n<p><strong>Sj\u00e4lva priset kommer att delas ut av Schweiz ambassad\u00f6r<\/strong> med delegation, h\u00e4r i Str\u00e4ngn\u00e4s: sammanlagt 10\u00a0000 kronor till eleverna och 2\u00a0500 kronor till deras l\u00e4rare.<\/p>\n<p><strong>Vi p\u00e5 Europaskolan Str\u00e4ngn\u00e4s \u00e4r extra stolta<\/strong> <strong>eftersom vi nu vunnit Frankofonit\u00e4vlingen fem g\u00e5nger i rad. <\/strong>De senaste tre \u00e5ren har t\u00e4vlingen inte varit riktad till skolor, utan enbart privatpersoner och organisationer. Men \u00e5ren dessf\u00f6rinnan tog vi hem segern fyra \u00e5r i rad: 2011, 2012, 2013 och 2014. F\u00f6r l\u00e4raren Caroline Noreen blir 2018 sj\u00e4tte \u00e5ret p\u00e5 raken med vinst, n\u00e4r hon r\u00e4knar in en tidigare tj\u00e4nst.<\/p>\n<p><strong>Caroline Noreen stod \u00e4ven i fokus under dagen p\u00e5 Folkuniversitetet, <\/strong>eftersom Frankrikes president Macron vill l\u00e4gga tonvikt p\u00e5 l\u00e4rarna \u2013 s\u00e4rskilt de som jobbar utomlands.<\/p>\n<p><img loading=\"lazy\" decoding=\"async\" class=\"alignnone size-full wp-image-9289\" src=\"https:\/\/www.europaskolan.se\/strangnas\/wp-content\/uploads\/sites\/2\/2018\/03\/Frankofoni-4-2018-1.jpg\" alt=\"\" width=\"522\" height=\"313\" srcset=\"https:\/\/www.europaskolan.se\/strangnas\/wp-content\/uploads\/sites\/2\/2018\/03\/Frankofoni-4-2018-1.jpg 522w, https:\/\/www.europaskolan.se\/strangnas\/wp-content\/uploads\/sites\/2\/2018\/03\/Frankofoni-4-2018-1-300x180.jpg 300w, https:\/\/www.europaskolan.se\/strangnas\/wp-content\/uploads\/sites\/2\/2018\/03\/Frankofoni-4-2018-1-200x120.jpg 200w\" sizes=\"(max-width: 522px) 100vw, 522px\" \/><\/p>\n<p><strong>Slutligen vill vi rikta ett varmt tack till familjen Baltatzis i Str\u00e4ngn\u00e4s<\/strong> som l\u00e5nade oss sin inspelningsstudio. Utan dem hade vi inte kunnat vara lika proffsiga. Vi f\u00e5r ocks\u00e5 l\u00e5na deras studio n\u00e4r v\u00e5ra elever i marknadsf\u00f6ring s\u00e4nder \u201dEuropasnacket\u201d, Europaskolan Str\u00e4ngn\u00e4s podcast.<\/p>\n<p><em>\u00c5terigen grattis till v\u00e5ra vinnare. Ni \u00e4r fantastiska!<\/em><\/p>\n<p><a href=\"https:\/\/www.francophonie.org\" target=\"_blank\" rel=\"noopener\">L\u00e4s mer om Frankofonit\u00e4vlingen. &gt;<\/a><\/p>\n<p><a href=\"http:\/\/radio-elan.se\/concours-de-la-francophonie\/\" target=\"_blank\" rel=\"noopener\">H\u00e4r kan du lyssna p\u00e5 det vinnande bidraget Podcast nr 5.\u00a0 &gt;<\/a><br \/>\noch h\u00e4r \u00e4r <a href=\"https:\/\/www.europaskolan.se\/strangnas\/wp-content\/uploads\/sites\/2\/2018\/03\/Podcast-steg-4-1.docx\">manuskriptet med tillh\u00f6rande rollf\u00f6rdelning. &gt;<\/a><\/p>\n","protected":false},"excerpt":{"rendered":"<p>La vie est belle! Det tycker vi p\u00e5 Europaskolan Str\u00e4ngn\u00e4s, efter att ha vunnit Frankofonit\u00e4vlingen f\u00f6r femte \u00e5ret i rad. V\u00e5ra elever fick n\u00e4mligen f\u00f6rsta pris med sin podcast p\u00e5 franska, som ocks\u00e5 kommer att s\u00e4ndas i Sveriges Radio. Concours de la Francophonie (Frankofonit\u00e4vlingen) \u00e4r en \u00e5rlig t\u00e4vling, som v\u00e4nder sig till alla gymnasieungdomar som [&hellip;]<\/p>\n","protected":false},"author":2,"featured_media":9287,"comment_status":"closed","ping_status":"closed","sticky":false,"template":"","format":"standard","meta":{"footnotes":""},"categories":[44,11],"tags":[],"class_list":["post-9284","post","type-post","status-publish","format-standard","has-post-thumbnail","hentry","category-europaskolan-strangnas-i-bilder","category-utmarkelser-europaskolan-strangnas"],"blocksy_meta":[],"rttpg_featured_image_url":{"full":["https:\/\/www.europaskolan.se\/strangnas\/wp-content\/uploads\/sites\/2\/2018\/03\/Frankofoni-2-2018-1.jpg",768,485,false],"landscape":["https:\/\/www.europaskolan.se\/strangnas\/wp-content\/uploads\/sites\/2\/2018\/03\/Frankofoni-2-2018-1.jpg",768,485,false],"portraits":["https:\/\/www.europaskolan.se\/strangnas\/wp-content\/uploads\/sites\/2\/2018\/03\/Frankofoni-2-2018-1.jpg",768,485,false],"thumbnail":["https:\/\/www.europaskolan.se\/strangnas\/wp-content\/uploads\/sites\/2\/2018\/03\/Frankofoni-2-2018-1-150x150.jpg",150,150,true],"medium":["https:\/\/www.europaskolan.se\/strangnas\/wp-content\/uploads\/sites\/2\/2018\/03\/Frankofoni-2-2018-1-300x189.jpg",300,189,true],"large":["https:\/\/www.europaskolan.se\/strangnas\/wp-content\/uploads\/sites\/2\/2018\/03\/Frankofoni-2-2018-1.jpg",768,485,false],"1536x1536":["https:\/\/www.europaskolan.se\/strangnas\/wp-content\/uploads\/sites\/2\/2018\/03\/Frankofoni-2-2018-1.jpg",768,485,false],"2048x2048":["https:\/\/www.europaskolan.se\/strangnas\/wp-content\/uploads\/sites\/2\/2018\/03\/Frankofoni-2-2018-1.jpg",768,485,false],"sow-carousel-default":["https:\/\/www.europaskolan.se\/strangnas\/wp-content\/uploads\/sites\/2\/2018\/03\/Frankofoni-2-2018-1.jpg",272,172,false]},"rttpg_author":{"display_name":"camilla","author_link":"https:\/\/www.europaskolan.se\/strangnas\/author\/camilla\/"},"rttpg_comment":0,"rttpg_category":"<a href=\"https:\/\/www.europaskolan.se\/strangnas\/category\/europaskolan-strangnas-i-bilder\/\" rel=\"category tag\">Europaskolan Str\u00e4ngn\u00e4s i bilder<\/a> <a href=\"https:\/\/www.europaskolan.se\/strangnas\/category\/utmarkelser-europaskolan-strangnas\/\" rel=\"category tag\">Utm\u00e4rkelser \u2013 Europaskolan Str\u00e4ngn\u00e4s<\/a>","rttpg_excerpt":"La vie est belle! Det tycker vi p\u00e5 Europaskolan Str\u00e4ngn\u00e4s, efter att ha vunnit Frankofonit\u00e4vlingen f\u00f6r femte \u00e5ret i rad. V\u00e5ra elever fick n\u00e4mligen f\u00f6rsta pris med sin podcast p\u00e5 franska, som ocks\u00e5 kommer att s\u00e4ndas i Sveriges Radio. Concours de la Francophonie (Frankofonit\u00e4vlingen) \u00e4r en \u00e5rlig t\u00e4vling, som v\u00e4nder sig till alla gymnasieungdomar som&hellip;","_links":{"self":[{"href":"https:\/\/www.europaskolan.se\/strangnas\/wp-json\/wp\/v2\/posts\/9284","targetHints":{"allow":["GET"]}}],"collection":[{"href":"https:\/\/www.europaskolan.se\/strangnas\/wp-json\/wp\/v2\/posts"}],"about":[{"href":"https:\/\/www.europaskolan.se\/strangnas\/wp-json\/wp\/v2\/types\/post"}],"author":[{"embeddable":true,"href":"https:\/\/www.europaskolan.se\/strangnas\/wp-json\/wp\/v2\/users\/2"}],"replies":[{"embeddable":true,"href":"https:\/\/www.europaskolan.se\/strangnas\/wp-json\/wp\/v2\/comments?post=9284"}],"version-history":[{"count":0,"href":"https:\/\/www.europaskolan.se\/strangnas\/wp-json\/wp\/v2\/posts\/9284\/revisions"}],"wp:featuredmedia":[{"embeddable":true,"href":"https:\/\/www.europaskolan.se\/strangnas\/wp-json\/wp\/v2\/media\/9287"}],"wp:attachment":[{"href":"https:\/\/www.europaskolan.se\/strangnas\/wp-json\/wp\/v2\/media?parent=9284"}],"wp:term":[{"taxonomy":"category","embeddable":true,"href":"https:\/\/www.europaskolan.se\/strangnas\/wp-json\/wp\/v2\/categories?post=9284"},{"taxonomy":"post_tag","embeddable":true,"href":"https:\/\/www.europaskolan.se\/strangnas\/wp-json\/wp\/v2\/tags?post=9284"}],"curies":[{"name":"wp","href":"https:\/\/api.w.org\/{rel}","templated":true}]}}