{"id":9249,"date":"2018-03-19T19:05:00","date_gmt":"2018-03-19T18:05:00","guid":{"rendered":"http:\/\/strangnas.europaskolan.org\/?p=9249"},"modified":"2018-03-19T19:05:00","modified_gmt":"2018-03-19T18:05:00","slug":"tva-uf-foretag-fran-europaskolan-strangnas-gar-till-sm-i-ung-foretagsamhet","status":"publish","type":"post","link":"https:\/\/www.europaskolan.se\/strangnas\/tva-uf-foretag-fran-europaskolan-strangnas-gar-till-sm-i-ung-foretagsamhet\/","title":{"rendered":"Tv\u00e5 UF-f\u00f6retag fr\u00e5n Europaskolan Str\u00e4ngn\u00e4s g\u00e5r till SM i Ung F\u00f6retagsamhet"},"content":{"rendered":"<p><img fetchpriority=\"high\" decoding=\"async\" class=\"alignnone size-full wp-image-9253\" src=\"https:\/\/www.europaskolan.se\/strangnas\/wp-content\/uploads\/sites\/2\/2018\/03\/UF1-1.jpg\" alt=\"\" width=\"720\" height=\"417\" srcset=\"https:\/\/www.europaskolan.se\/strangnas\/wp-content\/uploads\/sites\/2\/2018\/03\/UF1-1.jpg 720w, https:\/\/www.europaskolan.se\/strangnas\/wp-content\/uploads\/sites\/2\/2018\/03\/UF1-1-300x174.jpg 300w\" sizes=\"(max-width: 720px) 100vw, 720px\" \/><\/p>\n<p><em>\u00c4nnu fler framg\u00e5ngar f\u00f6r v\u00e5ra UF-f\u00f6retag p\u00e5 Europaskolan Str\u00e4ngn\u00e4s! Det blev det efter helgens regionala UF-m\u00e4ssa i Katrineholm. Hela \u00e5tta pallplatser fick v\u00e5ra deltagande UF-f\u00f6retag, varav tv\u00e5 g\u00e5r vidare till SM: Get Organized och Himalaya UF.<\/em><\/p>\n<p><strong>UF-m\u00e4ssan Entrepren\u00f6rskap p\u00e5 riktigt \u00e4r \u00e5rets h\u00f6jdpunkt<\/strong> f\u00f6r Sveriges UF-f\u00f6retagare. Varje \u00e5r ordnas denna energifyllda m\u00e4ssa runt om i landet, d\u00e4r eleverna har m\u00f6jlighet att s\u00e4lja, knyta v\u00e4rdefulla kontakter och t\u00e4vla i olika kategorier.<\/p>\n<p><strong>L\u00f6rdagen den 17 mars samlades UF-f\u00f6retag fr\u00e5n hela S\u00f6dermanland<\/strong> p\u00e5 den regionala UF-m\u00e4ssan i Katrineholm. Fr\u00e5n Europaskolan Str\u00e4ngn\u00e4s deltog elever fr\u00e5n tio UF-f\u00f6retag, som med stort engagemang presenterade sina produkter.<\/p>\n<p><img decoding=\"async\" class=\"alignnone wp-image-9255\" src=\"https:\/\/www.europaskolan.se\/strangnas\/wp-content\/uploads\/sites\/2\/2018\/03\/Grains-1.jpg\" alt=\"\" width=\"650\" height=\"366\" srcset=\"https:\/\/www.europaskolan.se\/strangnas\/wp-content\/uploads\/sites\/2\/2018\/03\/Grains-1.jpg 960w, https:\/\/www.europaskolan.se\/strangnas\/wp-content\/uploads\/sites\/2\/2018\/03\/Grains-1-300x169.jpg 300w, https:\/\/www.europaskolan.se\/strangnas\/wp-content\/uploads\/sites\/2\/2018\/03\/Grains-1-768x433.jpg 768w\" sizes=\"(max-width: 650px) 100vw, 650px\" \/><\/p>\n<p><strong>Vid dagens slut b\u00f6rjade priserna \u201dhagla\u201d \u00f6ver v\u00e5ra duktiga UF-elever.<\/strong> Hela \u00e5tta priser delades ut till elever fr\u00e5n just v\u00e5r skola. (Se listan nedan.)<\/p>\n<p><img decoding=\"async\" class=\"alignnone size-full wp-image-9256\" src=\"https:\/\/www.europaskolan.se\/strangnas\/wp-content\/uploads\/sites\/2\/2018\/03\/UF4-1.jpg\" alt=\"\" width=\"650\" height=\"400\" srcset=\"https:\/\/www.europaskolan.se\/strangnas\/wp-content\/uploads\/sites\/2\/2018\/03\/UF4-1.jpg 650w, https:\/\/www.europaskolan.se\/strangnas\/wp-content\/uploads\/sites\/2\/2018\/03\/UF4-1-300x185.jpg 300w\" sizes=\"(max-width: 650px) 100vw, 650px\" \/><\/p>\n<p><strong>Tv\u00e5 UF-f\u00f6retag fr\u00e5n Europaskolan Str\u00e4ngn\u00e4s g\u00e5r dessutom vidare till SM-final<\/strong>: Himalaya UF och Get Organized. Med sitt gourmetsalt respektive sina smarta f\u00f6rvaringsp\u00e5sar, f\u00e5r eleverna nu chansen att t\u00e4vla i SM som g\u00e5r av stapeln den 16\u201317 maj p\u00e5 Stockholmsm\u00e4ssan.<\/p>\n<p><img loading=\"lazy\" decoding=\"async\" class=\"alignnone size-full wp-image-9254\" src=\"https:\/\/www.europaskolan.se\/strangnas\/wp-content\/uploads\/sites\/2\/2018\/03\/UF2-1.jpg\" alt=\"\" width=\"650\" height=\"400\" srcset=\"https:\/\/www.europaskolan.se\/strangnas\/wp-content\/uploads\/sites\/2\/2018\/03\/UF2-1.jpg 650w, https:\/\/www.europaskolan.se\/strangnas\/wp-content\/uploads\/sites\/2\/2018\/03\/UF2-1-300x185.jpg 300w\" sizes=\"(max-width: 650px) 100vw, 650px\" \/><\/p>\n<p><strong>Det \u00e4r med gl\u00e4dje och stolthet vi ser dessa framg\u00e5ngar<\/strong> f\u00f6r v\u00e5ra UF-f\u00f6retag. \u00c5terigen har Europaskolan Str\u00e4ngn\u00e4s elever visat prov p\u00e5 sann entrepren\u00f6rsanda och stora talanger. En eloge \u00e4ven till v\u00e5ra l\u00e4rare som hj\u00e4lper eleverna att f\u00f6rverkliga sina id\u00e9er.<\/p>\n<p><em>Stort grattis till alla pristagare och lycka till i SM! Vi \u00e4r s\u00e5 stolta \u00f6ver er.<\/em><\/p>\n<h3><strong>H\u00e4r \u00e4r listan \u00f6ver priser till UF-f\u00f6retag fr\u00e5n Europaskolan Str\u00e4ngn\u00e4s:<\/strong><\/h3>\n<p><strong>\u00c5rets aff\u00e4rsplan<br \/>\n<\/strong>2 Get Organized UF<\/p>\n<p><strong>\u00c5rets reklamfilm<br \/>\n<\/strong>1 Graines UF<\/p>\n<p><strong>\u00c5rets marknadsf\u00f6ring<br \/>\n<\/strong>2 Get Organized UF<br \/>\n3 Stay Connected UF<\/p>\n<p><strong>\u00c5rets monter<br \/>\n<\/strong>3 Coffeum UF<\/p>\n<p><strong>\u00c5rets vara<br \/>\n<\/strong>1 Get Organized UF\u00a0<strong>\u2013 \u00a0till SM<\/strong><\/p>\n<p><strong>\u00c5rets s\u00e4ljare<br \/>\n<\/strong>1 Isak Cieslak (Himalaya UF)<strong> \u2013\u00a0 till SM<br \/>\n<\/strong>3 Johanna Plate (Coffeum UF)<\/p>\n<p>Fr\u00e5n Europaskolan Str\u00e4ngn\u00e4s deltog \u00e4ven dessa UF-f\u00f6retag: Ball Print UF, Happy Bird UF, Bijou UF, Bricki UF och StayWoke UF.<\/p>\n<p><a href=\"https:\/\/ungforetagsamhet.se\/gymnasium\/sodermanland\/entreprenorskap-pa-riktigt-2018\" target=\"_blank\" rel=\"noopener\">L\u00e4s mer om Entrepren\u00f6rskap p\u00e5 riktigt h\u00e4r. &gt;\u00a0<\/a><\/p>\n","protected":false},"excerpt":{"rendered":"<p>\u00c4nnu fler framg\u00e5ngar f\u00f6r v\u00e5ra UF-f\u00f6retag p\u00e5 Europaskolan Str\u00e4ngn\u00e4s! Det blev det efter helgens regionala UF-m\u00e4ssa i Katrineholm. Hela \u00e5tta pallplatser fick v\u00e5ra deltagande UF-f\u00f6retag, varav tv\u00e5 g\u00e5r vidare till SM: Get Organized och Himalaya UF. UF-m\u00e4ssan Entrepren\u00f6rskap p\u00e5 riktigt \u00e4r \u00e5rets h\u00f6jdpunkt f\u00f6r Sveriges UF-f\u00f6retagare. Varje \u00e5r ordnas denna energifyllda m\u00e4ssa runt om i [&hellip;]<\/p>\n","protected":false},"author":2,"featured_media":9257,"comment_status":"closed","ping_status":"closed","sticky":false,"template":"","format":"standard","meta":{"footnotes":""},"categories":[11],"tags":[],"class_list":["post-9249","post","type-post","status-publish","format-standard","has-post-thumbnail","hentry","category-utmarkelser-europaskolan-strangnas"],"blocksy_meta":[],"rttpg_featured_image_url":{"full":["https:\/\/www.europaskolan.se\/strangnas\/wp-content\/uploads\/sites\/2\/2018\/03\/UF3-1.jpg",2448,2496,false],"landscape":["https:\/\/www.europaskolan.se\/strangnas\/wp-content\/uploads\/sites\/2\/2018\/03\/UF3-1.jpg",2448,2496,false],"portraits":["https:\/\/www.europaskolan.se\/strangnas\/wp-content\/uploads\/sites\/2\/2018\/03\/UF3-1.jpg",2448,2496,false],"thumbnail":["https:\/\/www.europaskolan.se\/strangnas\/wp-content\/uploads\/sites\/2\/2018\/03\/UF3-1-150x150.jpg",150,150,true],"medium":["https:\/\/www.europaskolan.se\/strangnas\/wp-content\/uploads\/sites\/2\/2018\/03\/UF3-1-294x300.jpg",294,300,true],"large":["https:\/\/www.europaskolan.se\/strangnas\/wp-content\/uploads\/sites\/2\/2018\/03\/UF3-1-1004x1024.jpg",1004,1024,true],"1536x1536":["https:\/\/www.europaskolan.se\/strangnas\/wp-content\/uploads\/sites\/2\/2018\/03\/UF3-1.jpg",1506,1536,false],"2048x2048":["https:\/\/www.europaskolan.se\/strangnas\/wp-content\/uploads\/sites\/2\/2018\/03\/UF3-1.jpg",2009,2048,false],"sow-carousel-default":["https:\/\/www.europaskolan.se\/strangnas\/wp-content\/uploads\/sites\/2\/2018\/03\/UF3-1.jpg",179,182,false]},"rttpg_author":{"display_name":"camilla","author_link":"https:\/\/www.europaskolan.se\/strangnas\/author\/camilla\/"},"rttpg_comment":0,"rttpg_category":"<a href=\"https:\/\/www.europaskolan.se\/strangnas\/category\/utmarkelser-europaskolan-strangnas\/\" rel=\"category tag\">Utm\u00e4rkelser \u2013 Europaskolan Str\u00e4ngn\u00e4s<\/a>","rttpg_excerpt":"\u00c4nnu fler framg\u00e5ngar f\u00f6r v\u00e5ra UF-f\u00f6retag p\u00e5 Europaskolan Str\u00e4ngn\u00e4s! Det blev det efter helgens regionala UF-m\u00e4ssa i Katrineholm. Hela \u00e5tta pallplatser fick v\u00e5ra deltagande UF-f\u00f6retag, varav tv\u00e5 g\u00e5r vidare till SM: Get Organized och Himalaya UF. UF-m\u00e4ssan Entrepren\u00f6rskap p\u00e5 riktigt \u00e4r \u00e5rets h\u00f6jdpunkt f\u00f6r Sveriges UF-f\u00f6retagare. Varje \u00e5r ordnas denna energifyllda m\u00e4ssa runt om i&hellip;","_links":{"self":[{"href":"https:\/\/www.europaskolan.se\/strangnas\/wp-json\/wp\/v2\/posts\/9249","targetHints":{"allow":["GET"]}}],"collection":[{"href":"https:\/\/www.europaskolan.se\/strangnas\/wp-json\/wp\/v2\/posts"}],"about":[{"href":"https:\/\/www.europaskolan.se\/strangnas\/wp-json\/wp\/v2\/types\/post"}],"author":[{"embeddable":true,"href":"https:\/\/www.europaskolan.se\/strangnas\/wp-json\/wp\/v2\/users\/2"}],"replies":[{"embeddable":true,"href":"https:\/\/www.europaskolan.se\/strangnas\/wp-json\/wp\/v2\/comments?post=9249"}],"version-history":[{"count":0,"href":"https:\/\/www.europaskolan.se\/strangnas\/wp-json\/wp\/v2\/posts\/9249\/revisions"}],"wp:featuredmedia":[{"embeddable":true,"href":"https:\/\/www.europaskolan.se\/strangnas\/wp-json\/wp\/v2\/media\/9257"}],"wp:attachment":[{"href":"https:\/\/www.europaskolan.se\/strangnas\/wp-json\/wp\/v2\/media?parent=9249"}],"wp:term":[{"taxonomy":"category","embeddable":true,"href":"https:\/\/www.europaskolan.se\/strangnas\/wp-json\/wp\/v2\/categories?post=9249"},{"taxonomy":"post_tag","embeddable":true,"href":"https:\/\/www.europaskolan.se\/strangnas\/wp-json\/wp\/v2\/tags?post=9249"}],"curies":[{"name":"wp","href":"https:\/\/api.w.org\/{rel}","templated":true}]}}