{"id":9213,"date":"2018-03-07T16:32:20","date_gmt":"2018-03-07T15:32:20","guid":{"rendered":"http:\/\/strangnas.europaskolan.org\/?p=9213"},"modified":"2019-05-28T11:28:18","modified_gmt":"2019-05-28T09:28:18","slug":"viktor-pa-europaskolan-strangnas-aterigen-utsedd-till-en-av-sveriges-basta-unga-forskare","status":"publish","type":"post","link":"https:\/\/www.europaskolan.se\/strangnas\/viktor-pa-europaskolan-strangnas-aterigen-utsedd-till-en-av-sveriges-basta-unga-forskare\/","title":{"rendered":"Viktor p\u00e5 Europaskolan Str\u00e4ngn\u00e4s \u00e5terigen utsedd  till en av Sveriges b\u00e4sta unga forskare"},"content":{"rendered":"<p><img fetchpriority=\"high\" decoding=\"async\" class=\"alignnone size-full wp-image-9215\" src=\"https:\/\/www.europaskolan.se\/strangnas\/wp-content\/uploads\/sites\/2\/2018\/03\/viktor-pacc8a-rsi-1.png\" alt=\"\" width=\"762\" height=\"519\" srcset=\"https:\/\/www.europaskolan.se\/strangnas\/wp-content\/uploads\/sites\/2\/2018\/03\/viktor-pacc8a-rsi-1.png 762w, https:\/\/www.europaskolan.se\/strangnas\/wp-content\/uploads\/sites\/2\/2018\/03\/viktor-pacc8a-rsi-1-300x204.png 300w\" sizes=\"(max-width: 762px) 100vw, 762px\" \/><\/p>\n<p><em>\u00c4nnu en framg\u00e5ng \u00e4r uppn\u00e5dd f\u00f6r Viktor K\u00f6hlin L\u00f6vfors p\u00e5 Europaskolan Str\u00e4ngn\u00e4s. Nu g\u00e5r han vidare till final i Unga forskares t\u00e4vling \u201dUtst\u00e4llningen\u201d, som en av de b\u00e4sta unga forskarna i Sverige. <\/em><em>\u00a0<\/em><\/p>\n<p><strong>Viktor K\u00f6hlin L\u00f6vfors<\/strong> <strong>har tidigare f\u00e5tt flera utm\u00e4rkelser,<\/strong> som en mycket framst\u00e5ende elev inom naturvetenskapen. Han g\u00e5r nu tredje \u00e5ret p\u00e5 det naturvetenskapliga programmet Science, p\u00e5 Europaskolan Str\u00e4ngn\u00e4s.<\/p>\n<p><strong>F\u00f6rra \u00e5ret blev han uttagen av RSI (Research Science Institute)<\/strong> att delta i sommarens forskarskola p\u00e5 MIT, Massachusetts Institute of Technology \u2013 en av de mest v\u00e4lrenommerade forskarskolorna i v\u00e4rlden.<\/p>\n<p><img decoding=\"async\" class=\"alignnone size-full wp-image-9216\" src=\"https:\/\/www.europaskolan.se\/strangnas\/wp-content\/uploads\/sites\/2\/2018\/03\/ESS-Viktor-1.jpg\" alt=\"\" width=\"750\" height=\"400\" srcset=\"https:\/\/www.europaskolan.se\/strangnas\/wp-content\/uploads\/sites\/2\/2018\/03\/ESS-Viktor-1.jpg 750w, https:\/\/www.europaskolan.se\/strangnas\/wp-content\/uploads\/sites\/2\/2018\/03\/ESS-Viktor-1-300x160.jpg 300w\" sizes=\"(max-width: 750px) 100vw, 750px\" \/><\/p>\n<p><strong>I USA fick Viktor forska inom astrofysik,<\/strong> d\u00e4r han inriktade sig p\u00e5 att hitta stj\u00e4rnor som kan explodera som supernovor av typ 1a.<\/p>\n<p><strong>Forskningen vid MIT gav Viktor mersmak<\/strong> och efter hemkomsten har han fortsatt att forska i astrofysik, parallellt med sina gymnasiestudier. Han deltar nu i en forskargrupp som bildats kring hans sommarprojekt, under ledning av dr Rosanne Di Stefano vid Harvard-universitetet.<\/p>\n<p><strong>I g\u00e5r fick han en finalplats efter semifinalen i Unga forskares t\u00e4vling Utst\u00e4llningen,<\/strong> d\u00e4r han deltog tillsammans med fyra andra elever fr\u00e5n Europaskolan Str\u00e4ngn\u00e4s. Juryn blev imponerade av den unge naturvetarens projekt och ger honom nu chansen att t\u00e4vla vidare i final.<\/p>\n<p><strong>Finalen g\u00e5r av stapeln den 20 till 23 mars p\u00e5 Tekniska museet i Stockholm.<\/strong> H\u00e4r lockar fina priser som stipendieresor och m\u00f6jlighet att delta i internationella t\u00e4vlingar. Finalisterna f\u00e5r under veckan ocks\u00e5 ta del av vetenskapliga f\u00f6rel\u00e4sningar och g\u00f6ra intressanta studiebes\u00f6k.<\/p>\n<p><strong>\u00c4ven Strengn\u00e4s Tidning meddelade den glada nyheten i morse, <\/strong>dagen efter rapporteringen om den redan hederv\u00e4rda semifinalplatsen.<\/p>\n<p><strong>I samma tidning finns ett reportage om Viktor K\u00f6hlins debut i ett storband<\/strong> som trombonspelare. Ett gott exempel p\u00e5 att man som elev p\u00e5 Europaskolan Str\u00e4ngn\u00e4s inte bara \u00e4gnar tiden \u00e5t studier. Lika viktigt \u00e4r det att odla intressen och social samvaro \u2013 n\u00e5got som Viktor visar med ett f\u00f6red\u00f6mligt exempel.<\/p>\n<p><strong>Vi \u00e4r otroligt stolta \u00f6ver Viktor <\/strong>och \u00e4ven \u00f6ver skolans fantastiska l\u00e4rare som hj\u00e4lper till att g\u00f6ra allt detta m\u00f6jligt! Nu \u00f6nskar vi Viktor all lycka i finalen och p\u00e5 sin framtida forskarbana. Var den slutar vet vi \u00e4nnu inte. Vi vet bara att \u201dthe sky is the limit\u201d (om ens det).<\/p>\n<p>Stort och varmt grattis!<\/p>\n<p><a href=\"https:\/\/www.europaskolan.se\/strangnas\/viktor-fran-europaskolan-strangnas-uttagen-till-forskarstudier-pa-amerikanskt-universitet\/\">L\u00e4s mer om Viktor K\u00f6hlin L\u00f6vfors i tidigare nyhetsinl\u00e4gg. &gt;<\/a><br \/>\n<a href=\"https:\/\/ungaforskare.se\/utstallningen\/\" target=\"_blank\" rel=\"noopener noreferrer\">L\u00e4s mer om Unga forskare och t\u00e4vlingen \u201dUtst\u00e4llningen\u201d. &gt;<\/a><\/p>\n","protected":false},"excerpt":{"rendered":"<p>\u00c4nnu en framg\u00e5ng \u00e4r uppn\u00e5dd f\u00f6r Viktor K\u00f6hlin L\u00f6vfors p\u00e5 Europaskolan Str\u00e4ngn\u00e4s. Nu g\u00e5r han vidare till final i Unga forskares t\u00e4vling \u201dUtst\u00e4llningen\u201d, som en av de b\u00e4sta unga forskarna i Sverige. \u00a0 Viktor K\u00f6hlin L\u00f6vfors har tidigare f\u00e5tt flera utm\u00e4rkelser, som en mycket framst\u00e5ende elev inom naturvetenskapen. Han g\u00e5r nu tredje \u00e5ret p\u00e5 det [&hellip;]<\/p>\n","protected":false},"author":2,"featured_media":9214,"comment_status":"closed","ping_status":"closed","sticky":false,"template":"","format":"standard","meta":{"footnotes":""},"categories":[11],"tags":[],"class_list":["post-9213","post","type-post","status-publish","format-standard","has-post-thumbnail","hentry","category-utmarkelser-europaskolan-strangnas"],"blocksy_meta":[],"rttpg_featured_image_url":{"full":["https:\/\/www.europaskolan.se\/strangnas\/wp-content\/uploads\/sites\/2\/2018\/03\/Viktor2-1.jpg",779,960,false],"landscape":["https:\/\/www.europaskolan.se\/strangnas\/wp-content\/uploads\/sites\/2\/2018\/03\/Viktor2-1.jpg",779,960,false],"portraits":["https:\/\/www.europaskolan.se\/strangnas\/wp-content\/uploads\/sites\/2\/2018\/03\/Viktor2-1.jpg",779,960,false],"thumbnail":["https:\/\/www.europaskolan.se\/strangnas\/wp-content\/uploads\/sites\/2\/2018\/03\/Viktor2-1-150x150.jpg",150,150,true],"medium":["https:\/\/www.europaskolan.se\/strangnas\/wp-content\/uploads\/sites\/2\/2018\/03\/Viktor2-1-243x300.jpg",243,300,true],"large":["https:\/\/www.europaskolan.se\/strangnas\/wp-content\/uploads\/sites\/2\/2018\/03\/Viktor2-1.jpg",779,960,false],"1536x1536":["https:\/\/www.europaskolan.se\/strangnas\/wp-content\/uploads\/sites\/2\/2018\/03\/Viktor2-1.jpg",779,960,false],"2048x2048":["https:\/\/www.europaskolan.se\/strangnas\/wp-content\/uploads\/sites\/2\/2018\/03\/Viktor2-1.jpg",779,960,false],"sow-carousel-default":["https:\/\/www.europaskolan.se\/strangnas\/wp-content\/uploads\/sites\/2\/2018\/03\/Viktor2-1.jpg",148,182,false]},"rttpg_author":{"display_name":"camilla","author_link":"https:\/\/www.europaskolan.se\/strangnas\/author\/camilla\/"},"rttpg_comment":0,"rttpg_category":"<a href=\"https:\/\/www.europaskolan.se\/strangnas\/category\/utmarkelser-europaskolan-strangnas\/\" rel=\"category tag\">Utm\u00e4rkelser \u2013 Europaskolan Str\u00e4ngn\u00e4s<\/a>","rttpg_excerpt":"\u00c4nnu en framg\u00e5ng \u00e4r uppn\u00e5dd f\u00f6r Viktor K\u00f6hlin L\u00f6vfors p\u00e5 Europaskolan Str\u00e4ngn\u00e4s. Nu g\u00e5r han vidare till final i Unga forskares t\u00e4vling \u201dUtst\u00e4llningen\u201d, som en av de b\u00e4sta unga forskarna i Sverige. \u00a0 Viktor K\u00f6hlin L\u00f6vfors har tidigare f\u00e5tt flera utm\u00e4rkelser, som en mycket framst\u00e5ende elev inom naturvetenskapen. Han g\u00e5r nu tredje \u00e5ret p\u00e5 det&hellip;","_links":{"self":[{"href":"https:\/\/www.europaskolan.se\/strangnas\/wp-json\/wp\/v2\/posts\/9213","targetHints":{"allow":["GET"]}}],"collection":[{"href":"https:\/\/www.europaskolan.se\/strangnas\/wp-json\/wp\/v2\/posts"}],"about":[{"href":"https:\/\/www.europaskolan.se\/strangnas\/wp-json\/wp\/v2\/types\/post"}],"author":[{"embeddable":true,"href":"https:\/\/www.europaskolan.se\/strangnas\/wp-json\/wp\/v2\/users\/2"}],"replies":[{"embeddable":true,"href":"https:\/\/www.europaskolan.se\/strangnas\/wp-json\/wp\/v2\/comments?post=9213"}],"version-history":[{"count":0,"href":"https:\/\/www.europaskolan.se\/strangnas\/wp-json\/wp\/v2\/posts\/9213\/revisions"}],"wp:featuredmedia":[{"embeddable":true,"href":"https:\/\/www.europaskolan.se\/strangnas\/wp-json\/wp\/v2\/media\/9214"}],"wp:attachment":[{"href":"https:\/\/www.europaskolan.se\/strangnas\/wp-json\/wp\/v2\/media?parent=9213"}],"wp:term":[{"taxonomy":"category","embeddable":true,"href":"https:\/\/www.europaskolan.se\/strangnas\/wp-json\/wp\/v2\/categories?post=9213"},{"taxonomy":"post_tag","embeddable":true,"href":"https:\/\/www.europaskolan.se\/strangnas\/wp-json\/wp\/v2\/tags?post=9213"}],"curies":[{"name":"wp","href":"https:\/\/api.w.org\/{rel}","templated":true}]}}