{"id":9154,"date":"2018-02-28T11:25:56","date_gmt":"2018-02-28T10:25:56","guid":{"rendered":"http:\/\/strangnas.europaskolan.org\/?p=9154"},"modified":"2019-05-28T11:26:04","modified_gmt":"2019-05-28T09:26:04","slug":"europaskolan-strangnas-till-regionfinal-i-sprakolympiaden-2018","status":"publish","type":"post","link":"https:\/\/www.europaskolan.se\/strangnas\/europaskolan-strangnas-till-regionfinal-i-sprakolympiaden-2018\/","title":{"rendered":"Europaskolan Str\u00e4ngn\u00e4s till regionfinal i Spr\u00e5kolympiaden 2018"},"content":{"rendered":"<p><img fetchpriority=\"high\" decoding=\"async\" class=\"alignnone wp-image-9159 size-full\" src=\"https:\/\/www.europaskolan.se\/strangnas\/wp-content\/uploads\/sites\/2\/2018\/02\/ESS-sprakolympiaden-2-1.jpg\" alt=\"\" width=\"1710\" height=\"882\" srcset=\"https:\/\/www.europaskolan.se\/strangnas\/wp-content\/uploads\/sites\/2\/2018\/02\/ESS-sprakolympiaden-2-1.jpg 1710w, https:\/\/www.europaskolan.se\/strangnas\/wp-content\/uploads\/sites\/2\/2018\/02\/ESS-sprakolympiaden-2-1-300x155.jpg 300w, https:\/\/www.europaskolan.se\/strangnas\/wp-content\/uploads\/sites\/2\/2018\/02\/ESS-sprakolympiaden-2-1-768x396.jpg 768w, https:\/\/www.europaskolan.se\/strangnas\/wp-content\/uploads\/sites\/2\/2018\/02\/ESS-sprakolympiaden-2-1-1024x528.jpg 1024w\" sizes=\"(max-width: 1710px) 100vw, 1710px\" \/><\/p>\n<p><em>Tv\u00e5 elever fr\u00e5n Europaskolan Str\u00e4ngn\u00e4s har kvalificerat sig f\u00f6r regionfinal i den \u00e5rliga Spr\u00e5kolympiaden. Det \u00e4r Eskil Lundeg\u00e5rd och Simon S\u00f6derquist, som b\u00e5da t\u00e4vlar i engelska.<br \/>\n<\/em><\/p>\n<figure id=\"attachment_9167\" aria-describedby=\"caption-attachment-9167\" style=\"width: 610px\" class=\"wp-caption alignnone\"><img decoding=\"async\" class=\"size-full wp-image-9167\" src=\"http:\/\/strangnas.europaskolan.org\/wp-content\/uploads\/2018\/02\/Eskil-Simon.jpg\" alt=\"\" width=\"610\" height=\"400\" \/><figcaption id=\"caption-attachment-9167\" class=\"wp-caption-text\">Eskil och Simon<\/figcaption><\/figure>\n<figure id=\"attachment_9167\" aria-describedby=\"caption-attachment-9167\" style=\"width: 610px\" class=\"wp-caption alignnone\"><img decoding=\"async\" class=\"size-full wp-image-9167\" src=\"https:\/\/www.europaskolan.se\/strangnas\/wp-content\/uploads\/sites\/2\/2018\/02\/Eskil-Simon-1.jpg\" alt=\"\" width=\"610\" height=\"400\" srcset=\"https:\/\/www.europaskolan.se\/strangnas\/wp-content\/uploads\/sites\/2\/2018\/02\/Eskil-Simon-1.jpg 610w, https:\/\/www.europaskolan.se\/strangnas\/wp-content\/uploads\/sites\/2\/2018\/02\/Eskil-Simon-1-300x197.jpg 300w\" sizes=\"(max-width: 610px) 100vw, 610px\" \/><figcaption id=\"caption-attachment-9167\" class=\"wp-caption-text\">Eskil och Simon<\/figcaption><\/figure>\n<p><strong>Spr\u00e5kolympiaden \u00e4r en rikst\u00e4ckande spr\u00e5kt\u00e4vling f\u00f6r grund- och gymnasieskolan<\/strong>. Den g\u00e5r av stapeln varje \u00e5r, fr\u00e5n Kiruna i norr till Trelleborg i s\u00f6der. F\u00f6rra \u00e5ret deltog \u00f6ver 14\u00a0000 elever i t\u00e4vlingen, som arrangeras i ett samarbete mellan Sydsvenska Industri- och Handelskammaren, It\u2019s Learning och Mundolingue.<\/p>\n<p><strong>Syftet med t\u00e4vlingen \u00e4r att uppmuntra elever att l\u00e4sa moderna spr\u00e5k p\u00e5 h\u00f6gre niv\u00e5, <\/strong>likas\u00e5 att f\u00e5 ett \u00f6kat intresse f\u00f6r andra l\u00e4nder inom kultur, historia och relevanta samh\u00e4llsfr\u00e5gor. Dessutom vill man fr\u00e4mja en sund t\u00e4vlingsanda samt utbyte av kunskap och metodik mellan olika skolor.<\/p>\n<p><strong>I Spr\u00e5kolympiaden 2018 g\u00e5r nu Europaskolan Str\u00e4ngn\u00e4s vidare<\/strong> till regionfinalen, som \u00e4ger rum i Stockholm den 7 mars. De duktiga eleverna \u00e4r Eskil Lundeg\u00e5rd i KFSci16 och Simon S\u00f6derquist i Sci16, som b\u00e5da kommer att t\u00e4vla i engelska.<\/p>\n<p><em>Vi gratulerar Simon och Eskil till framg\u00e5ngen och \u00f6nskar dem stort lycka till i regionfinalen!<br \/>\n<\/em><br \/>\n<a href=\"http:\/\/ilcompetition.se\/\" target=\"_blank\" rel=\"noopener noreferrer\">L\u00e4s mer Spr\u00e5kolympiaden h\u00e4r. &gt;<\/a><\/p>\n","protected":false},"excerpt":{"rendered":"<p>Tv\u00e5 elever fr\u00e5n Europaskolan Str\u00e4ngn\u00e4s har kvalificerat sig f\u00f6r regionfinal i den \u00e5rliga Spr\u00e5kolympiaden. Det \u00e4r Eskil Lundeg\u00e5rd och Simon S\u00f6derquist, som b\u00e5da t\u00e4vlar i engelska. Spr\u00e5kolympiaden \u00e4r en rikst\u00e4ckande spr\u00e5kt\u00e4vling f\u00f6r grund- och gymnasieskolan. Den g\u00e5r av stapeln varje \u00e5r, fr\u00e5n Kiruna i norr till Trelleborg i s\u00f6der. F\u00f6rra \u00e5ret deltog \u00f6ver 14\u00a0000 elever [&hellip;]<\/p>\n","protected":false},"author":2,"featured_media":9158,"comment_status":"closed","ping_status":"closed","sticky":false,"template":"","format":"standard","meta":{"footnotes":""},"categories":[11],"tags":[],"class_list":["post-9154","post","type-post","status-publish","format-standard","has-post-thumbnail","hentry","category-utmarkelser-europaskolan-strangnas"],"blocksy_meta":[],"rttpg_featured_image_url":{"full":["https:\/\/www.europaskolan.se\/strangnas\/wp-content\/uploads\/sites\/2\/2018\/02\/ESS-sprakolympiaden-1-1.jpg",1667,1563,false],"landscape":["https:\/\/www.europaskolan.se\/strangnas\/wp-content\/uploads\/sites\/2\/2018\/02\/ESS-sprakolympiaden-1-1.jpg",1667,1563,false],"portraits":["https:\/\/www.europaskolan.se\/strangnas\/wp-content\/uploads\/sites\/2\/2018\/02\/ESS-sprakolympiaden-1-1.jpg",1667,1563,false],"thumbnail":["https:\/\/www.europaskolan.se\/strangnas\/wp-content\/uploads\/sites\/2\/2018\/02\/ESS-sprakolympiaden-1-1-150x150.jpg",150,150,true],"medium":["https:\/\/www.europaskolan.se\/strangnas\/wp-content\/uploads\/sites\/2\/2018\/02\/ESS-sprakolympiaden-1-1-300x281.jpg",300,281,true],"large":["https:\/\/www.europaskolan.se\/strangnas\/wp-content\/uploads\/sites\/2\/2018\/02\/ESS-sprakolympiaden-1-1-1024x960.jpg",1024,960,true],"1536x1536":["https:\/\/www.europaskolan.se\/strangnas\/wp-content\/uploads\/sites\/2\/2018\/02\/ESS-sprakolympiaden-1-1.jpg",1536,1440,false],"2048x2048":["https:\/\/www.europaskolan.se\/strangnas\/wp-content\/uploads\/sites\/2\/2018\/02\/ESS-sprakolympiaden-1-1.jpg",1667,1563,false],"sow-carousel-default":["https:\/\/www.europaskolan.se\/strangnas\/wp-content\/uploads\/sites\/2\/2018\/02\/ESS-sprakolympiaden-1-1.jpg",194,182,false]},"rttpg_author":{"display_name":"camilla","author_link":"https:\/\/www.europaskolan.se\/strangnas\/author\/camilla\/"},"rttpg_comment":0,"rttpg_category":"<a href=\"https:\/\/www.europaskolan.se\/strangnas\/category\/utmarkelser-europaskolan-strangnas\/\" rel=\"category tag\">Utm\u00e4rkelser \u2013 Europaskolan Str\u00e4ngn\u00e4s<\/a>","rttpg_excerpt":"Tv\u00e5 elever fr\u00e5n Europaskolan Str\u00e4ngn\u00e4s har kvalificerat sig f\u00f6r regionfinal i den \u00e5rliga Spr\u00e5kolympiaden. Det \u00e4r Eskil Lundeg\u00e5rd och Simon S\u00f6derquist, som b\u00e5da t\u00e4vlar i engelska. Spr\u00e5kolympiaden \u00e4r en rikst\u00e4ckande spr\u00e5kt\u00e4vling f\u00f6r grund- och gymnasieskolan. Den g\u00e5r av stapeln varje \u00e5r, fr\u00e5n Kiruna i norr till Trelleborg i s\u00f6der. F\u00f6rra \u00e5ret deltog \u00f6ver 14\u00a0000 elever&hellip;","_links":{"self":[{"href":"https:\/\/www.europaskolan.se\/strangnas\/wp-json\/wp\/v2\/posts\/9154","targetHints":{"allow":["GET"]}}],"collection":[{"href":"https:\/\/www.europaskolan.se\/strangnas\/wp-json\/wp\/v2\/posts"}],"about":[{"href":"https:\/\/www.europaskolan.se\/strangnas\/wp-json\/wp\/v2\/types\/post"}],"author":[{"embeddable":true,"href":"https:\/\/www.europaskolan.se\/strangnas\/wp-json\/wp\/v2\/users\/2"}],"replies":[{"embeddable":true,"href":"https:\/\/www.europaskolan.se\/strangnas\/wp-json\/wp\/v2\/comments?post=9154"}],"version-history":[{"count":0,"href":"https:\/\/www.europaskolan.se\/strangnas\/wp-json\/wp\/v2\/posts\/9154\/revisions"}],"wp:featuredmedia":[{"embeddable":true,"href":"https:\/\/www.europaskolan.se\/strangnas\/wp-json\/wp\/v2\/media\/9158"}],"wp:attachment":[{"href":"https:\/\/www.europaskolan.se\/strangnas\/wp-json\/wp\/v2\/media?parent=9154"}],"wp:term":[{"taxonomy":"category","embeddable":true,"href":"https:\/\/www.europaskolan.se\/strangnas\/wp-json\/wp\/v2\/categories?post=9154"},{"taxonomy":"post_tag","embeddable":true,"href":"https:\/\/www.europaskolan.se\/strangnas\/wp-json\/wp\/v2\/tags?post=9154"}],"curies":[{"name":"wp","href":"https:\/\/api.w.org\/{rel}","templated":true}]}}