{"id":9030,"date":"2017-12-21T14:01:00","date_gmt":"2017-12-21T13:01:00","guid":{"rendered":"http:\/\/strangnas.europaskolan.org\/?p=9030"},"modified":"2019-05-28T11:24:32","modified_gmt":"2019-05-28T09:24:32","slug":"andra-pris-till-europaskolan-strangnasi-foretagspitchen-2017","status":"publish","type":"post","link":"https:\/\/www.europaskolan.se\/strangnas\/andra-pris-till-europaskolan-strangnasi-foretagspitchen-2017\/","title":{"rendered":"Andra pris till Europaskolan Str\u00e4ngn\u00e4s i F\u00f6retagspitchen 2017"},"content":{"rendered":"<figure id=\"attachment_9031\" aria-describedby=\"caption-attachment-9031\" style=\"width: 718px\" class=\"wp-caption alignnone\"><img fetchpriority=\"high\" decoding=\"async\" class=\"wp-image-9031 size-full\" src=\"https:\/\/www.europaskolan.se\/strangnas\/wp-content\/uploads\/sites\/2\/2017\/12\/ESSPich-1.jpg\" alt=\"\" width=\"718\" height=\"572\" srcset=\"https:\/\/www.europaskolan.se\/strangnas\/wp-content\/uploads\/sites\/2\/2017\/12\/ESSPich-1.jpg 718w, https:\/\/www.europaskolan.se\/strangnas\/wp-content\/uploads\/sites\/2\/2017\/12\/ESSPich-1-300x239.jpg 300w\" sizes=\"(max-width: 718px) 100vw, 718px\" \/><figcaption id=\"caption-attachment-9031\" class=\"wp-caption-text\">Fr\u00e5n v\u00e4nster: Madeleine Wallerstr\u00f6m (f d elev) samt Emma Karld\u00e9n, Maja Eskilsson och Wilma Haapaniemi fr\u00e5n Get Organized.<\/figcaption><\/figure>\n<p><em>Nu har v\u00e5ra UF-elever haft nya framg\u00e5ngar! Get Organized knep andraplatsen i \u00e5rets upplaga av F\u00f6retagspitchen i Eskilstuna. <\/em><\/p>\n<p><strong>F\u00f6retagspitchen arrangeras varje \u00e5r av Ung F\u00f6retagsamhet, <\/strong>i samarbete med S\u00f6rmlands Sparbank och Sparbanken Rekarne. H\u00e4r f\u00e5r elever med UF-f\u00f6retag chansen att presentera sina id\u00e9er inf\u00f6r en jury med stor erfarenhet av entrepren\u00f6rskap och f\u00f6rtagande.<\/p>\n<p><strong>Efter ans\u00f6kan v\u00e4ljs tio f\u00f6retag ut till varje ort<\/strong> d\u00e4r t\u00e4vlingen arrangeras. F\u00f6r UF S\u00f6dermanland \u00e4r det i Eskilstuna, Katrineholm och Nyk\u00f6ping.<\/p>\n<p><strong>Varje f\u00f6retag f\u00e5r g\u00f6ra en pitch p\u00e5 cirka 4 minuter<\/strong> inf\u00f6r juryn som sedan ger feedback till f\u00f6retaget. Juryn utser ocks\u00e5 tre pristagare.<\/p>\n<p><strong>Get Organized fr\u00e5n Europaskolan Str\u00e4ngn\u00e4s kom tv\u00e5a<\/strong> bland de t\u00e4vlande fr\u00e5n Eskilstuna\/Str\u00e4ngn\u00e4s. Deras aff\u00e4rsid\u00e9 \u00e4r att erbjuda enkla och snygga f\u00f6rvaringsp\u00e5sar f\u00f6r den som \u00e4r p\u00e5 resande fot. S\u00e5 h\u00e4r lyder juryns motivering:<\/p>\n<p><em>H\u00e4r \u00e4r ett f\u00f6retag som andas varum\u00e4rke och marknadsf\u00f6ring. Med v\u00e4l genomf\u00f6rd storytelling paketerar de in sin id\u00e9 till juryn p\u00e5 ett professionellt s\u00e4tt. Pitchen var helt enkelt \u201dflawless\u201d.<\/em><\/p>\n<p><strong>Fr\u00e5n v\u00e5r skola deltog \u00e4ven UF-f\u00f6retagen Coffeum och Himalaya.<\/strong> Himalaya s\u00e4ljer Himalayasalt-mix med m\u00e5nga h\u00e4rliga smaker, medan Coffeum vill f\u00f6rverkliga visionen att g\u00f6ra den goda koppen kaffe mer l\u00e4ttillg\u00e4nglig genom en kaffep\u00e5se med h\u00f6gkvalitativt kaffe.<\/p>\n<p><em>Varmt grattis till v\u00e5ra duktiga UF-f\u00f6retagare!<\/em><\/p>\n<p><a href=\"https:\/\/ungforetagsamhet.se\/gymnasium\/sodermanland\/foretagspitchen\/foretagspitchen-2017\">L\u00e4s mer om F\u00f6retagspitchen h\u00e4r &gt;\u00a0<\/a><\/p>\n","protected":false},"excerpt":{"rendered":"<p>Nu har v\u00e5ra UF-elever haft nya framg\u00e5ngar! Get Organized knep andraplatsen i \u00e5rets upplaga av F\u00f6retagspitchen i Eskilstuna. F\u00f6retagspitchen arrangeras varje \u00e5r av Ung F\u00f6retagsamhet, i samarbete med S\u00f6rmlands Sparbank och Sparbanken Rekarne. H\u00e4r f\u00e5r elever med UF-f\u00f6retag chansen att presentera sina id\u00e9er inf\u00f6r en jury med stor erfarenhet av entrepren\u00f6rskap och f\u00f6rtagande. Efter ans\u00f6kan [&hellip;]<\/p>\n","protected":false},"author":2,"featured_media":9031,"comment_status":"closed","ping_status":"closed","sticky":false,"template":"","format":"standard","meta":{"footnotes":""},"categories":[11],"tags":[],"class_list":["post-9030","post","type-post","status-publish","format-standard","has-post-thumbnail","hentry","category-utmarkelser-europaskolan-strangnas"],"blocksy_meta":[],"rttpg_featured_image_url":{"full":["https:\/\/www.europaskolan.se\/strangnas\/wp-content\/uploads\/sites\/2\/2017\/12\/ESSPich-1.jpg",718,572,false],"landscape":["https:\/\/www.europaskolan.se\/strangnas\/wp-content\/uploads\/sites\/2\/2017\/12\/ESSPich-1.jpg",718,572,false],"portraits":["https:\/\/www.europaskolan.se\/strangnas\/wp-content\/uploads\/sites\/2\/2017\/12\/ESSPich-1.jpg",718,572,false],"thumbnail":["https:\/\/www.europaskolan.se\/strangnas\/wp-content\/uploads\/sites\/2\/2017\/12\/ESSPich-1-150x150.jpg",150,150,true],"medium":["https:\/\/www.europaskolan.se\/strangnas\/wp-content\/uploads\/sites\/2\/2017\/12\/ESSPich-1-300x239.jpg",300,239,true],"large":["https:\/\/www.europaskolan.se\/strangnas\/wp-content\/uploads\/sites\/2\/2017\/12\/ESSPich-1.jpg",718,572,false],"1536x1536":["https:\/\/www.europaskolan.se\/strangnas\/wp-content\/uploads\/sites\/2\/2017\/12\/ESSPich-1.jpg",718,572,false],"2048x2048":["https:\/\/www.europaskolan.se\/strangnas\/wp-content\/uploads\/sites\/2\/2017\/12\/ESSPich-1.jpg",718,572,false],"sow-carousel-default":["https:\/\/www.europaskolan.se\/strangnas\/wp-content\/uploads\/sites\/2\/2017\/12\/ESSPich-1.jpg",228,182,false]},"rttpg_author":{"display_name":"camilla","author_link":"https:\/\/www.europaskolan.se\/strangnas\/author\/camilla\/"},"rttpg_comment":0,"rttpg_category":"<a href=\"https:\/\/www.europaskolan.se\/strangnas\/category\/utmarkelser-europaskolan-strangnas\/\" rel=\"category tag\">Utm\u00e4rkelser \u2013 Europaskolan Str\u00e4ngn\u00e4s<\/a>","rttpg_excerpt":"Nu har v\u00e5ra UF-elever haft nya framg\u00e5ngar! Get Organized knep andraplatsen i \u00e5rets upplaga av F\u00f6retagspitchen i Eskilstuna. F\u00f6retagspitchen arrangeras varje \u00e5r av Ung F\u00f6retagsamhet, i samarbete med S\u00f6rmlands Sparbank och Sparbanken Rekarne. H\u00e4r f\u00e5r elever med UF-f\u00f6retag chansen att presentera sina id\u00e9er inf\u00f6r en jury med stor erfarenhet av entrepren\u00f6rskap och f\u00f6rtagande. Efter ans\u00f6kan&hellip;","_links":{"self":[{"href":"https:\/\/www.europaskolan.se\/strangnas\/wp-json\/wp\/v2\/posts\/9030","targetHints":{"allow":["GET"]}}],"collection":[{"href":"https:\/\/www.europaskolan.se\/strangnas\/wp-json\/wp\/v2\/posts"}],"about":[{"href":"https:\/\/www.europaskolan.se\/strangnas\/wp-json\/wp\/v2\/types\/post"}],"author":[{"embeddable":true,"href":"https:\/\/www.europaskolan.se\/strangnas\/wp-json\/wp\/v2\/users\/2"}],"replies":[{"embeddable":true,"href":"https:\/\/www.europaskolan.se\/strangnas\/wp-json\/wp\/v2\/comments?post=9030"}],"version-history":[{"count":0,"href":"https:\/\/www.europaskolan.se\/strangnas\/wp-json\/wp\/v2\/posts\/9030\/revisions"}],"wp:featuredmedia":[{"embeddable":true,"href":"https:\/\/www.europaskolan.se\/strangnas\/wp-json\/wp\/v2\/media\/9031"}],"wp:attachment":[{"href":"https:\/\/www.europaskolan.se\/strangnas\/wp-json\/wp\/v2\/media?parent=9030"}],"wp:term":[{"taxonomy":"category","embeddable":true,"href":"https:\/\/www.europaskolan.se\/strangnas\/wp-json\/wp\/v2\/categories?post=9030"},{"taxonomy":"post_tag","embeddable":true,"href":"https:\/\/www.europaskolan.se\/strangnas\/wp-json\/wp\/v2\/tags?post=9030"}],"curies":[{"name":"wp","href":"https:\/\/api.w.org\/{rel}","templated":true}]}}