{"id":8859,"date":"2017-06-07T08:25:02","date_gmt":"2017-06-07T06:25:02","guid":{"rendered":"http:\/\/strangnas.europaskolan.org\/?p=8859"},"modified":"2017-06-07T08:25:02","modified_gmt":"2017-06-07T06:25:02","slug":"viktor-fran-europaskolan-strangnas-uttagen-till-forskarstudier-pa-amerikanskt-universitet","status":"publish","type":"post","link":"https:\/\/www.europaskolan.se\/strangnas\/viktor-fran-europaskolan-strangnas-uttagen-till-forskarstudier-pa-amerikanskt-universitet\/","title":{"rendered":"Viktor fr\u00e5n Europaskolan Str\u00e4ngn\u00e4s uttagen till forskarstudier p\u00e5 amerikanskt universitet"},"content":{"rendered":"<p><img fetchpriority=\"high\" decoding=\"async\" class=\"alignnone size-full wp-image-8519\" src=\"https:\/\/www.europaskolan.se\/wp-content\/uploads\/2017\/06\/Viktor-2.jpg\" alt=\"\" width=\"1186\" height=\"632\" \/><\/p>\n<p><em>\u00c4nnu en elev fr\u00e5n Europaskolan Str\u00e4ngn\u00e4s har blivit uttagen att forska p\u00e5 MIT, <\/em><em>Massachusetts Institute of Technology, i Boston, USA. Det \u00e4r Viktor K\u00f6hlin L\u00f6vfors\u00a0<\/em><em>som \u00e5ker p\u00e5 en sex veckor l\u00e5ng forskarskola f\u00f6r att studera fysik.<\/em><\/p>\n<p><strong>Det blir en annorlunda sommar f\u00f6r Viktor K\u00f6hlin L\u00f6vfors<\/strong> <strong>p\u00e5 Europaskolan Str\u00e4ngn\u00e4s.<\/strong> Efter tv\u00e5 \u00e5r p\u00e5 det naturvetenskapliga spetsprogrammet Science b\u00e4r det snart av till USA.<\/p>\n<p><strong>Viktor \u00e4r en av tv\u00e5 svenska ungdomar som \u00e4r uttagna att delta i sommarens forskarskola p\u00e5 MIT,<\/strong> Massachusetts Institute of Technology. Forskarskolan heter RSI, Research Science Institute, och \u00e4r en av de mest v\u00e4lrenommerade i v\u00e4rlden. H\u00e4r finns plats f\u00f6r 80 talangfulla unga forskare varje sommar. Extra roligt \u00e4r det att detta blir den fj\u00e4rde eleven som blir utsedd fr\u00e5n Europaskolan Str\u00e4ngn\u00e4s. Elever som tidigare studerat vid MIT \u00e4r Johannes Orstadius, Philip Frick och Sofia Svensson.<\/p>\n<p><strong>Vid det amerikanska universitetet kommer Viktor att forska inom relativistisk astrofysik.<\/strong> H\u00e4r intresserar han sig s\u00e4rskilt f\u00f6r hur gammablixtars ursprung kan f\u00f6rklaras. Redan i dag, vid 16 \u00e5rs \u00e5lder, har han p\u00e5 flera s\u00e4tt f\u00f6rdjupat sig inom fysik. Viktor kommer ocks\u00e5 att g\u00e5 ut gymnasiet ett \u00e5r tidigare \u00e4n vanligt, d\u00e5 han fick hoppa \u00f6ver \u00e5rskurs \u00e5tta i h\u00f6gstadiet.<\/p>\n<p><strong>I en intervju f\u00f6r Eskilstuna-Kuriren<\/strong> ber\u00e4ttar Viktor att det k\u00e4nns b\u00e5de kul och coolt med den f\u00f6rest\u00e5ende resan. Det blir ett intensivt program, d\u00e4r forskningen kommer att varvas med utflykter, middagar och sp\u00e4nnande f\u00f6rel\u00e4sningar. Dessutom blir det hans f\u00f6rsta resa till USA.<\/p>\n<p><strong>Vi \u00e4r mycket stolta \u00f6ver Viktor <\/strong>som f\u00f6r v\u00e5r skolas tradition med utm\u00e4rkelser vidare. Sj\u00e4lvklart \u00f6nskar vi honom stort lycka till under sommaren, och vi ser med sp\u00e4nning fram emot vad hans framtid ska b\u00e4ra med sig.<\/p>\n<p>Stort grattis, Viktor, \u00f6nskar vi p\u00e5 Europaskolan Str\u00e4ngn\u00e4s<\/p>\n<p><a href=\"https:\/\/www.ungaforskare.se\/2017\/06\/02\/talangfulla-tonaringar-till-mit-ska-forska-med-varldseliten\/\" target=\"_blank\" rel=\"noopener noreferrer\">L\u00e4s f\u00f6reningen Unga Forskares pressmeddelande h\u00e4r &gt;<br \/>\n<\/a><a href=\"https:\/\/www.cee.org\/research-science-institute\" target=\"_blank\" rel=\"noopener noreferrer\">L\u00e4s mer om RSI h\u00e4r &gt;<\/a><\/p>\n","protected":false},"excerpt":{"rendered":"<p>\u00c4nnu en elev fr\u00e5n Europaskolan Str\u00e4ngn\u00e4s har blivit uttagen att forska p\u00e5 MIT, Massachusetts Institute of Technology, i Boston, USA. Det \u00e4r Viktor K\u00f6hlin L\u00f6vfors\u00a0som \u00e5ker p\u00e5 en sex veckor l\u00e5ng forskarskola f\u00f6r att studera fysik. Det blir en annorlunda sommar f\u00f6r Viktor K\u00f6hlin L\u00f6vfors p\u00e5 Europaskolan Str\u00e4ngn\u00e4s. Efter tv\u00e5 \u00e5r p\u00e5 det naturvetenskapliga spetsprogrammet [&hellip;]<\/p>\n","protected":false},"author":2,"featured_media":8863,"comment_status":"closed","ping_status":"closed","sticky":false,"template":"","format":"standard","meta":{"footnotes":""},"categories":[11],"tags":[],"class_list":["post-8859","post","type-post","status-publish","format-standard","has-post-thumbnail","hentry","category-utmarkelser-europaskolan-strangnas"],"blocksy_meta":[],"rttpg_featured_image_url":{"full":["https:\/\/www.europaskolan.se\/strangnas\/wp-content\/uploads\/sites\/2\/2017\/06\/Victor-1-1.jpg",468,237,false],"landscape":["https:\/\/www.europaskolan.se\/strangnas\/wp-content\/uploads\/sites\/2\/2017\/06\/Victor-1-1.jpg",468,237,false],"portraits":["https:\/\/www.europaskolan.se\/strangnas\/wp-content\/uploads\/sites\/2\/2017\/06\/Victor-1-1.jpg",468,237,false],"thumbnail":["https:\/\/www.europaskolan.se\/strangnas\/wp-content\/uploads\/sites\/2\/2017\/06\/Victor-1-1-150x150.jpg",150,150,true],"medium":["https:\/\/www.europaskolan.se\/strangnas\/wp-content\/uploads\/sites\/2\/2017\/06\/Victor-1-1-300x152.jpg",300,152,true],"large":["https:\/\/www.europaskolan.se\/strangnas\/wp-content\/uploads\/sites\/2\/2017\/06\/Victor-1-1.jpg",468,237,false],"1536x1536":["https:\/\/www.europaskolan.se\/strangnas\/wp-content\/uploads\/sites\/2\/2017\/06\/Victor-1-1.jpg",468,237,false],"2048x2048":["https:\/\/www.europaskolan.se\/strangnas\/wp-content\/uploads\/sites\/2\/2017\/06\/Victor-1-1.jpg",468,237,false],"sow-carousel-default":["https:\/\/www.europaskolan.se\/strangnas\/wp-content\/uploads\/sites\/2\/2017\/06\/Victor-1-1.jpg",272,138,false]},"rttpg_author":{"display_name":"camilla","author_link":"https:\/\/www.europaskolan.se\/strangnas\/author\/camilla\/"},"rttpg_comment":0,"rttpg_category":"<a href=\"https:\/\/www.europaskolan.se\/strangnas\/category\/utmarkelser-europaskolan-strangnas\/\" rel=\"category tag\">Utm\u00e4rkelser \u2013 Europaskolan Str\u00e4ngn\u00e4s<\/a>","rttpg_excerpt":"\u00c4nnu en elev fr\u00e5n Europaskolan Str\u00e4ngn\u00e4s har blivit uttagen att forska p\u00e5 MIT, Massachusetts Institute of Technology, i Boston, USA. Det \u00e4r Viktor K\u00f6hlin L\u00f6vfors\u00a0som \u00e5ker p\u00e5 en sex veckor l\u00e5ng forskarskola f\u00f6r att studera fysik. Det blir en annorlunda sommar f\u00f6r Viktor K\u00f6hlin L\u00f6vfors p\u00e5 Europaskolan Str\u00e4ngn\u00e4s. Efter tv\u00e5 \u00e5r p\u00e5 det naturvetenskapliga spetsprogrammet&hellip;","_links":{"self":[{"href":"https:\/\/www.europaskolan.se\/strangnas\/wp-json\/wp\/v2\/posts\/8859","targetHints":{"allow":["GET"]}}],"collection":[{"href":"https:\/\/www.europaskolan.se\/strangnas\/wp-json\/wp\/v2\/posts"}],"about":[{"href":"https:\/\/www.europaskolan.se\/strangnas\/wp-json\/wp\/v2\/types\/post"}],"author":[{"embeddable":true,"href":"https:\/\/www.europaskolan.se\/strangnas\/wp-json\/wp\/v2\/users\/2"}],"replies":[{"embeddable":true,"href":"https:\/\/www.europaskolan.se\/strangnas\/wp-json\/wp\/v2\/comments?post=8859"}],"version-history":[{"count":0,"href":"https:\/\/www.europaskolan.se\/strangnas\/wp-json\/wp\/v2\/posts\/8859\/revisions"}],"wp:featuredmedia":[{"embeddable":true,"href":"https:\/\/www.europaskolan.se\/strangnas\/wp-json\/wp\/v2\/media\/8863"}],"wp:attachment":[{"href":"https:\/\/www.europaskolan.se\/strangnas\/wp-json\/wp\/v2\/media?parent=8859"}],"wp:term":[{"taxonomy":"category","embeddable":true,"href":"https:\/\/www.europaskolan.se\/strangnas\/wp-json\/wp\/v2\/categories?post=8859"},{"taxonomy":"post_tag","embeddable":true,"href":"https:\/\/www.europaskolan.se\/strangnas\/wp-json\/wp\/v2\/tags?post=8859"}],"curies":[{"name":"wp","href":"https:\/\/api.w.org\/{rel}","templated":true}]}}