{"id":8319,"date":"2017-03-20T18:24:08","date_gmt":"2017-03-20T17:24:08","guid":{"rendered":"https:\/\/www.europaskolan.se\/?p=8319"},"modified":"2019-05-28T09:55:02","modified_gmt":"2019-05-28T07:55:02","slug":"fyra-uf-foretag-fran-europaskolan-strangnas-gar-till-sm-i-ung-foretagsamhet-2017","status":"publish","type":"post","link":"https:\/\/www.europaskolan.se\/strangnas\/fyra-uf-foretag-fran-europaskolan-strangnas-gar-till-sm-i-ung-foretagsamhet-2017\/","title":{"rendered":"Fyra UF-f\u00f6retag fr\u00e5n Europaskolan Str\u00e4ngn\u00e4s g\u00e5r till SM i Ung F\u00f6retagsamhet 2017"},"content":{"rendered":"<p><img fetchpriority=\"high\" decoding=\"async\" class=\"alignnone wp-image-8328 size-full\" src=\"https:\/\/www.europaskolan.se\/strangnas\/wp-content\/uploads\/sites\/2\/2017\/03\/UF_massa-1.jpg\" alt=\"\" width=\"2520\" height=\"883\" srcset=\"https:\/\/www.europaskolan.se\/strangnas\/wp-content\/uploads\/sites\/2\/2017\/03\/UF_massa-1.jpg 2520w, https:\/\/www.europaskolan.se\/strangnas\/wp-content\/uploads\/sites\/2\/2017\/03\/UF_massa-1-300x105.jpg 300w, https:\/\/www.europaskolan.se\/strangnas\/wp-content\/uploads\/sites\/2\/2017\/03\/UF_massa-1-768x269.jpg 768w, https:\/\/www.europaskolan.se\/strangnas\/wp-content\/uploads\/sites\/2\/2017\/03\/UF_massa-1-1024x359.jpg 1024w\" sizes=\"(max-width: 2520px) 100vw, 2520px\" \/><\/p>\n<p><em>I helgen gick \u00e5rets n\u00e4ringslivsm\u00e4ssa av stapeln i Str\u00e4ngn\u00e4s. Samtidigt var det dags f\u00f6r regionfinal i t\u00e4vlingen \u201dEntrepren\u00f6rskap p\u00e5 riktigt\u201d, d\u00e4r landets b\u00e4sta UF-f\u00f6retag ska utses. F\u00f6r Europaskolan Str\u00e4ngn\u00e4s blev det flerfaldiga vinster, och sammanlagt g\u00e5r nu fyra f\u00f6retag vidare till SM i Ung F\u00f6retagsamhet.<\/em><\/p>\n<p><img decoding=\"async\" class=\"alignnone wp-image-8322 size-full\" src=\"https:\/\/www.europaskolan.se\/strangnas\/wp-content\/uploads\/sites\/2\/2017\/03\/vinnare_uf_massan-1.jpg\" alt=\"\" width=\"780\" height=\"390\" srcset=\"https:\/\/www.europaskolan.se\/strangnas\/wp-content\/uploads\/sites\/2\/2017\/03\/vinnare_uf_massan-1.jpg 780w, https:\/\/www.europaskolan.se\/strangnas\/wp-content\/uploads\/sites\/2\/2017\/03\/vinnare_uf_massan-1-300x150.jpg 300w, https:\/\/www.europaskolan.se\/strangnas\/wp-content\/uploads\/sites\/2\/2017\/03\/vinnare_uf_massan-1-768x384.jpg 768w\" sizes=\"(max-width: 780px) 100vw, 780px\" \/><\/p>\n<p><strong>Marbled Days UF tog hem segern<\/strong> <strong>som \u00c5rets UF-f\u00f6retag i S\u00f6dermanland.<\/strong> Ut\u00f6ver det fick de inte mindre \u00e4n fem priser till: 1:a pris i \u00c5rets marknadsf\u00f6ring, 2:a pris i \u00c5rets hantverk och \u00c5rets produktutveckling samt 3:e pris i \u00c5rets grafiska profil och \u00c5rets vara.<\/p>\n<p><img decoding=\"async\" class=\"alignnone wp-image-8325 size-full\" src=\"https:\/\/www.europaskolan.se\/strangnas\/wp-content\/uploads\/sites\/2\/2017\/03\/Marbled-Days-UF-1.jpg\" alt=\"\" width=\"850\" height=\"572\" srcset=\"https:\/\/www.europaskolan.se\/strangnas\/wp-content\/uploads\/sites\/2\/2017\/03\/Marbled-Days-UF-1.jpg 850w, https:\/\/www.europaskolan.se\/strangnas\/wp-content\/uploads\/sites\/2\/2017\/03\/Marbled-Days-UF-1-300x202.jpg 300w, https:\/\/www.europaskolan.se\/strangnas\/wp-content\/uploads\/sites\/2\/2017\/03\/Marbled-Days-UF-1-768x517.jpg 768w\" sizes=\"(max-width: 850px) 100vw, 850px\" \/><\/p>\n<p><strong>FastBreak UF stod som vinnare av kategorin \u00c5rets monter.<\/strong> Dessutom kom de p\u00e5 2:a plats i b\u00e5de \u00c5rets marknadsf\u00f6ring och \u00c5rets vara.<\/p>\n<p><img loading=\"lazy\" decoding=\"async\" class=\"alignnone wp-image-8326 size-full\" src=\"https:\/\/www.europaskolan.se\/strangnas\/wp-content\/uploads\/sites\/2\/2017\/03\/Funky_Fruit_FU-1.jpg\" alt=\"\" width=\"844\" height=\"590\" srcset=\"https:\/\/www.europaskolan.se\/strangnas\/wp-content\/uploads\/sites\/2\/2017\/03\/Funky_Fruit_FU-1.jpg 844w, https:\/\/www.europaskolan.se\/strangnas\/wp-content\/uploads\/sites\/2\/2017\/03\/Funky_Fruit_FU-1-300x210.jpg 300w, https:\/\/www.europaskolan.se\/strangnas\/wp-content\/uploads\/sites\/2\/2017\/03\/Funky_Fruit_FU-1-768x537.jpg 768w\" sizes=\"(max-width: 844px) 100vw, 844px\" \/><\/p>\n<p><strong>\u00c4ven Funky Fruit UF stod p\u00e5 prispallen, <\/strong>som andrapristagare i H\u00e5llbart f\u00f6retagande.<\/p>\n<p><strong>Totalt g\u00e5r fyra av Europaskolan Str\u00e4ngn\u00e4s UF-f\u00f6retag till SM-finalen i Ung F\u00f6retagsamhet,<\/strong> i Stockholm den 8\u20139 maj. Ut\u00f6ver Marbled Days UF och Fastbreak UF \u00e4r \u00e4ven Mapple UF och Salubrious UF finalister. De sistn\u00e4mnda kvalificerade sig via JA Worldwides t\u00e4vling Central Baltic Enterprise without Borders, som vi tidigare ber\u00e4ttat om. Stolta och lyckliga l\u00e4rare till alla dessa elever \u00e4r Robert Berg och Caroline Noreen.<\/p>\n<p><strong>Varmt grattis till er, v\u00e5ra fantastiska elever och l\u00e4rare!<\/strong> Tillsammans har ni \u00e5terigen visat att stort engagemang, bra handledning och h\u00e5rt arbete l\u00f6nar sig. Vi \u00e4r s\u00e5 stolta \u00f6ver er.<\/p>\n<p><em>Nu h\u00e5ller vi tummarna f\u00f6r finalisterna i SM!<\/em><\/p>\n<hr \/>\n<p><strong>H\u00e4r finns mer information om Europaskolan Str\u00e4ngn\u00e4s vinnande UF-f\u00f6retag:<\/strong><\/p>\n<p><strong>Marbled Days UF<\/strong> erbjuder stilrena produkter i marmor\/marmorimitation med fokus p\u00e5 smycken och inredningsaccessoarer. <a href=\"https:\/\/www.facebook.com\/marbleddays\/?fref=ts\" target=\"_blank\" rel=\"noopener noreferrer\">L\u00e4s mer &gt;\u00a0<\/a><br \/>\n<a href=\"https:\/\/www.youtube.com\/attribution_link?a=Q6P5ivb2G5A&amp;u=%2Fwatch%3Fv%3DrL8UA855Aus%26feature%3Dshare\" target=\"_blank\" rel=\"noopener noreferrer\">Se deras film fr\u00e5n regionfinalen &gt;<\/a><\/p>\n<p><strong>FastBreak UF <\/strong>s\u00e4ljer f\u00e4rdiga frukostp\u00e5sar som ger en snabb, optimal frukost och en bra start p\u00e5 dagen. <a href=\"https:\/\/www.facebook.com\/fastbreakuf\/\" target=\"_blank\" rel=\"noopener noreferrer\">L\u00e4s mer &gt;<\/a><\/p>\n<p><strong>Mapple UF<\/strong> erbjuder en god och trevlig smakupplevelse genom en n\u00e4rproducerad och egentillverkad \u00e4pplemust. <a href=\"https:\/\/www.facebook.com\/Mappleuf\/\" target=\"_blank\" rel=\"noopener noreferrer\">L\u00e4s mer &gt;<\/a><\/p>\n<p><img loading=\"lazy\" decoding=\"async\" class=\"alignnone wp-image-8331 size-full\" src=\"https:\/\/www.europaskolan.se\/strangnas\/wp-content\/uploads\/sites\/2\/2017\/03\/Mapple_UF-1.jpg\" alt=\"\" width=\"801\" height=\"801\" srcset=\"https:\/\/www.europaskolan.se\/strangnas\/wp-content\/uploads\/sites\/2\/2017\/03\/Mapple_UF-1.jpg 801w, https:\/\/www.europaskolan.se\/strangnas\/wp-content\/uploads\/sites\/2\/2017\/03\/Mapple_UF-1-150x150.jpg 150w, https:\/\/www.europaskolan.se\/strangnas\/wp-content\/uploads\/sites\/2\/2017\/03\/Mapple_UF-1-300x300.jpg 300w, https:\/\/www.europaskolan.se\/strangnas\/wp-content\/uploads\/sites\/2\/2017\/03\/Mapple_UF-1-768x768.jpg 768w, https:\/\/www.europaskolan.se\/strangnas\/wp-content\/uploads\/sites\/2\/2017\/03\/Mapple_UF-1-100x100.jpg 100w, https:\/\/www.europaskolan.se\/strangnas\/wp-content\/uploads\/sites\/2\/2017\/03\/Mapple_UF-1-45x45.jpg 45w\" sizes=\"(max-width: 801px) 100vw, 801px\" \/><\/p>\n<p><strong>Salubrious UF<\/strong> erbjuder m\u00e4n ett ekologiskt, milj\u00f6v\u00e4nligt samt hemmagjort alternativ till alla de hudkr\u00e4mer som finns. <a href=\"https:\/\/www.facebook.com\/pg\/SalubriousUF\/\" target=\"_blank\" rel=\"noopener noreferrer\">L\u00e4s mer &gt;<\/a><\/p>\n<p><img loading=\"lazy\" decoding=\"async\" class=\"alignnone wp-image-8323 size-full\" src=\"https:\/\/www.europaskolan.se\/strangnas\/wp-content\/uploads\/sites\/2\/2017\/03\/Salubrious-UF-1.jpg\" alt=\"\" width=\"762\" height=\"912\" srcset=\"https:\/\/www.europaskolan.se\/strangnas\/wp-content\/uploads\/sites\/2\/2017\/03\/Salubrious-UF-1.jpg 762w, https:\/\/www.europaskolan.se\/strangnas\/wp-content\/uploads\/sites\/2\/2017\/03\/Salubrious-UF-1-251x300.jpg 251w\" sizes=\"(max-width: 762px) 100vw, 762px\" \/><\/p>\n","protected":false},"excerpt":{"rendered":"<p>I helgen gick \u00e5rets n\u00e4ringslivsm\u00e4ssa av stapeln i Str\u00e4ngn\u00e4s. Samtidigt var det dags f\u00f6r regionfinal i t\u00e4vlingen \u201dEntrepren\u00f6rskap p\u00e5 riktigt\u201d, d\u00e4r landets b\u00e4sta UF-f\u00f6retag ska utses. F\u00f6r Europaskolan Str\u00e4ngn\u00e4s blev det flerfaldiga vinster, och sammanlagt g\u00e5r nu fyra f\u00f6retag vidare till SM i Ung F\u00f6retagsamhet. Marbled Days UF tog hem segern som \u00c5rets UF-f\u00f6retag i [&hellip;]<\/p>\n","protected":false},"author":2,"featured_media":8324,"comment_status":"closed","ping_status":"closed","sticky":false,"template":"","format":"standard","meta":{"footnotes":""},"categories":[11],"tags":[],"class_list":["post-8319","post","type-post","status-publish","format-standard","has-post-thumbnail","hentry","category-utmarkelser-europaskolan-strangnas"],"blocksy_meta":[],"rttpg_featured_image_url":{"full":["https:\/\/www.europaskolan.se\/strangnas\/wp-content\/uploads\/sites\/2\/2017\/03\/Marbled-Days-UF1-1.jpg",625,588,false],"landscape":["https:\/\/www.europaskolan.se\/strangnas\/wp-content\/uploads\/sites\/2\/2017\/03\/Marbled-Days-UF1-1.jpg",625,588,false],"portraits":["https:\/\/www.europaskolan.se\/strangnas\/wp-content\/uploads\/sites\/2\/2017\/03\/Marbled-Days-UF1-1.jpg",625,588,false],"thumbnail":["https:\/\/www.europaskolan.se\/strangnas\/wp-content\/uploads\/sites\/2\/2017\/03\/Marbled-Days-UF1-1-150x150.jpg",150,150,true],"medium":["https:\/\/www.europaskolan.se\/strangnas\/wp-content\/uploads\/sites\/2\/2017\/03\/Marbled-Days-UF1-1-300x282.jpg",300,282,true],"large":["https:\/\/www.europaskolan.se\/strangnas\/wp-content\/uploads\/sites\/2\/2017\/03\/Marbled-Days-UF1-1.jpg",625,588,false],"1536x1536":["https:\/\/www.europaskolan.se\/strangnas\/wp-content\/uploads\/sites\/2\/2017\/03\/Marbled-Days-UF1-1.jpg",625,588,false],"2048x2048":["https:\/\/www.europaskolan.se\/strangnas\/wp-content\/uploads\/sites\/2\/2017\/03\/Marbled-Days-UF1-1.jpg",625,588,false],"sow-carousel-default":["https:\/\/www.europaskolan.se\/strangnas\/wp-content\/uploads\/sites\/2\/2017\/03\/Marbled-Days-UF1-1.jpg",193,182,false]},"rttpg_author":{"display_name":"camilla","author_link":"https:\/\/www.europaskolan.se\/strangnas\/author\/camilla\/"},"rttpg_comment":0,"rttpg_category":"<a href=\"https:\/\/www.europaskolan.se\/strangnas\/category\/utmarkelser-europaskolan-strangnas\/\" rel=\"category tag\">Utm\u00e4rkelser \u2013 Europaskolan Str\u00e4ngn\u00e4s<\/a>","rttpg_excerpt":"I helgen gick \u00e5rets n\u00e4ringslivsm\u00e4ssa av stapeln i Str\u00e4ngn\u00e4s. Samtidigt var det dags f\u00f6r regionfinal i t\u00e4vlingen \u201dEntrepren\u00f6rskap p\u00e5 riktigt\u201d, d\u00e4r landets b\u00e4sta UF-f\u00f6retag ska utses. F\u00f6r Europaskolan Str\u00e4ngn\u00e4s blev det flerfaldiga vinster, och sammanlagt g\u00e5r nu fyra f\u00f6retag vidare till SM i Ung F\u00f6retagsamhet. Marbled Days UF tog hem segern som \u00c5rets UF-f\u00f6retag i&hellip;","_links":{"self":[{"href":"https:\/\/www.europaskolan.se\/strangnas\/wp-json\/wp\/v2\/posts\/8319","targetHints":{"allow":["GET"]}}],"collection":[{"href":"https:\/\/www.europaskolan.se\/strangnas\/wp-json\/wp\/v2\/posts"}],"about":[{"href":"https:\/\/www.europaskolan.se\/strangnas\/wp-json\/wp\/v2\/types\/post"}],"author":[{"embeddable":true,"href":"https:\/\/www.europaskolan.se\/strangnas\/wp-json\/wp\/v2\/users\/2"}],"replies":[{"embeddable":true,"href":"https:\/\/www.europaskolan.se\/strangnas\/wp-json\/wp\/v2\/comments?post=8319"}],"version-history":[{"count":0,"href":"https:\/\/www.europaskolan.se\/strangnas\/wp-json\/wp\/v2\/posts\/8319\/revisions"}],"wp:featuredmedia":[{"embeddable":true,"href":"https:\/\/www.europaskolan.se\/strangnas\/wp-json\/wp\/v2\/media\/8324"}],"wp:attachment":[{"href":"https:\/\/www.europaskolan.se\/strangnas\/wp-json\/wp\/v2\/media?parent=8319"}],"wp:term":[{"taxonomy":"category","embeddable":true,"href":"https:\/\/www.europaskolan.se\/strangnas\/wp-json\/wp\/v2\/categories?post=8319"},{"taxonomy":"post_tag","embeddable":true,"href":"https:\/\/www.europaskolan.se\/strangnas\/wp-json\/wp\/v2\/tags?post=8319"}],"curies":[{"name":"wp","href":"https:\/\/api.w.org\/{rel}","templated":true}]}}