{"id":7991,"date":"2016-12-16T12:37:05","date_gmt":"2016-12-16T11:37:05","guid":{"rendered":"https:\/\/www.europaskolan.se\/?p=7991"},"modified":"2019-05-28T09:52:33","modified_gmt":"2019-05-28T07:52:33","slug":"forsta-och-andra-pris-till-europaskolan-strangnas-i-foretagspitchen","status":"publish","type":"post","link":"https:\/\/www.europaskolan.se\/strangnas\/forsta-och-andra-pris-till-europaskolan-strangnas-i-foretagspitchen\/","title":{"rendered":"F\u00f6rsta och andra pris till Europaskolan Str\u00e4ngn\u00e4s  i F\u00f6retagspitchen"},"content":{"rendered":"<figure id=\"attachment_7992\" aria-describedby=\"caption-attachment-7992\" style=\"width: 3138px\" class=\"wp-caption alignnone\"><img fetchpriority=\"high\" decoding=\"async\" class=\"size-full wp-image-7992\" src=\"https:\/\/www.europaskolan.se\/strangnas\/wp-content\/uploads\/sites\/2\/2016\/12\/Pitch-2016_Europaskolan-1.jpg\" alt=\"F\u00f6rsta och andra pris till Europaskolan Str\u00e4ngn\u00e4s\" width=\"3138\" height=\"1764\" srcset=\"https:\/\/www.europaskolan.se\/strangnas\/wp-content\/uploads\/sites\/2\/2016\/12\/Pitch-2016_Europaskolan-1.jpg 3138w, https:\/\/www.europaskolan.se\/strangnas\/wp-content\/uploads\/sites\/2\/2016\/12\/Pitch-2016_Europaskolan-1-300x169.jpg 300w, https:\/\/www.europaskolan.se\/strangnas\/wp-content\/uploads\/sites\/2\/2016\/12\/Pitch-2016_Europaskolan-1-768x432.jpg 768w, https:\/\/www.europaskolan.se\/strangnas\/wp-content\/uploads\/sites\/2\/2016\/12\/Pitch-2016_Europaskolan-1-1024x576.jpg 1024w\" sizes=\"(max-width: 3138px) 100vw, 3138px\" \/><figcaption id=\"caption-attachment-7992\" class=\"wp-caption-text\">F\u00f6rsta- och andrapristagarna i F\u00f6retagspitchen, fr\u00e5n v\u00e4nster: Madeleine Wallerstr\u00f6m och Josefine \u00d6stlund (Marbled Days UF); Elsa K\u00e4llstig, Clara Nathanson, Sebastian St\u00fcben och Andreas Dahlqvist (Fast Break UF).<\/figcaption><\/figure>\n<p><em>\u00c5terigen st\u00e5r UF-f\u00f6retag fr\u00e5n Europaskolan Str\u00e4ngn\u00e4s p\u00e5 prispallen. I \u00e5rets upplaga av F\u00f6retagspitchen tog v\u00e5ra elever hem b\u00e5de f\u00f6rsta- och andrapriset.<\/em><\/p>\n<p><strong>F\u00f6retagspitchen \u00e4r en \u00e5rlig t\u00e4vling som arrangeras av Ung F\u00f6retagsamhet, <\/strong>tillsammans med S\u00f6rmlands Sparbank och Sparbanken Rekarne. H\u00e4r f\u00e5r elever med UF-f\u00f6retag chansen att presentera sina id\u00e9er inf\u00f6r en jury med stor erfarenhet av entrepren\u00f6rskap och f\u00f6rtagande.<\/p>\n<p>I \u00e5rets t\u00e4vling p\u00e5 Munktell Science Park i Eskilstuna deltog 15 UF-f\u00f6retag fr\u00e5n norra S\u00f6rmland, varav Str\u00e4ngn\u00e4s lade beslag p\u00e5 hela prispallen. F\u00f6rsta- och andraplatsen gick n\u00e4mligen till Europaskolan Str\u00e4ngn\u00e4s och p\u00e5 tredje plats kom ett UF-f\u00f6retag fr\u00e5n Thomasgymnasiet i samma stad.<\/p>\n<p><strong>F\u00f6rsta pris gick till Marbled Days UF,<\/strong> med Josefine \u00d6stvik och Madeleine Wallerstr\u00f6m. H\u00e4r \u00e4r deras aff\u00e4rsid\u00e9: &#8221;Med en tidl\u00f6s design och simplicitet vill vi f\u00e5nga storheten och de m\u00e5nga anv\u00e4ndningsomr\u00e5den som marmor kan utg\u00f6ra. Vi erbjuder stilrena produkter i marmor samt marmorimitation, till dig som suktar efter elegans, med fokus p\u00e5 smycken och inredningsaccessoarer. Allt \u00e4r hantverk som vi sj\u00e4lva visualiserar fram och skapar produkter av.&#8221;<\/p>\n<p><strong>P\u00e5 andra plats kom Fast Break UF, <\/strong>med Sebastian St\u00fcben, Elsa K\u00e4llstig, Clara Nathanson och Andreas Dahlqvist. Deras aff\u00e4rsid\u00e9 \u00e4r den h\u00e4r: \u201dVi vill f\u00f6renkla er vardag genom att erbjuda ett nyttigt, m\u00e4ttande och framf\u00f6r allt snabbt frukostalternativ, s\u00e5 att ni f\u00e5r i er en optimal frukost s\u00e5 enkelt som m\u00f6jligt.\u201d<\/p>\n<p><strong>Vi \u00e4r otroligt stolta \u00f6ver v\u00e5ra duktiga elever i klass F\u00d614<\/strong> och deras l\u00e4rare Caroline Noreen och Robert Berg. Extra hedrande \u00e4r det att Europaskolan Str\u00e4ngn\u00e4s har vunnit f\u00f6rsta pris alla \u00e5r utom ett, sedan F\u00f6retagspitchen startade.<\/p>\n<p><em>Varmt grattis till er alla!<\/em><\/p>\n<p><strong>Vill du veta mer?<br \/>\n<\/strong><a href=\"http:\/\/ungforetagsamhet.se\/gymnasium\/sodermanland\/foretagspitchen-2016\" target=\"_blank\" rel=\"noopener noreferrer\">L\u00e4s om F\u00f6retagspitchen h\u00e4r &gt;\u00a0<\/a><br \/>\n<a href=\"http:\/\/www.marbleddays.com.se\" target=\"_blank\" rel=\"noopener noreferrer\">L\u00e4s mer om Marbled Days UF &gt; <\/a><br \/>\n<a href=\"http:\/\/www.fastbreakuf.com\/\" target=\"_blank\" rel=\"noopener noreferrer\">L\u00e4s mer om Fast Break UF &gt; <\/a><\/p>\n","protected":false},"excerpt":{"rendered":"<p>\u00c5terigen st\u00e5r UF-f\u00f6retag fr\u00e5n Europaskolan Str\u00e4ngn\u00e4s p\u00e5 prispallen. I \u00e5rets upplaga av F\u00f6retagspitchen tog v\u00e5ra elever hem b\u00e5de f\u00f6rsta- och andrapriset. F\u00f6retagspitchen \u00e4r en \u00e5rlig t\u00e4vling som arrangeras av Ung F\u00f6retagsamhet, tillsammans med S\u00f6rmlands Sparbank och Sparbanken Rekarne. H\u00e4r f\u00e5r elever med UF-f\u00f6retag chansen att presentera sina id\u00e9er inf\u00f6r en jury med stor erfarenhet av [&hellip;]<\/p>\n","protected":false},"author":2,"featured_media":7992,"comment_status":"closed","ping_status":"closed","sticky":false,"template":"","format":"standard","meta":{"footnotes":""},"categories":[11],"tags":[],"class_list":["post-7991","post","type-post","status-publish","format-standard","has-post-thumbnail","hentry","category-utmarkelser-europaskolan-strangnas"],"blocksy_meta":[],"rttpg_featured_image_url":{"full":["https:\/\/www.europaskolan.se\/strangnas\/wp-content\/uploads\/sites\/2\/2016\/12\/Pitch-2016_Europaskolan-1.jpg",3138,1764,false],"landscape":["https:\/\/www.europaskolan.se\/strangnas\/wp-content\/uploads\/sites\/2\/2016\/12\/Pitch-2016_Europaskolan-1.jpg",3138,1764,false],"portraits":["https:\/\/www.europaskolan.se\/strangnas\/wp-content\/uploads\/sites\/2\/2016\/12\/Pitch-2016_Europaskolan-1.jpg",3138,1764,false],"thumbnail":["https:\/\/www.europaskolan.se\/strangnas\/wp-content\/uploads\/sites\/2\/2016\/12\/Pitch-2016_Europaskolan-1-150x150.jpg",150,150,true],"medium":["https:\/\/www.europaskolan.se\/strangnas\/wp-content\/uploads\/sites\/2\/2016\/12\/Pitch-2016_Europaskolan-1-300x169.jpg",300,169,true],"large":["https:\/\/www.europaskolan.se\/strangnas\/wp-content\/uploads\/sites\/2\/2016\/12\/Pitch-2016_Europaskolan-1-1024x576.jpg",1024,576,true],"1536x1536":["https:\/\/www.europaskolan.se\/strangnas\/wp-content\/uploads\/sites\/2\/2016\/12\/Pitch-2016_Europaskolan-1.jpg",1536,863,false],"2048x2048":["https:\/\/www.europaskolan.se\/strangnas\/wp-content\/uploads\/sites\/2\/2016\/12\/Pitch-2016_Europaskolan-1.jpg",2048,1151,false],"sow-carousel-default":["https:\/\/www.europaskolan.se\/strangnas\/wp-content\/uploads\/sites\/2\/2016\/12\/Pitch-2016_Europaskolan-1.jpg",272,153,false]},"rttpg_author":{"display_name":"camilla","author_link":"https:\/\/www.europaskolan.se\/strangnas\/author\/camilla\/"},"rttpg_comment":0,"rttpg_category":"<a href=\"https:\/\/www.europaskolan.se\/strangnas\/category\/utmarkelser-europaskolan-strangnas\/\" rel=\"category tag\">Utm\u00e4rkelser \u2013 Europaskolan Str\u00e4ngn\u00e4s<\/a>","rttpg_excerpt":"\u00c5terigen st\u00e5r UF-f\u00f6retag fr\u00e5n Europaskolan Str\u00e4ngn\u00e4s p\u00e5 prispallen. I \u00e5rets upplaga av F\u00f6retagspitchen tog v\u00e5ra elever hem b\u00e5de f\u00f6rsta- och andrapriset. F\u00f6retagspitchen \u00e4r en \u00e5rlig t\u00e4vling som arrangeras av Ung F\u00f6retagsamhet, tillsammans med S\u00f6rmlands Sparbank och Sparbanken Rekarne. H\u00e4r f\u00e5r elever med UF-f\u00f6retag chansen att presentera sina id\u00e9er inf\u00f6r en jury med stor erfarenhet av&hellip;","_links":{"self":[{"href":"https:\/\/www.europaskolan.se\/strangnas\/wp-json\/wp\/v2\/posts\/7991","targetHints":{"allow":["GET"]}}],"collection":[{"href":"https:\/\/www.europaskolan.se\/strangnas\/wp-json\/wp\/v2\/posts"}],"about":[{"href":"https:\/\/www.europaskolan.se\/strangnas\/wp-json\/wp\/v2\/types\/post"}],"author":[{"embeddable":true,"href":"https:\/\/www.europaskolan.se\/strangnas\/wp-json\/wp\/v2\/users\/2"}],"replies":[{"embeddable":true,"href":"https:\/\/www.europaskolan.se\/strangnas\/wp-json\/wp\/v2\/comments?post=7991"}],"version-history":[{"count":0,"href":"https:\/\/www.europaskolan.se\/strangnas\/wp-json\/wp\/v2\/posts\/7991\/revisions"}],"wp:featuredmedia":[{"embeddable":true,"href":"https:\/\/www.europaskolan.se\/strangnas\/wp-json\/wp\/v2\/media\/7992"}],"wp:attachment":[{"href":"https:\/\/www.europaskolan.se\/strangnas\/wp-json\/wp\/v2\/media?parent=7991"}],"wp:term":[{"taxonomy":"category","embeddable":true,"href":"https:\/\/www.europaskolan.se\/strangnas\/wp-json\/wp\/v2\/categories?post=7991"},{"taxonomy":"post_tag","embeddable":true,"href":"https:\/\/www.europaskolan.se\/strangnas\/wp-json\/wp\/v2\/tags?post=7991"}],"curies":[{"name":"wp","href":"https:\/\/api.w.org\/{rel}","templated":true}]}}