{"id":7851,"date":"2016-11-17T16:50:09","date_gmt":"2016-11-17T15:50:09","guid":{"rendered":"https:\/\/www.europaskolan.se\/?p=7851"},"modified":"2019-05-28T09:48:46","modified_gmt":"2019-05-28T07:48:46","slug":"tva-uf-foretag-fran-europaskolan-strangnas-gar-till-sm-i-central-baltic-enterprise-without-borders","status":"publish","type":"post","link":"https:\/\/www.europaskolan.se\/strangnas\/tva-uf-foretag-fran-europaskolan-strangnas-gar-till-sm-i-central-baltic-enterprise-without-borders\/","title":{"rendered":"Tv\u00e5 UF-f\u00f6retag fr\u00e5n Europaskolan Str\u00e4ngn\u00e4s g\u00e5r till SM i Central Baltic Enterprise without Borders"},"content":{"rendered":"<figure id=\"attachment_7852\" aria-describedby=\"caption-attachment-7852\" style=\"width: 940px\" class=\"wp-caption alignnone\"><img fetchpriority=\"high\" decoding=\"async\" class=\"size-full wp-image-7852\" src=\"https:\/\/www.europaskolan.se\/strangnas\/wp-content\/uploads\/sites\/2\/2016\/11\/Europaskolan_Central-Baltic-Enterprise-1.jpg\" alt=\"\" width=\"940\" height=\"450\" srcset=\"https:\/\/www.europaskolan.se\/strangnas\/wp-content\/uploads\/sites\/2\/2016\/11\/Europaskolan_Central-Baltic-Enterprise-1.jpg 940w, https:\/\/www.europaskolan.se\/strangnas\/wp-content\/uploads\/sites\/2\/2016\/11\/Europaskolan_Central-Baltic-Enterprise-1-300x144.jpg 300w, https:\/\/www.europaskolan.se\/strangnas\/wp-content\/uploads\/sites\/2\/2016\/11\/Europaskolan_Central-Baltic-Enterprise-1-768x368.jpg 768w\" sizes=\"(max-width: 940px) 100vw, 940px\" \/><figcaption id=\"caption-attachment-7852\" class=\"wp-caption-text\">P\u00e5 bilden kan ni se Emil Berglund och Jacob Rappe (Salubrious UF) i samarbete med Krista Gaisa fr\u00e5n Lettland och Kasper Nordman, Miro Tammi och Atte Urama fr\u00e5n Finland.<\/figcaption><\/figure>\n<p><em>I m\u00e5ndags kom fyra hj\u00e4ltar hem fr\u00e5n Tallinn. Det \u00e4r elever fr\u00e5n Europaskolan Str\u00e4ngn\u00e4s som deltar i CBEwB \u2013 ett internationellt projekt f\u00f6r samarbete och ung f\u00f6retagsamhet. Deras UF-f\u00f6retag har nu kvalificerat sig f\u00f6r SM i Stockholm.<\/em><\/p>\n<p><strong>CBEwB st\u00e5r f\u00f6r Central Baltic Enterprise without Borders <\/strong>och \u00e4r ett projekt inom JA Worldwide. M\u00e5let \u00e4r att bygga internationella f\u00f6retag, d\u00e4r elever fr\u00e5n olika l\u00e4nder \u00e4r representerade. Det f\u00f6rsta eventet \u00e4gde rum i Helsingfors tidigare i \u00e5r, d\u00e5 n\u00e5gra av v\u00e5ra elever och l\u00e4rare deltog i ett Innovation Camp. <a href=\"https:\/\/www.europaskolan.se\/strangnas\/europaskolan-strangnas-pa-innovation-camp-i-helsingfors\/\" target=\"_blank\" rel=\"noopener noreferrer\">L\u00e4s mer h\u00e4r &gt; <\/a><\/p>\n<p><strong>Den 10\u201313 november var vi i Tallinn med ytterligare fyra elever <\/strong><em>\u2013 <\/em>som d\u00e4r lyckades skapa samarbete med elever fr\u00e5n Finland, Estland och Lettland!<\/p>\n<figure id=\"attachment_7854\" aria-describedby=\"caption-attachment-7854\" style=\"width: 792px\" class=\"wp-caption alignnone\"><img decoding=\"async\" class=\"size-full wp-image-7854\" src=\"https:\/\/www.europaskolan.se\/strangnas\/wp-content\/uploads\/sites\/2\/2016\/11\/Europaskolan_Central-Baltic-Enterprise2-1.jpg\" alt=\"\" width=\"792\" height=\"450\" srcset=\"https:\/\/www.europaskolan.se\/strangnas\/wp-content\/uploads\/sites\/2\/2016\/11\/Europaskolan_Central-Baltic-Enterprise2-1.jpg 792w, https:\/\/www.europaskolan.se\/strangnas\/wp-content\/uploads\/sites\/2\/2016\/11\/Europaskolan_Central-Baltic-Enterprise2-1-300x170.jpg 300w, https:\/\/www.europaskolan.se\/strangnas\/wp-content\/uploads\/sites\/2\/2016\/11\/Europaskolan_Central-Baltic-Enterprise2-1-768x436.jpg 768w\" sizes=\"(max-width: 792px) 100vw, 792px\" \/><figcaption id=\"caption-attachment-7854\" class=\"wp-caption-text\">Simon Wirsenius och Oliver Stenstr\u00f6m ( Mapple UF) lyckades bilda nytt bolag med Margarita Anskina och Eliza Dombrovska fr\u00e5n Lettland och Lavra Liis Baumann fr\u00e5n Estland.<\/figcaption><\/figure>\n<p><strong>Vi \u00e4r s\u00e5 stolta \u00f6ver er! Samarbetet ledde n\u00e4mligen till SM<\/strong>, som g\u00e5r av stapeln i Stockholm den 8\u20139 maj, 2017. Fram till dess forts\u00e4tter samarbetet mellan skolorna i v\u00e5ra olika l\u00e4nder, med fler m\u00f6ten i b\u00e5de Tallinn och Helsingfors. Efter den regionala UF-m\u00e4ssan i Str\u00e4ngn\u00e4s den 18 mars, vet vi ocks\u00e5 om \u00e4nnu fler f\u00f6retag g\u00e5r vidare till SM.<\/p>\n<p><em>Varmt grattis till er elever och l\u00e4rare som deltar i projektet \u2013 och stort lycka till fram\u00f6ver!<\/em><\/p>\n<p><strong>Se film fr\u00e5n <a href=\"https:\/\/www.youtube.com\/watch?v=CdigfhetdF8\" target=\"_blank\" rel=\"noopener noreferrer\">Tallinnresan &gt;<\/a><\/strong><\/p>\n<p>L\u00e4s mer om organisationen och projektet:<br \/>\n<a href=\"https:\/\/www.jaworldwide.org\/\" target=\"_blank\" rel=\"noopener noreferrer\">https:\/\/www.jaworldwide.org\/<br \/>\n<\/a><a href=\"http:\/\/nuoriyrittajyys.fi\/sv\/cbewb\/\" target=\"_blank\" rel=\"noopener noreferrer\">http:\/\/nuoriyrittajyys.fi\/sv\/cbewb\/<\/a><\/p>\n","protected":false},"excerpt":{"rendered":"<p>I m\u00e5ndags kom fyra hj\u00e4ltar hem fr\u00e5n Tallinn. Det \u00e4r elever fr\u00e5n Europaskolan Str\u00e4ngn\u00e4s som deltar i CBEwB \u2013 ett internationellt projekt f\u00f6r samarbete och ung f\u00f6retagsamhet. Deras UF-f\u00f6retag har nu kvalificerat sig f\u00f6r SM i Stockholm. CBEwB st\u00e5r f\u00f6r Central Baltic Enterprise without Borders och \u00e4r ett projekt inom JA Worldwide. M\u00e5let \u00e4r att [&hellip;]<\/p>\n","protected":false},"author":2,"featured_media":7852,"comment_status":"closed","ping_status":"closed","sticky":false,"template":"","format":"standard","meta":{"footnotes":""},"categories":[11],"tags":[],"class_list":["post-7851","post","type-post","status-publish","format-standard","has-post-thumbnail","hentry","category-utmarkelser-europaskolan-strangnas"],"blocksy_meta":[],"rttpg_featured_image_url":{"full":["https:\/\/www.europaskolan.se\/strangnas\/wp-content\/uploads\/sites\/2\/2016\/11\/Europaskolan_Central-Baltic-Enterprise-1.jpg",940,450,false],"landscape":["https:\/\/www.europaskolan.se\/strangnas\/wp-content\/uploads\/sites\/2\/2016\/11\/Europaskolan_Central-Baltic-Enterprise-1.jpg",940,450,false],"portraits":["https:\/\/www.europaskolan.se\/strangnas\/wp-content\/uploads\/sites\/2\/2016\/11\/Europaskolan_Central-Baltic-Enterprise-1.jpg",940,450,false],"thumbnail":["https:\/\/www.europaskolan.se\/strangnas\/wp-content\/uploads\/sites\/2\/2016\/11\/Europaskolan_Central-Baltic-Enterprise-1-150x150.jpg",150,150,true],"medium":["https:\/\/www.europaskolan.se\/strangnas\/wp-content\/uploads\/sites\/2\/2016\/11\/Europaskolan_Central-Baltic-Enterprise-1-300x144.jpg",300,144,true],"large":["https:\/\/www.europaskolan.se\/strangnas\/wp-content\/uploads\/sites\/2\/2016\/11\/Europaskolan_Central-Baltic-Enterprise-1.jpg",940,450,false],"1536x1536":["https:\/\/www.europaskolan.se\/strangnas\/wp-content\/uploads\/sites\/2\/2016\/11\/Europaskolan_Central-Baltic-Enterprise-1.jpg",940,450,false],"2048x2048":["https:\/\/www.europaskolan.se\/strangnas\/wp-content\/uploads\/sites\/2\/2016\/11\/Europaskolan_Central-Baltic-Enterprise-1.jpg",940,450,false],"sow-carousel-default":["https:\/\/www.europaskolan.se\/strangnas\/wp-content\/uploads\/sites\/2\/2016\/11\/Europaskolan_Central-Baltic-Enterprise-1.jpg",272,130,false]},"rttpg_author":{"display_name":"camilla","author_link":"https:\/\/www.europaskolan.se\/strangnas\/author\/camilla\/"},"rttpg_comment":0,"rttpg_category":"<a href=\"https:\/\/www.europaskolan.se\/strangnas\/category\/utmarkelser-europaskolan-strangnas\/\" rel=\"category tag\">Utm\u00e4rkelser \u2013 Europaskolan Str\u00e4ngn\u00e4s<\/a>","rttpg_excerpt":"I m\u00e5ndags kom fyra hj\u00e4ltar hem fr\u00e5n Tallinn. Det \u00e4r elever fr\u00e5n Europaskolan Str\u00e4ngn\u00e4s som deltar i CBEwB \u2013 ett internationellt projekt f\u00f6r samarbete och ung f\u00f6retagsamhet. Deras UF-f\u00f6retag har nu kvalificerat sig f\u00f6r SM i Stockholm. CBEwB st\u00e5r f\u00f6r Central Baltic Enterprise without Borders och \u00e4r ett projekt inom JA Worldwide. M\u00e5let \u00e4r att&hellip;","_links":{"self":[{"href":"https:\/\/www.europaskolan.se\/strangnas\/wp-json\/wp\/v2\/posts\/7851","targetHints":{"allow":["GET"]}}],"collection":[{"href":"https:\/\/www.europaskolan.se\/strangnas\/wp-json\/wp\/v2\/posts"}],"about":[{"href":"https:\/\/www.europaskolan.se\/strangnas\/wp-json\/wp\/v2\/types\/post"}],"author":[{"embeddable":true,"href":"https:\/\/www.europaskolan.se\/strangnas\/wp-json\/wp\/v2\/users\/2"}],"replies":[{"embeddable":true,"href":"https:\/\/www.europaskolan.se\/strangnas\/wp-json\/wp\/v2\/comments?post=7851"}],"version-history":[{"count":0,"href":"https:\/\/www.europaskolan.se\/strangnas\/wp-json\/wp\/v2\/posts\/7851\/revisions"}],"wp:featuredmedia":[{"embeddable":true,"href":"https:\/\/www.europaskolan.se\/strangnas\/wp-json\/wp\/v2\/media\/7852"}],"wp:attachment":[{"href":"https:\/\/www.europaskolan.se\/strangnas\/wp-json\/wp\/v2\/media?parent=7851"}],"wp:term":[{"taxonomy":"category","embeddable":true,"href":"https:\/\/www.europaskolan.se\/strangnas\/wp-json\/wp\/v2\/categories?post=7851"},{"taxonomy":"post_tag","embeddable":true,"href":"https:\/\/www.europaskolan.se\/strangnas\/wp-json\/wp\/v2\/tags?post=7851"}],"curies":[{"name":"wp","href":"https:\/\/api.w.org\/{rel}","templated":true}]}}