{"id":7730,"date":"2016-10-03T13:20:15","date_gmt":"2016-10-03T11:20:15","guid":{"rendered":"https:\/\/www.europaskolan.se\/?p=7730"},"modified":"2019-05-27T19:33:05","modified_gmt":"2019-05-27T17:33:05","slug":"europaskolan-strangnas-pa-innovation-camp-i-helsingfors","status":"publish","type":"post","link":"https:\/\/www.europaskolan.se\/strangnas\/europaskolan-strangnas-pa-innovation-camp-i-helsingfors\/","title":{"rendered":"Europaskolan Str\u00e4ngn\u00e4s p\u00e5 Innovation Camp i Helsingfors"},"content":{"rendered":"<p><img fetchpriority=\"high\" decoding=\"async\" class=\"alignnone wp-image-7731 size-full\" src=\"https:\/\/www.europaskolan.se\/strangnas\/wp-content\/uploads\/sites\/2\/2016\/10\/Europaskolan_Helsingfors-1.jpg\" alt=\"Europaskolan_Helsingfors\" width=\"1142\" height=\"669\" srcset=\"https:\/\/www.europaskolan.se\/strangnas\/wp-content\/uploads\/sites\/2\/2016\/10\/Europaskolan_Helsingfors-1.jpg 1142w, https:\/\/www.europaskolan.se\/strangnas\/wp-content\/uploads\/sites\/2\/2016\/10\/Europaskolan_Helsingfors-1-300x176.jpg 300w, https:\/\/www.europaskolan.se\/strangnas\/wp-content\/uploads\/sites\/2\/2016\/10\/Europaskolan_Helsingfors-1-768x450.jpg 768w, https:\/\/www.europaskolan.se\/strangnas\/wp-content\/uploads\/sites\/2\/2016\/10\/Europaskolan_Helsingfors-1-1024x600.jpg 1024w\" sizes=\"(max-width: 1142px) 100vw, 1142px\" \/><\/p>\n<p><em>Fem elever och tv\u00e5 l\u00e4rare fr\u00e5n Europaskolan Str\u00e4ngn\u00e4s har f\u00e5tt m\u00f6jlighet att delta i CBEwB\u00a0\u2013 ett internationellt projekt som verkar f\u00f6r att fr\u00e4mja samarbete och ung f\u00f6retagsamhet i Sverige, Finland, Estland och Lettland. F\u00f6rsta eventet, \u201dInnovation Camp\u201d, \u00e4gde rum i Helsingfors 27 till 29 september, och s\u00e5 m\u00e5nga som 110 elever<\/em> <em>och 20 l\u00e4rare fr\u00e5n de fyra olika l\u00e4nderna n\u00e4rvarade.<\/em><\/p>\n<p>H\u00e4r \u00e4r programmet f\u00f6r Helsingforsresan:<\/p>\n<p><strong>Dag 1:<\/strong><br \/>\nDe svenska deltagarna tr\u00e4ffades p\u00e5 Sky City Arlanda f\u00f6r att l\u00e4ra k\u00e4nna varandra. H\u00e4r blev det genomg\u00e5ng i stora drag av projektet och samarbetslekar, b\u00e5de mellan eleverna och l\u00e4rarna. Sedan v\u00e4ntade fritid p\u00e5 Arlanda och gemensam middag.<\/p>\n<p><strong>Dag 2:<br \/>\n<\/strong>Den andra dagen startade med frukost 04.30 och tidig avf\u00e4rd mot Helsingfors med flyg. Alla deltagare fr\u00e5n samtliga l\u00e4nder samlades p\u00e5 hotell Presidentii i centrala Helsingfors. S\u00e5 startade projektet med introduktion, teamwork och brainstorming kring nya aff\u00e4rsid\u00e9er, d\u00e4r deltagarna bildade olika grupper. Matthew Wood\u00a0fr\u00e5n f\u00f6retaget Amcham Finland h\u00f6ll sedan en f\u00f6rel\u00e4sning, innan dagen avslutades med mer lekfyllda aktiviteter f\u00f6r att st\u00e4rka sammanh\u00e5llningen, s\u00e5som musikquiz. Eleverna fick \u00e4ven lite egentid i Helsingfors.<\/p>\n<p><strong>Dag 3:<br \/>\n<\/strong>Tredje dagen samlades alla i den gamla biografen Astoria. H\u00e4r bj\u00f6ds p\u00e5 f\u00f6rel\u00e4sning av medarbetare fr\u00e5n\u00a0Microsoft. Eleverna \u00e4gnade sig ocks\u00e5 \u00e5t teamwork och fick marknadsf\u00f6ra sina aff\u00e4rsid\u00e9er i Helsingfors st\u00f6rsta k\u00f6pcenter.\u00a0Vistelsen avslutades med summering och planering f\u00f6r n\u00e4sta event. D\u00e4refter var det avsked och hemresa.<\/p>\n<p><em>Tack alla f\u00f6r mycket intressanta och givande dagar!<\/em><\/p>\n","protected":false},"excerpt":{"rendered":"<p>Fem elever och tv\u00e5 l\u00e4rare fr\u00e5n Europaskolan Str\u00e4ngn\u00e4s har f\u00e5tt m\u00f6jlighet att delta i CBEwB\u00a0\u2013 ett internationellt projekt som verkar f\u00f6r att fr\u00e4mja samarbete och ung f\u00f6retagsamhet i Sverige, Finland, Estland och Lettland. F\u00f6rsta eventet, \u201dInnovation Camp\u201d, \u00e4gde rum i Helsingfors 27 till 29 september, och s\u00e5 m\u00e5nga som 110 elever och 20 l\u00e4rare fr\u00e5n [&hellip;]<\/p>\n","protected":false},"author":2,"featured_media":7731,"comment_status":"closed","ping_status":"closed","sticky":false,"template":"","format":"standard","meta":{"footnotes":""},"categories":[3],"tags":[],"class_list":["post-7730","post","type-post","status-publish","format-standard","has-post-thumbnail","hentry","category-aktuellt-europaskolan-strangnas"],"blocksy_meta":[],"rttpg_featured_image_url":{"full":["https:\/\/www.europaskolan.se\/strangnas\/wp-content\/uploads\/sites\/2\/2016\/10\/Europaskolan_Helsingfors-1.jpg",1142,669,false],"landscape":["https:\/\/www.europaskolan.se\/strangnas\/wp-content\/uploads\/sites\/2\/2016\/10\/Europaskolan_Helsingfors-1.jpg",1142,669,false],"portraits":["https:\/\/www.europaskolan.se\/strangnas\/wp-content\/uploads\/sites\/2\/2016\/10\/Europaskolan_Helsingfors-1.jpg",1142,669,false],"thumbnail":["https:\/\/www.europaskolan.se\/strangnas\/wp-content\/uploads\/sites\/2\/2016\/10\/Europaskolan_Helsingfors-1-150x150.jpg",150,150,true],"medium":["https:\/\/www.europaskolan.se\/strangnas\/wp-content\/uploads\/sites\/2\/2016\/10\/Europaskolan_Helsingfors-1-300x176.jpg",300,176,true],"large":["https:\/\/www.europaskolan.se\/strangnas\/wp-content\/uploads\/sites\/2\/2016\/10\/Europaskolan_Helsingfors-1-1024x600.jpg",1024,600,true],"1536x1536":["https:\/\/www.europaskolan.se\/strangnas\/wp-content\/uploads\/sites\/2\/2016\/10\/Europaskolan_Helsingfors-1.jpg",1142,669,false],"2048x2048":["https:\/\/www.europaskolan.se\/strangnas\/wp-content\/uploads\/sites\/2\/2016\/10\/Europaskolan_Helsingfors-1.jpg",1142,669,false],"sow-carousel-default":["https:\/\/www.europaskolan.se\/strangnas\/wp-content\/uploads\/sites\/2\/2016\/10\/Europaskolan_Helsingfors-1.jpg",272,159,false]},"rttpg_author":{"display_name":"camilla","author_link":"https:\/\/www.europaskolan.se\/strangnas\/author\/camilla\/"},"rttpg_comment":0,"rttpg_category":"<a href=\"https:\/\/www.europaskolan.se\/strangnas\/category\/aktuellt-europaskolan-strangnas\/\" rel=\"category tag\">Aktuellt \u2013 Europaskolan Str\u00e4ngn\u00e4s<\/a>","rttpg_excerpt":"Fem elever och tv\u00e5 l\u00e4rare fr\u00e5n Europaskolan Str\u00e4ngn\u00e4s har f\u00e5tt m\u00f6jlighet att delta i CBEwB\u00a0\u2013 ett internationellt projekt som verkar f\u00f6r att fr\u00e4mja samarbete och ung f\u00f6retagsamhet i Sverige, Finland, Estland och Lettland. F\u00f6rsta eventet, \u201dInnovation Camp\u201d, \u00e4gde rum i Helsingfors 27 till 29 september, och s\u00e5 m\u00e5nga som 110 elever och 20 l\u00e4rare fr\u00e5n&hellip;","_links":{"self":[{"href":"https:\/\/www.europaskolan.se\/strangnas\/wp-json\/wp\/v2\/posts\/7730","targetHints":{"allow":["GET"]}}],"collection":[{"href":"https:\/\/www.europaskolan.se\/strangnas\/wp-json\/wp\/v2\/posts"}],"about":[{"href":"https:\/\/www.europaskolan.se\/strangnas\/wp-json\/wp\/v2\/types\/post"}],"author":[{"embeddable":true,"href":"https:\/\/www.europaskolan.se\/strangnas\/wp-json\/wp\/v2\/users\/2"}],"replies":[{"embeddable":true,"href":"https:\/\/www.europaskolan.se\/strangnas\/wp-json\/wp\/v2\/comments?post=7730"}],"version-history":[{"count":0,"href":"https:\/\/www.europaskolan.se\/strangnas\/wp-json\/wp\/v2\/posts\/7730\/revisions"}],"wp:featuredmedia":[{"embeddable":true,"href":"https:\/\/www.europaskolan.se\/strangnas\/wp-json\/wp\/v2\/media\/7731"}],"wp:attachment":[{"href":"https:\/\/www.europaskolan.se\/strangnas\/wp-json\/wp\/v2\/media?parent=7730"}],"wp:term":[{"taxonomy":"category","embeddable":true,"href":"https:\/\/www.europaskolan.se\/strangnas\/wp-json\/wp\/v2\/categories?post=7730"},{"taxonomy":"post_tag","embeddable":true,"href":"https:\/\/www.europaskolan.se\/strangnas\/wp-json\/wp\/v2\/tags?post=7730"}],"curies":[{"name":"wp","href":"https:\/\/api.w.org\/{rel}","templated":true}]}}