{"id":7120,"date":"2016-03-09T08:42:56","date_gmt":"2016-03-09T07:42:56","guid":{"rendered":"https:\/\/www.europaskolan.se\/?p=7120"},"modified":"2019-05-28T09:44:33","modified_gmt":"2019-05-28T07:44:33","slug":"flera-vinster-och-finalplats-till-sm-pa-arets-uf-massa","status":"publish","type":"post","link":"https:\/\/www.europaskolan.se\/strangnas\/flera-vinster-och-finalplats-till-sm-pa-arets-uf-massa\/","title":{"rendered":"Flera vinster och finalplats till SM p\u00e5 \u00e5rets UF-m\u00e4ssa"},"content":{"rendered":"<p><img fetchpriority=\"high\" decoding=\"async\" class=\"alignnone wp-image-7123 size-full\" src=\"https:\/\/www.europaskolan.se\/strangnas\/wp-content\/uploads\/sites\/2\/2016\/03\/UF-Vinst-1.jpg\" alt=\"UF-Vinst\" width=\"960\" height=\"690\" srcset=\"https:\/\/www.europaskolan.se\/strangnas\/wp-content\/uploads\/sites\/2\/2016\/03\/UF-Vinst-1.jpg 960w, https:\/\/www.europaskolan.se\/strangnas\/wp-content\/uploads\/sites\/2\/2016\/03\/UF-Vinst-1-300x216.jpg 300w, https:\/\/www.europaskolan.se\/strangnas\/wp-content\/uploads\/sites\/2\/2016\/03\/UF-Vinst-1-768x552.jpg 768w\" sizes=\"(max-width: 960px) 100vw, 960px\" \/><\/p>\n<p><em style=\"line-height: 1.5;\">Gratulerar till alla utm\u00e4rkta insatser p\u00e5 \u00e5rets UF-m\u00e4ssa!\u00a0<em>\u00c5terigen stod\u00a0elever\u00a0fr\u00e5n Europaskolan Str\u00e4ngn\u00e4s p\u00e5 prispallen \u2013 varav n\u00e5gra\u00a0g\u00e5r till SM-final.<\/em><\/em><\/p>\n<p><strong>Nu \u00e4r de regionala vinnarna korade p\u00e5 \u00e5rets UF-m\u00e4ssa, Entrepren\u00f6rskap p\u00e5 riktigt.<\/strong> M\u00e4ssan gick av stapeln p\u00e5 Str\u00e4ngn\u00e4s N\u00e4ringslivsdag, den 5 mars, d\u00e5 eleverna fick presentera sina f\u00f6retag.<\/p>\n<p><strong>Europaskolan Str\u00e4ngn\u00e4s hade stora framg\u00e5ngar \u00e4ven i \u00e5r<\/strong>, vilket naturligtvis \u00e4r extra roligt i den \u00f6kande konkurrensen.<\/p>\n<p><strong>S\u00e5 h\u00e4r blev resultatet f\u00f6r v\u00e5ra UF-f\u00f6retag:<\/strong><\/p>\n<p><strong>Relighted:<\/strong><br \/>\n1:a pris i \u00c5rets aff\u00e4rsplan<br \/>\n2:a pris i H\u00e5llbart f\u00f6retagande<\/p>\n<p><strong>Safelex:<\/strong><br \/>\n2:a pris i \u00c5rets aff\u00e4rsplan<br \/>\n2:a pris i \u00c5rets UF-f\u00f6retag<br \/>\n2:a pris i \u00c5rets vara<\/p>\n<p><strong>Ruggs:<\/strong><br \/>\n3:e pris i \u00c5rets aff\u00e4rsplan<\/p>\n<p><strong>Stort grattis till er elever och \u00e4ven till l\u00e4rarna Robert Berg och Caroline Noreen<\/strong> som l\u00e4gger grunden till framg\u00e5ngen med utm\u00e4rkt undervisning.<\/p>\n<p><em>Nu \u00f6nskar vi v\u00e5ra UF-f\u00f6retag stort lycka till i SM, den 16\u201317 maj. B\u00e5de Relighted och Safelex har g\u00e5tt vidare!<\/em><\/p>\n<p><a href=\"http:\/\/www.ungforetagsamhet.se\/uf-massa-5-mars-2016\">L\u00e4s mer om UF-m\u00e4ssan och t\u00e4vlingen h\u00e4r &gt;\u00a0<\/a><\/p>\n","protected":false},"excerpt":{"rendered":"<p>Gratulerar till alla utm\u00e4rkta insatser p\u00e5 \u00e5rets UF-m\u00e4ssa!\u00a0\u00c5terigen stod\u00a0elever\u00a0fr\u00e5n Europaskolan Str\u00e4ngn\u00e4s p\u00e5 prispallen \u2013 varav n\u00e5gra\u00a0g\u00e5r till SM-final. Nu \u00e4r de regionala vinnarna korade p\u00e5 \u00e5rets UF-m\u00e4ssa, Entrepren\u00f6rskap p\u00e5 riktigt. M\u00e4ssan gick av stapeln p\u00e5 Str\u00e4ngn\u00e4s N\u00e4ringslivsdag, den 5 mars, d\u00e5 eleverna fick presentera sina f\u00f6retag. Europaskolan Str\u00e4ngn\u00e4s hade stora framg\u00e5ngar \u00e4ven i \u00e5r, vilket [&hellip;]<\/p>\n","protected":false},"author":2,"featured_media":7123,"comment_status":"closed","ping_status":"closed","sticky":false,"template":"","format":"standard","meta":{"footnotes":""},"categories":[11],"tags":[],"class_list":["post-7120","post","type-post","status-publish","format-standard","has-post-thumbnail","hentry","category-utmarkelser-europaskolan-strangnas"],"blocksy_meta":[],"rttpg_featured_image_url":{"full":["https:\/\/www.europaskolan.se\/strangnas\/wp-content\/uploads\/sites\/2\/2016\/03\/UF-Vinst-1.jpg",960,690,false],"landscape":["https:\/\/www.europaskolan.se\/strangnas\/wp-content\/uploads\/sites\/2\/2016\/03\/UF-Vinst-1.jpg",960,690,false],"portraits":["https:\/\/www.europaskolan.se\/strangnas\/wp-content\/uploads\/sites\/2\/2016\/03\/UF-Vinst-1.jpg",960,690,false],"thumbnail":["https:\/\/www.europaskolan.se\/strangnas\/wp-content\/uploads\/sites\/2\/2016\/03\/UF-Vinst-1-150x150.jpg",150,150,true],"medium":["https:\/\/www.europaskolan.se\/strangnas\/wp-content\/uploads\/sites\/2\/2016\/03\/UF-Vinst-1-300x216.jpg",300,216,true],"large":["https:\/\/www.europaskolan.se\/strangnas\/wp-content\/uploads\/sites\/2\/2016\/03\/UF-Vinst-1.jpg",960,690,false],"1536x1536":["https:\/\/www.europaskolan.se\/strangnas\/wp-content\/uploads\/sites\/2\/2016\/03\/UF-Vinst-1.jpg",960,690,false],"2048x2048":["https:\/\/www.europaskolan.se\/strangnas\/wp-content\/uploads\/sites\/2\/2016\/03\/UF-Vinst-1.jpg",960,690,false],"sow-carousel-default":["https:\/\/www.europaskolan.se\/strangnas\/wp-content\/uploads\/sites\/2\/2016\/03\/UF-Vinst-1.jpg",253,182,false]},"rttpg_author":{"display_name":"camilla","author_link":"https:\/\/www.europaskolan.se\/strangnas\/author\/camilla\/"},"rttpg_comment":0,"rttpg_category":"<a href=\"https:\/\/www.europaskolan.se\/strangnas\/category\/utmarkelser-europaskolan-strangnas\/\" rel=\"category tag\">Utm\u00e4rkelser \u2013 Europaskolan Str\u00e4ngn\u00e4s<\/a>","rttpg_excerpt":"Gratulerar till alla utm\u00e4rkta insatser p\u00e5 \u00e5rets UF-m\u00e4ssa!\u00a0\u00c5terigen stod\u00a0elever\u00a0fr\u00e5n Europaskolan Str\u00e4ngn\u00e4s p\u00e5 prispallen \u2013 varav n\u00e5gra\u00a0g\u00e5r till SM-final. Nu \u00e4r de regionala vinnarna korade p\u00e5 \u00e5rets UF-m\u00e4ssa, Entrepren\u00f6rskap p\u00e5 riktigt. M\u00e4ssan gick av stapeln p\u00e5 Str\u00e4ngn\u00e4s N\u00e4ringslivsdag, den 5 mars, d\u00e5 eleverna fick presentera sina f\u00f6retag. Europaskolan Str\u00e4ngn\u00e4s hade stora framg\u00e5ngar \u00e4ven i \u00e5r, vilket&hellip;","_links":{"self":[{"href":"https:\/\/www.europaskolan.se\/strangnas\/wp-json\/wp\/v2\/posts\/7120","targetHints":{"allow":["GET"]}}],"collection":[{"href":"https:\/\/www.europaskolan.se\/strangnas\/wp-json\/wp\/v2\/posts"}],"about":[{"href":"https:\/\/www.europaskolan.se\/strangnas\/wp-json\/wp\/v2\/types\/post"}],"author":[{"embeddable":true,"href":"https:\/\/www.europaskolan.se\/strangnas\/wp-json\/wp\/v2\/users\/2"}],"replies":[{"embeddable":true,"href":"https:\/\/www.europaskolan.se\/strangnas\/wp-json\/wp\/v2\/comments?post=7120"}],"version-history":[{"count":0,"href":"https:\/\/www.europaskolan.se\/strangnas\/wp-json\/wp\/v2\/posts\/7120\/revisions"}],"wp:featuredmedia":[{"embeddable":true,"href":"https:\/\/www.europaskolan.se\/strangnas\/wp-json\/wp\/v2\/media\/7123"}],"wp:attachment":[{"href":"https:\/\/www.europaskolan.se\/strangnas\/wp-json\/wp\/v2\/media?parent=7120"}],"wp:term":[{"taxonomy":"category","embeddable":true,"href":"https:\/\/www.europaskolan.se\/strangnas\/wp-json\/wp\/v2\/categories?post=7120"},{"taxonomy":"post_tag","embeddable":true,"href":"https:\/\/www.europaskolan.se\/strangnas\/wp-json\/wp\/v2\/tags?post=7120"}],"curies":[{"name":"wp","href":"https:\/\/api.w.org\/{rel}","templated":true}]}}