{"id":6975,"date":"2014-02-10T13:36:09","date_gmt":"2014-02-10T12:36:09","guid":{"rendered":"https:\/\/www.europaskolan.se\/?p=6975"},"modified":"2019-05-28T13:33:45","modified_gmt":"2019-05-28T11:33:45","slug":"malva-satsar-pa-ledande-filmskola-i-prag","status":"publish","type":"post","link":"https:\/\/www.europaskolan.se\/strangnas\/malva-satsar-pa-ledande-filmskola-i-prag\/","title":{"rendered":"Malva satsar p\u00e5 ledande filmskola i Prag"},"content":{"rendered":"<h3>Malva Hornfelt<\/h3>\n<p><strong>Program\/klass p\u00e5 Europaskolan Str\u00e4ngn\u00e4s: Artesprogrammet, Artes11<\/strong><br \/>\n<strong> Avg\u00e5ngs\u00e5r: 2014<\/strong><\/p>\n<p><img fetchpriority=\"high\" decoding=\"async\" class=\"alignnone wp-image-4793 size-full\" src=\"https:\/\/www.europaskolan.se\/strangnas\/wp-content\/uploads\/sites\/2\/2013\/02\/Malva-Hornfelt-1.jpg\" alt=\"Malva-Hornfelt\" width=\"500\" height=\"567\" srcset=\"https:\/\/www.europaskolan.se\/strangnas\/wp-content\/uploads\/sites\/2\/2013\/02\/Malva-Hornfelt-1.jpg 500w, https:\/\/www.europaskolan.se\/strangnas\/wp-content\/uploads\/sites\/2\/2013\/02\/Malva-Hornfelt-1-265x300.jpg 265w\" sizes=\"(max-width: 500px) 100vw, 500px\" \/><\/p>\n<p><i>Avg\u00e5ngseleven Malva satsar p\u00e5 en framtid inom film. Efter gymnasiet flyttar hon till Prag, f\u00f6r att g\u00e5 p\u00e5 en av Europas ledande praktiska filmskolor.<\/i><\/p>\n<p><b>V\u00e5ren 2014 slutar du gymnasiet. Vad h\u00e4nder i h\u00f6st?<\/b><\/p>\n<p>\u2013 Jag har kommit in p\u00e5 Prague Film School, en av Europas ledande praktiska filmskolor. Skolan \u00e4r ganska sv\u00e5r att komma in p\u00e5 och den tar bara emot 40 till 50 elever fr\u00e5n v\u00e4rldens alla h\u00f6rn per \u00e5r.<\/p>\n<p><b>Grattis! Varf\u00f6r s\u00f6kte du till just den skolan?<\/b><\/p>\n<p>\u2013 Skolan har allt det senaste inom filmteknik och utrustning, och utbildningen grundar sig p\u00e5 intensiv filmpraktik. En elev kan komma att g\u00f6ra s\u00e5 m\u00e5nga som 30 filmer p\u00e5 ett \u00e5r. D\u00e5 det \u00e4r en liten skola s\u00e5 tar l\u00e4rarna sig tid att l\u00e4ra k\u00e4nna sina elever, vilket resulterar i goda l\u00e4rar-\/elevrelationer.<\/p>\n<p><b>Ska du l\u00e4sa n\u00e5gon s\u00e4rskild inriktning?<\/b><\/p>\n<p>\u2013 Skolan har tre inriktningar: filmskapande\/filmproduktion, dokument\u00e4rfilmande och sk\u00e5despelarlinjen. Jag s\u00f6kte till och kom in p\u00e5 filmproduktionslinjen. Det \u00e4r ett h\u00f6gt studietempo p\u00e5 skolan s\u00e5 den \u00e4r bara till f\u00f6r de som verkligen \u00e4r intresserade.<\/p>\n<p><i>Lycka till med dina kommande studier, Malva!<\/i><\/p>\n","protected":false},"excerpt":{"rendered":"<p>Malva Hornfelt Program\/klass p\u00e5 Europaskolan Str\u00e4ngn\u00e4s: Artesprogrammet, Artes11 Avg\u00e5ngs\u00e5r: 2014 Avg\u00e5ngseleven Malva satsar p\u00e5 en framtid inom film. Efter gymnasiet flyttar hon till Prag, f\u00f6r att g\u00e5 p\u00e5 en av Europas ledande praktiska filmskolor. V\u00e5ren 2014 slutar du gymnasiet. Vad h\u00e4nder i h\u00f6st? \u2013 Jag har kommit in p\u00e5 Prague Film School, en av Europas [&hellip;]<\/p>\n","protected":false},"author":2,"featured_media":4793,"comment_status":"closed","ping_status":"closed","sticky":false,"template":"","format":"standard","meta":{"footnotes":""},"categories":[5],"tags":[],"class_list":["post-6975","post","type-post","status-publish","format-standard","has-post-thumbnail","hentry","category-efter-gymnasietalumner"],"blocksy_meta":[],"rttpg_featured_image_url":{"full":["https:\/\/www.europaskolan.se\/strangnas\/wp-content\/uploads\/sites\/2\/2013\/02\/Malva-Hornfelt-1.jpg",500,567,false],"landscape":["https:\/\/www.europaskolan.se\/strangnas\/wp-content\/uploads\/sites\/2\/2013\/02\/Malva-Hornfelt-1.jpg",500,567,false],"portraits":["https:\/\/www.europaskolan.se\/strangnas\/wp-content\/uploads\/sites\/2\/2013\/02\/Malva-Hornfelt-1.jpg",500,567,false],"thumbnail":["https:\/\/www.europaskolan.se\/strangnas\/wp-content\/uploads\/sites\/2\/2013\/02\/Malva-Hornfelt-1-150x150.jpg",150,150,true],"medium":["https:\/\/www.europaskolan.se\/strangnas\/wp-content\/uploads\/sites\/2\/2013\/02\/Malva-Hornfelt-1-265x300.jpg",265,300,true],"large":["https:\/\/www.europaskolan.se\/strangnas\/wp-content\/uploads\/sites\/2\/2013\/02\/Malva-Hornfelt-1.jpg",500,567,false],"1536x1536":["https:\/\/www.europaskolan.se\/strangnas\/wp-content\/uploads\/sites\/2\/2013\/02\/Malva-Hornfelt-1.jpg",500,567,false],"2048x2048":["https:\/\/www.europaskolan.se\/strangnas\/wp-content\/uploads\/sites\/2\/2013\/02\/Malva-Hornfelt-1.jpg",500,567,false],"sow-carousel-default":["https:\/\/www.europaskolan.se\/strangnas\/wp-content\/uploads\/sites\/2\/2013\/02\/Malva-Hornfelt-1.jpg",160,182,false]},"rttpg_author":{"display_name":"camilla","author_link":"https:\/\/www.europaskolan.se\/strangnas\/author\/camilla\/"},"rttpg_comment":0,"rttpg_category":"<a href=\"https:\/\/www.europaskolan.se\/strangnas\/category\/efter-gymnasietalumner\/\" rel=\"category tag\">Efter gymnasiet\/Alumner<\/a>","rttpg_excerpt":"Malva Hornfelt Program\/klass p\u00e5 Europaskolan Str\u00e4ngn\u00e4s: Artesprogrammet, Artes11 Avg\u00e5ngs\u00e5r: 2014 Avg\u00e5ngseleven Malva satsar p\u00e5 en framtid inom film. Efter gymnasiet flyttar hon till Prag, f\u00f6r att g\u00e5 p\u00e5 en av Europas ledande praktiska filmskolor. V\u00e5ren 2014 slutar du gymnasiet. Vad h\u00e4nder i h\u00f6st? \u2013 Jag har kommit in p\u00e5 Prague Film School, en av Europas&hellip;","_links":{"self":[{"href":"https:\/\/www.europaskolan.se\/strangnas\/wp-json\/wp\/v2\/posts\/6975","targetHints":{"allow":["GET"]}}],"collection":[{"href":"https:\/\/www.europaskolan.se\/strangnas\/wp-json\/wp\/v2\/posts"}],"about":[{"href":"https:\/\/www.europaskolan.se\/strangnas\/wp-json\/wp\/v2\/types\/post"}],"author":[{"embeddable":true,"href":"https:\/\/www.europaskolan.se\/strangnas\/wp-json\/wp\/v2\/users\/2"}],"replies":[{"embeddable":true,"href":"https:\/\/www.europaskolan.se\/strangnas\/wp-json\/wp\/v2\/comments?post=6975"}],"version-history":[{"count":0,"href":"https:\/\/www.europaskolan.se\/strangnas\/wp-json\/wp\/v2\/posts\/6975\/revisions"}],"wp:featuredmedia":[{"embeddable":true,"href":"https:\/\/www.europaskolan.se\/strangnas\/wp-json\/wp\/v2\/media\/4793"}],"wp:attachment":[{"href":"https:\/\/www.europaskolan.se\/strangnas\/wp-json\/wp\/v2\/media?parent=6975"}],"wp:term":[{"taxonomy":"category","embeddable":true,"href":"https:\/\/www.europaskolan.se\/strangnas\/wp-json\/wp\/v2\/categories?post=6975"},{"taxonomy":"post_tag","embeddable":true,"href":"https:\/\/www.europaskolan.se\/strangnas\/wp-json\/wp\/v2\/tags?post=6975"}],"curies":[{"name":"wp","href":"https:\/\/api.w.org\/{rel}","templated":true}]}}