{"id":6968,"date":"2014-10-22T13:30:28","date_gmt":"2014-10-22T11:30:28","guid":{"rendered":"https:\/\/www.europaskolan.se\/?p=6968"},"modified":"2019-05-28T13:35:59","modified_gmt":"2019-05-28T11:35:59","slug":"marta-eriksson-nojd-och-val-forberedd-for-hogskolan","status":"publish","type":"post","link":"https:\/\/www.europaskolan.se\/strangnas\/marta-eriksson-nojd-och-val-forberedd-for-hogskolan\/","title":{"rendered":"M\u00e4rta Eriksson \u2013 n\u00f6jd och v\u00e4l f\u00f6rberedd f\u00f6r h\u00f6gskolan"},"content":{"rendered":"<p><img fetchpriority=\"high\" decoding=\"async\" class=\"alignnone wp-image-5529 size-full\" src=\"https:\/\/www.europaskolan.se\/strangnas\/wp-content\/uploads\/sites\/2\/2013\/02\/Marta_Eriksson-1.jpg\" alt=\"Marta_Eriksson\" width=\"500\" height=\"567\" srcset=\"https:\/\/www.europaskolan.se\/strangnas\/wp-content\/uploads\/sites\/2\/2013\/02\/Marta_Eriksson-1.jpg 500w, https:\/\/www.europaskolan.se\/strangnas\/wp-content\/uploads\/sites\/2\/2013\/02\/Marta_Eriksson-1-265x300.jpg 265w\" sizes=\"(max-width: 500px) 100vw, 500px\" \/><\/p>\n<p><strong>V\u00e5ren 2014 tog M\u00e4rta Eriksson studenten p\u00e5 Europaskolan Str\u00e4ngn\u00e4s.<\/strong> Nu g\u00e5r hon p\u00e5 Handelsh\u00f6gskolan och kan inte nog uppskatta hur v\u00e4l f\u00f6rberedd hon blivit under sina gymnasie\u00e5r.<\/p>\n<p>\u2013 Nu har det inte g\u00e5tt m\u00e5nga m\u00e5nader sedan klassen tog sina stapplande steg ut genom d\u00f6rren i Philosophicum f\u00f6r springa mot sitt vuxenliv, s\u00e4ger M\u00e4rta som nu g\u00e5tt snart tv\u00e5 m\u00e5nader p\u00e5 Handelsh\u00f6gskolan.<\/p>\n<p><strong>Direkt m\u00e4rkte hon hur viktigt det var att vara v\u00e4l f\u00f6rberedd fr\u00e5n gymnasiet.<\/strong><\/p>\n<p>\u2013 Jag kan inte tillr\u00e4ckligt uppskatta de kunskaper jag har med mig i bagaget n\u00e4r jag nu studerar h\u00e4r. Erfarenhet, framf\u00f6r allt fr\u00e5n UF, men \u00e4ven fr\u00e5n kurserna i ekonomi har varit helt \u00f6verv\u00e4gande f\u00f6r att jag ska kunna ligga i fas med mina studier.<\/p>\n<p><strong>M\u00e4rta kan inte nog betona hur mycket kursen i f\u00f6retagsekonomisk specialisering har hj\u00e4lpt henne:<\/strong><\/p>\n<p>\u2013 Att komma till h\u00f6gskolan och vara bekant med till exempel nyckeltal, och att ha f\u00e5tt en genomg\u00e5ng av nuv\u00e4rden samt hur tillh\u00f6rande tabeller ser ut, har varit helt ov\u00e4rderligt f\u00f6r mig. Det har ocks\u00e5 gjort att jag har kunnat ligga steget f\u00f6re. Mitt tentaplugg hade varit tusen g\u00e5nger tuffare om jag inte hade valt den kursen.<\/p>\n<p><strong>M\u00e4rta avslutar med ett s\u00e4rskilt tack till sin l\u00e4rare i f\u00f6retagsekonomi, Robert Berg:<\/strong><\/p>\n<p>\u2013 Jag kan inte nog tacka dig f\u00f6r min tid p\u00e5 Europaskolan Str\u00e4ngn\u00e4s. Med de kunskaper jag tog med mig d\u00e4rifr\u00e5n k\u00e4nns minst tre \u00e5r till av ekonomistudier som en fr\u00f6jd.<\/p>\n<p><em>Tack f\u00f6r din \u00e5terkoppling M\u00e4rta! Vi \u00f6nskar dig varmt lycka till med dina fortsatta studier.<\/em><\/p>\n","protected":false},"excerpt":{"rendered":"<p>V\u00e5ren 2014 tog M\u00e4rta Eriksson studenten p\u00e5 Europaskolan Str\u00e4ngn\u00e4s. Nu g\u00e5r hon p\u00e5 Handelsh\u00f6gskolan och kan inte nog uppskatta hur v\u00e4l f\u00f6rberedd hon blivit under sina gymnasie\u00e5r. \u2013 Nu har det inte g\u00e5tt m\u00e5nga m\u00e5nader sedan klassen tog sina stapplande steg ut genom d\u00f6rren i Philosophicum f\u00f6r springa mot sitt vuxenliv, s\u00e4ger M\u00e4rta som nu [&hellip;]<\/p>\n","protected":false},"author":2,"featured_media":5529,"comment_status":"closed","ping_status":"closed","sticky":false,"template":"","format":"standard","meta":{"footnotes":""},"categories":[5],"tags":[],"class_list":["post-6968","post","type-post","status-publish","format-standard","has-post-thumbnail","hentry","category-efter-gymnasietalumner"],"blocksy_meta":[],"rttpg_featured_image_url":{"full":["https:\/\/www.europaskolan.se\/strangnas\/wp-content\/uploads\/sites\/2\/2013\/02\/Marta_Eriksson-1.jpg",500,567,false],"landscape":["https:\/\/www.europaskolan.se\/strangnas\/wp-content\/uploads\/sites\/2\/2013\/02\/Marta_Eriksson-1.jpg",500,567,false],"portraits":["https:\/\/www.europaskolan.se\/strangnas\/wp-content\/uploads\/sites\/2\/2013\/02\/Marta_Eriksson-1.jpg",500,567,false],"thumbnail":["https:\/\/www.europaskolan.se\/strangnas\/wp-content\/uploads\/sites\/2\/2013\/02\/Marta_Eriksson-1-150x150.jpg",150,150,true],"medium":["https:\/\/www.europaskolan.se\/strangnas\/wp-content\/uploads\/sites\/2\/2013\/02\/Marta_Eriksson-1-265x300.jpg",265,300,true],"large":["https:\/\/www.europaskolan.se\/strangnas\/wp-content\/uploads\/sites\/2\/2013\/02\/Marta_Eriksson-1.jpg",500,567,false],"1536x1536":["https:\/\/www.europaskolan.se\/strangnas\/wp-content\/uploads\/sites\/2\/2013\/02\/Marta_Eriksson-1.jpg",500,567,false],"2048x2048":["https:\/\/www.europaskolan.se\/strangnas\/wp-content\/uploads\/sites\/2\/2013\/02\/Marta_Eriksson-1.jpg",500,567,false],"sow-carousel-default":["https:\/\/www.europaskolan.se\/strangnas\/wp-content\/uploads\/sites\/2\/2013\/02\/Marta_Eriksson-1.jpg",160,182,false]},"rttpg_author":{"display_name":"camilla","author_link":"https:\/\/www.europaskolan.se\/strangnas\/author\/camilla\/"},"rttpg_comment":0,"rttpg_category":"<a href=\"https:\/\/www.europaskolan.se\/strangnas\/category\/efter-gymnasietalumner\/\" rel=\"category tag\">Efter gymnasiet\/Alumner<\/a>","rttpg_excerpt":"V\u00e5ren 2014 tog M\u00e4rta Eriksson studenten p\u00e5 Europaskolan Str\u00e4ngn\u00e4s. Nu g\u00e5r hon p\u00e5 Handelsh\u00f6gskolan och kan inte nog uppskatta hur v\u00e4l f\u00f6rberedd hon blivit under sina gymnasie\u00e5r. \u2013 Nu har det inte g\u00e5tt m\u00e5nga m\u00e5nader sedan klassen tog sina stapplande steg ut genom d\u00f6rren i Philosophicum f\u00f6r springa mot sitt vuxenliv, s\u00e4ger M\u00e4rta som nu&hellip;","_links":{"self":[{"href":"https:\/\/www.europaskolan.se\/strangnas\/wp-json\/wp\/v2\/posts\/6968","targetHints":{"allow":["GET"]}}],"collection":[{"href":"https:\/\/www.europaskolan.se\/strangnas\/wp-json\/wp\/v2\/posts"}],"about":[{"href":"https:\/\/www.europaskolan.se\/strangnas\/wp-json\/wp\/v2\/types\/post"}],"author":[{"embeddable":true,"href":"https:\/\/www.europaskolan.se\/strangnas\/wp-json\/wp\/v2\/users\/2"}],"replies":[{"embeddable":true,"href":"https:\/\/www.europaskolan.se\/strangnas\/wp-json\/wp\/v2\/comments?post=6968"}],"version-history":[{"count":0,"href":"https:\/\/www.europaskolan.se\/strangnas\/wp-json\/wp\/v2\/posts\/6968\/revisions"}],"wp:featuredmedia":[{"embeddable":true,"href":"https:\/\/www.europaskolan.se\/strangnas\/wp-json\/wp\/v2\/media\/5529"}],"wp:attachment":[{"href":"https:\/\/www.europaskolan.se\/strangnas\/wp-json\/wp\/v2\/media?parent=6968"}],"wp:term":[{"taxonomy":"category","embeddable":true,"href":"https:\/\/www.europaskolan.se\/strangnas\/wp-json\/wp\/v2\/categories?post=6968"},{"taxonomy":"post_tag","embeddable":true,"href":"https:\/\/www.europaskolan.se\/strangnas\/wp-json\/wp\/v2\/tags?post=6968"}],"curies":[{"name":"wp","href":"https:\/\/api.w.org\/{rel}","templated":true}]}}