{"id":6956,"date":"2016-02-11T12:25:55","date_gmt":"2016-02-11T11:25:55","guid":{"rendered":"https:\/\/www.europaskolan.se\/?p=6956"},"modified":"2019-05-28T09:42:32","modified_gmt":"2019-05-28T07:42:32","slug":"karl-olofsson-gor-succe-med-bilder-pa-instagram","status":"publish","type":"post","link":"https:\/\/www.europaskolan.se\/strangnas\/karl-olofsson-gor-succe-med-bilder-pa-instagram\/","title":{"rendered":"Karl Olofsson g\u00f6r succ\u00e9 med bilder p\u00e5 Instagram"},"content":{"rendered":"<p><img fetchpriority=\"high\" decoding=\"async\" class=\"alignnone wp-image-6957 size-full\" src=\"https:\/\/www.europaskolan.se\/strangnas\/wp-content\/uploads\/sites\/2\/2016\/02\/Karl1-1.jpg\" alt=\"Karl1\" width=\"982\" height=\"653\" srcset=\"https:\/\/www.europaskolan.se\/strangnas\/wp-content\/uploads\/sites\/2\/2016\/02\/Karl1-1.jpg 982w, https:\/\/www.europaskolan.se\/strangnas\/wp-content\/uploads\/sites\/2\/2016\/02\/Karl1-1-300x199.jpg 300w, https:\/\/www.europaskolan.se\/strangnas\/wp-content\/uploads\/sites\/2\/2016\/02\/Karl1-1-768x511.jpg 768w\" sizes=\"(max-width: 982px) 100vw, 982px\" \/><\/p>\n<p><em>Eleven Karl Olofsson g\u00e5r inte bara tredje \u00e5ret p\u00e5 Europaskolan Str\u00e4ngn\u00e4s. Han har \u00e4ven stora framg\u00e5ngar p\u00e5 Instagram, d\u00e4r fler \u00e4n 27\u00a0000 personer f\u00f6ljer hans bilder.<\/em><\/p>\n<p><strong>Att fotografering \u00e4r Karl Olofssons st\u00f6rsta intresse <\/strong>g\u00e5r inte att ta miste p\u00e5. Galleriet i hans Instagramkonto visar upp den ena natursk\u00f6na bilden efter den andra, alla av professionell kvalitet.<\/p>\n<p><strong>I en intervju f\u00f6r Strengn\u00e4s Tidning ber\u00e4ttar Karl<\/strong> om sitt fotointresse, som startade i och med de smarta mobilernas allt b\u00e4ttre kameror. Hans Instagramkonto gick sedan alltmer fr\u00e5n ren social plattform till ett genomt\u00e4nkt galleri, d\u00e4r varje enskilt foto blev ett konstverk.<\/p>\n<p><strong>Helst fotograferar Karl i gryningen<\/strong>, d\u00e5 det ofta \u00e4r dimma eller vindstilla. Motiven h\u00e4mtas g\u00e4rna i hemtrakten Mariefred eller p\u00e5 resor, och utg\u00f6rs av allt fr\u00e5n frostnupna \u00e4ngar och sj\u00f6ar till gestalter i motljus.<\/p>\n<p><strong>I dag anv\u00e4nder Karl enbart systemkamera och l\u00e4gger mycket tid p\u00e5 sina bilder. <\/strong>Mellan 10 och 20 timmar i veckan g\u00e5r till planering, genomf\u00f6rande och redigering. Han tror p\u00e5 att h\u00e5lla en r\u00f6d tr\u00e5d i fotograferandet och att inte l\u00e5ta statistiken styra. Det viktiga \u00e4r att f\u00f6lja sin inre k\u00e4nsla och att g\u00f6ra det man vill.<\/p>\n<p><img decoding=\"async\" class=\"alignnone wp-image-6958 size-full\" src=\"https:\/\/www.europaskolan.se\/strangnas\/wp-content\/uploads\/sites\/2\/2016\/02\/Karl2-1.jpg\" alt=\"Karl2\" width=\"982\" height=\"653\" srcset=\"https:\/\/www.europaskolan.se\/strangnas\/wp-content\/uploads\/sites\/2\/2016\/02\/Karl2-1.jpg 982w, https:\/\/www.europaskolan.se\/strangnas\/wp-content\/uploads\/sites\/2\/2016\/02\/Karl2-1-300x199.jpg 300w, https:\/\/www.europaskolan.se\/strangnas\/wp-content\/uploads\/sites\/2\/2016\/02\/Karl2-1-768x511.jpg 768w\" sizes=\"(max-width: 982px) 100vw, 982px\" \/><\/p>\n<p><strong>Efter gymnasiet planerar han att plugga vidare<\/strong> men vill samtidigt forts\u00e4tta att utveckla sitt fotograferande. Helt klart har han alla f\u00f6ruts\u00e4ttningar!<\/p>\n<p><em>Vi p\u00e5 Europaskolan Str\u00e4ngn\u00e4s gratulerar Karl till hans framg\u00e5ngar och \u00f6nskar stort lycka till i framtiden!<\/em><\/p>\n<p><a href=\"https:\/\/www.instagram.com\/O_Karl\/\">H\u00e4r kan du se Karls bilder p\u00e5 Instagram &gt;<\/a><\/p>\n","protected":false},"excerpt":{"rendered":"<p>Eleven Karl Olofsson g\u00e5r inte bara tredje \u00e5ret p\u00e5 Europaskolan Str\u00e4ngn\u00e4s. Han har \u00e4ven stora framg\u00e5ngar p\u00e5 Instagram, d\u00e4r fler \u00e4n 27\u00a0000 personer f\u00f6ljer hans bilder. Att fotografering \u00e4r Karl Olofssons st\u00f6rsta intresse g\u00e5r inte att ta miste p\u00e5. Galleriet i hans Instagramkonto visar upp den ena natursk\u00f6na bilden efter den andra, alla av professionell [&hellip;]<\/p>\n","protected":false},"author":2,"featured_media":6959,"comment_status":"closed","ping_status":"closed","sticky":false,"template":"","format":"standard","meta":{"footnotes":""},"categories":[11],"tags":[],"class_list":["post-6956","post","type-post","status-publish","format-standard","has-post-thumbnail","hentry","category-utmarkelser-europaskolan-strangnas"],"blocksy_meta":[],"rttpg_featured_image_url":{"full":["https:\/\/www.europaskolan.se\/strangnas\/wp-content\/uploads\/sites\/2\/2016\/02\/Karl3-1.jpg",476,484,false],"landscape":["https:\/\/www.europaskolan.se\/strangnas\/wp-content\/uploads\/sites\/2\/2016\/02\/Karl3-1.jpg",476,484,false],"portraits":["https:\/\/www.europaskolan.se\/strangnas\/wp-content\/uploads\/sites\/2\/2016\/02\/Karl3-1.jpg",476,484,false],"thumbnail":["https:\/\/www.europaskolan.se\/strangnas\/wp-content\/uploads\/sites\/2\/2016\/02\/Karl3-1-150x150.jpg",150,150,true],"medium":["https:\/\/www.europaskolan.se\/strangnas\/wp-content\/uploads\/sites\/2\/2016\/02\/Karl3-1-295x300.jpg",295,300,true],"large":["https:\/\/www.europaskolan.se\/strangnas\/wp-content\/uploads\/sites\/2\/2016\/02\/Karl3-1.jpg",476,484,false],"1536x1536":["https:\/\/www.europaskolan.se\/strangnas\/wp-content\/uploads\/sites\/2\/2016\/02\/Karl3-1.jpg",476,484,false],"2048x2048":["https:\/\/www.europaskolan.se\/strangnas\/wp-content\/uploads\/sites\/2\/2016\/02\/Karl3-1.jpg",476,484,false],"sow-carousel-default":["https:\/\/www.europaskolan.se\/strangnas\/wp-content\/uploads\/sites\/2\/2016\/02\/Karl3-1.jpg",179,182,false]},"rttpg_author":{"display_name":"camilla","author_link":"https:\/\/www.europaskolan.se\/strangnas\/author\/camilla\/"},"rttpg_comment":0,"rttpg_category":"<a href=\"https:\/\/www.europaskolan.se\/strangnas\/category\/utmarkelser-europaskolan-strangnas\/\" rel=\"category tag\">Utm\u00e4rkelser \u2013 Europaskolan Str\u00e4ngn\u00e4s<\/a>","rttpg_excerpt":"Eleven Karl Olofsson g\u00e5r inte bara tredje \u00e5ret p\u00e5 Europaskolan Str\u00e4ngn\u00e4s. Han har \u00e4ven stora framg\u00e5ngar p\u00e5 Instagram, d\u00e4r fler \u00e4n 27\u00a0000 personer f\u00f6ljer hans bilder. Att fotografering \u00e4r Karl Olofssons st\u00f6rsta intresse g\u00e5r inte att ta miste p\u00e5. Galleriet i hans Instagramkonto visar upp den ena natursk\u00f6na bilden efter den andra, alla av professionell&hellip;","_links":{"self":[{"href":"https:\/\/www.europaskolan.se\/strangnas\/wp-json\/wp\/v2\/posts\/6956","targetHints":{"allow":["GET"]}}],"collection":[{"href":"https:\/\/www.europaskolan.se\/strangnas\/wp-json\/wp\/v2\/posts"}],"about":[{"href":"https:\/\/www.europaskolan.se\/strangnas\/wp-json\/wp\/v2\/types\/post"}],"author":[{"embeddable":true,"href":"https:\/\/www.europaskolan.se\/strangnas\/wp-json\/wp\/v2\/users\/2"}],"replies":[{"embeddable":true,"href":"https:\/\/www.europaskolan.se\/strangnas\/wp-json\/wp\/v2\/comments?post=6956"}],"version-history":[{"count":0,"href":"https:\/\/www.europaskolan.se\/strangnas\/wp-json\/wp\/v2\/posts\/6956\/revisions"}],"wp:featuredmedia":[{"embeddable":true,"href":"https:\/\/www.europaskolan.se\/strangnas\/wp-json\/wp\/v2\/media\/6959"}],"wp:attachment":[{"href":"https:\/\/www.europaskolan.se\/strangnas\/wp-json\/wp\/v2\/media?parent=6956"}],"wp:term":[{"taxonomy":"category","embeddable":true,"href":"https:\/\/www.europaskolan.se\/strangnas\/wp-json\/wp\/v2\/categories?post=6956"},{"taxonomy":"post_tag","embeddable":true,"href":"https:\/\/www.europaskolan.se\/strangnas\/wp-json\/wp\/v2\/tags?post=6956"}],"curies":[{"name":"wp","href":"https:\/\/api.w.org\/{rel}","templated":true}]}}