{"id":6706,"date":"2015-12-04T19:51:14","date_gmt":"2015-12-04T18:51:14","guid":{"rendered":"https:\/\/www.europaskolan.se\/?p=6706"},"modified":"2019-05-28T09:31:05","modified_gmt":"2019-05-28T07:31:05","slug":"uf-foretag-fran-europaskolan-strangnas-far-pris-i-foretagspitchen-och-pa-kommunens-uf-massa","status":"publish","type":"post","link":"https:\/\/www.europaskolan.se\/strangnas\/uf-foretag-fran-europaskolan-strangnas-far-pris-i-foretagspitchen-och-pa-kommunens-uf-massa\/","title":{"rendered":"UF-f\u00f6retag fr\u00e5n Europaskolan Str\u00e4ngn\u00e4s f\u00e5r pris i F\u00f6retagspitchen och p\u00e5 kommunens UF-m\u00e4ssa"},"content":{"rendered":"<p><img fetchpriority=\"high\" decoding=\"async\" class=\"alignnone wp-image-6708 size-full\" src=\"https:\/\/www.europaskolan.se\/strangnas\/wp-content\/uploads\/sites\/2\/2015\/12\/Vinnare_2-1.jpg\" alt=\"Vinnare_2\" width=\"782\" height=\"618\" srcset=\"https:\/\/www.europaskolan.se\/strangnas\/wp-content\/uploads\/sites\/2\/2015\/12\/Vinnare_2-1.jpg 782w, https:\/\/www.europaskolan.se\/strangnas\/wp-content\/uploads\/sites\/2\/2015\/12\/Vinnare_2-1-300x237.jpg 300w, https:\/\/www.europaskolan.se\/strangnas\/wp-content\/uploads\/sites\/2\/2015\/12\/Vinnare_2-1-768x607.jpg 768w\" sizes=\"(max-width: 782px) 100vw, 782px\" \/><br \/>\n<em><br \/>\nGymnasiets UF-f\u00f6retag har \u00e5ter visat sig framg\u00e5ngsrika i flera t\u00e4vlingar: b\u00e5de i F\u00f6retagspitchen och p\u00e5 UF-f\u00f6retagens julm\u00e4ssa hos Str\u00e4ngn\u00e4s kommun.\u00a0 <\/em><\/p>\n<p><strong>Under november m\u00e5nad avgjordes F\u00f6retagspitchen<\/strong> i Eskilstuna, Katrineholm och Nyk\u00f6ping. Det \u00e4r en t\u00e4vling d\u00e4r l\u00e4nets UF-f\u00f6retag f\u00e5r presentera sina id\u00e9er f\u00f6r det lokala n\u00e4ringslivet och erfarna aff\u00e4rsutvecklare.<\/p>\n<p><strong>Safelex kom p\u00e5 tredje plats<\/strong> <strong>i t\u00e4vlingen i Eskilstuna <\/strong>och Relighted fick ett hedersomn\u00e4mnande fr\u00e5n t\u00e4vlingen i Katrineholm.<\/p>\n<p><strong>Prisutdelningen skedde i samband med UF-f\u00f6retagens lokala julm\u00e4ssa, <\/strong>som arrangerades av Str\u00e4ngn\u00e4s n\u00e4ringslivskontor den 3 december. D\u00e4r deltog 20 UF-f\u00f6retag fr\u00e5n Europaskolan Str\u00e4ngn\u00e4s och THG.<\/p>\n<p><strong>\u00c4ven under m\u00e4ssan avgjordes tv\u00e5 t\u00e4vlingar. <\/strong>Dels fick folket l\u00e4gga sin r\u00f6st, d\u00e4r de olika f\u00f6retagens montrar och monteragerande var avg\u00f6rande. H\u00e4r fick alla som bes\u00f6kte m\u00e4ssan r\u00f6sta och vara jury.\u00a0Dels avgjordes t\u00e4vlingen B\u00e4sta s\u00e4ljare, av en jury som bestod av personer med l\u00e5ng erfarenhet av f\u00f6rs\u00e4ljning.<\/p>\n<p><strong>Priset f\u00f6r B\u00e4sta monteragerande gick till Timeless, <\/strong>f\u00f6re tv\u00e5 f\u00f6retag fr\u00e5n THG.<\/p>\n<p><strong>T\u00e4vlingen B\u00e4sta s\u00e4ljare fick tv\u00e5 vinnare: Invisible och Relighted<\/strong>. Safelex kom p\u00e5 tredje plats.<\/p>\n<p><em>Varmt grattis till v\u00e5ra framg\u00e5ngsrika elever! Vi \u00e4r mycket stolta \u00f6ver er. <\/em><\/p>\n<p><img decoding=\"async\" class=\"alignnone wp-image-6709 size-full\" src=\"https:\/\/www.europaskolan.se\/strangnas\/wp-content\/uploads\/sites\/2\/2015\/12\/Vinnare_3-1.jpg\" alt=\"Vinnare_3\" width=\"782\" height=\"618\" srcset=\"https:\/\/www.europaskolan.se\/strangnas\/wp-content\/uploads\/sites\/2\/2015\/12\/Vinnare_3-1.jpg 782w, https:\/\/www.europaskolan.se\/strangnas\/wp-content\/uploads\/sites\/2\/2015\/12\/Vinnare_3-1-300x237.jpg 300w, https:\/\/www.europaskolan.se\/strangnas\/wp-content\/uploads\/sites\/2\/2015\/12\/Vinnare_3-1-768x607.jpg 768w\" sizes=\"(max-width: 782px) 100vw, 782px\" \/><\/p>\n<p><img decoding=\"async\" class=\"alignnone wp-image-6710 size-full\" src=\"https:\/\/www.europaskolan.se\/strangnas\/wp-content\/uploads\/sites\/2\/2015\/12\/Vinnare_4-1.jpg\" alt=\"Vinnare_4\" width=\"782\" height=\"618\" srcset=\"https:\/\/www.europaskolan.se\/strangnas\/wp-content\/uploads\/sites\/2\/2015\/12\/Vinnare_4-1.jpg 782w, https:\/\/www.europaskolan.se\/strangnas\/wp-content\/uploads\/sites\/2\/2015\/12\/Vinnare_4-1-300x237.jpg 300w, https:\/\/www.europaskolan.se\/strangnas\/wp-content\/uploads\/sites\/2\/2015\/12\/Vinnare_4-1-768x607.jpg 768w\" sizes=\"(max-width: 782px) 100vw, 782px\" \/><\/p>\n<p><img loading=\"lazy\" decoding=\"async\" class=\"alignnone wp-image-6707 size-full\" src=\"https:\/\/www.europaskolan.se\/strangnas\/wp-content\/uploads\/sites\/2\/2015\/12\/Vinnare_1-1.jpg\" alt=\"Vinnare_1\" width=\"782\" height=\"618\" srcset=\"https:\/\/www.europaskolan.se\/strangnas\/wp-content\/uploads\/sites\/2\/2015\/12\/Vinnare_1-1.jpg 782w, https:\/\/www.europaskolan.se\/strangnas\/wp-content\/uploads\/sites\/2\/2015\/12\/Vinnare_1-1-300x237.jpg 300w, https:\/\/www.europaskolan.se\/strangnas\/wp-content\/uploads\/sites\/2\/2015\/12\/Vinnare_1-1-768x607.jpg 768w\" sizes=\"(max-width: 782px) 100vw, 782px\" \/><\/p>\n<p><a href=\"http:\/\/ungforetagsamhet.se\/uf-foretagande\/sodermanland\/jag-driver-uf-foretag\/foretagspitchen-2015\">L\u00e4s mer om F\u00f6retagspitchen 2015 h\u00e4r &gt;\u00a0<\/a><\/p>\n","protected":false},"excerpt":{"rendered":"<p>Gymnasiets UF-f\u00f6retag har \u00e5ter visat sig framg\u00e5ngsrika i flera t\u00e4vlingar: b\u00e5de i F\u00f6retagspitchen och p\u00e5 UF-f\u00f6retagens julm\u00e4ssa hos Str\u00e4ngn\u00e4s kommun.\u00a0 Under november m\u00e5nad avgjordes F\u00f6retagspitchen i Eskilstuna, Katrineholm och Nyk\u00f6ping. Det \u00e4r en t\u00e4vling d\u00e4r l\u00e4nets UF-f\u00f6retag f\u00e5r presentera sina id\u00e9er f\u00f6r det lokala n\u00e4ringslivet och erfarna aff\u00e4rsutvecklare. Safelex kom p\u00e5 tredje plats i t\u00e4vlingen [&hellip;]<\/p>\n","protected":false},"author":2,"featured_media":6707,"comment_status":"closed","ping_status":"closed","sticky":false,"template":"","format":"standard","meta":{"footnotes":""},"categories":[11],"tags":[],"class_list":["post-6706","post","type-post","status-publish","format-standard","has-post-thumbnail","hentry","category-utmarkelser-europaskolan-strangnas"],"blocksy_meta":[],"rttpg_featured_image_url":{"full":["https:\/\/www.europaskolan.se\/strangnas\/wp-content\/uploads\/sites\/2\/2015\/12\/Vinnare_1-1.jpg",782,618,false],"landscape":["https:\/\/www.europaskolan.se\/strangnas\/wp-content\/uploads\/sites\/2\/2015\/12\/Vinnare_1-1.jpg",782,618,false],"portraits":["https:\/\/www.europaskolan.se\/strangnas\/wp-content\/uploads\/sites\/2\/2015\/12\/Vinnare_1-1.jpg",782,618,false],"thumbnail":["https:\/\/www.europaskolan.se\/strangnas\/wp-content\/uploads\/sites\/2\/2015\/12\/Vinnare_1-1-150x150.jpg",150,150,true],"medium":["https:\/\/www.europaskolan.se\/strangnas\/wp-content\/uploads\/sites\/2\/2015\/12\/Vinnare_1-1-300x237.jpg",300,237,true],"large":["https:\/\/www.europaskolan.se\/strangnas\/wp-content\/uploads\/sites\/2\/2015\/12\/Vinnare_1-1.jpg",782,618,false],"1536x1536":["https:\/\/www.europaskolan.se\/strangnas\/wp-content\/uploads\/sites\/2\/2015\/12\/Vinnare_1-1.jpg",782,618,false],"2048x2048":["https:\/\/www.europaskolan.se\/strangnas\/wp-content\/uploads\/sites\/2\/2015\/12\/Vinnare_1-1.jpg",782,618,false],"sow-carousel-default":["https:\/\/www.europaskolan.se\/strangnas\/wp-content\/uploads\/sites\/2\/2015\/12\/Vinnare_1-1.jpg",230,182,false]},"rttpg_author":{"display_name":"camilla","author_link":"https:\/\/www.europaskolan.se\/strangnas\/author\/camilla\/"},"rttpg_comment":0,"rttpg_category":"<a href=\"https:\/\/www.europaskolan.se\/strangnas\/category\/utmarkelser-europaskolan-strangnas\/\" rel=\"category tag\">Utm\u00e4rkelser \u2013 Europaskolan Str\u00e4ngn\u00e4s<\/a>","rttpg_excerpt":"Gymnasiets UF-f\u00f6retag har \u00e5ter visat sig framg\u00e5ngsrika i flera t\u00e4vlingar: b\u00e5de i F\u00f6retagspitchen och p\u00e5 UF-f\u00f6retagens julm\u00e4ssa hos Str\u00e4ngn\u00e4s kommun.\u00a0 Under november m\u00e5nad avgjordes F\u00f6retagspitchen i Eskilstuna, Katrineholm och Nyk\u00f6ping. Det \u00e4r en t\u00e4vling d\u00e4r l\u00e4nets UF-f\u00f6retag f\u00e5r presentera sina id\u00e9er f\u00f6r det lokala n\u00e4ringslivet och erfarna aff\u00e4rsutvecklare. Safelex kom p\u00e5 tredje plats i t\u00e4vlingen&hellip;","_links":{"self":[{"href":"https:\/\/www.europaskolan.se\/strangnas\/wp-json\/wp\/v2\/posts\/6706","targetHints":{"allow":["GET"]}}],"collection":[{"href":"https:\/\/www.europaskolan.se\/strangnas\/wp-json\/wp\/v2\/posts"}],"about":[{"href":"https:\/\/www.europaskolan.se\/strangnas\/wp-json\/wp\/v2\/types\/post"}],"author":[{"embeddable":true,"href":"https:\/\/www.europaskolan.se\/strangnas\/wp-json\/wp\/v2\/users\/2"}],"replies":[{"embeddable":true,"href":"https:\/\/www.europaskolan.se\/strangnas\/wp-json\/wp\/v2\/comments?post=6706"}],"version-history":[{"count":0,"href":"https:\/\/www.europaskolan.se\/strangnas\/wp-json\/wp\/v2\/posts\/6706\/revisions"}],"wp:featuredmedia":[{"embeddable":true,"href":"https:\/\/www.europaskolan.se\/strangnas\/wp-json\/wp\/v2\/media\/6707"}],"wp:attachment":[{"href":"https:\/\/www.europaskolan.se\/strangnas\/wp-json\/wp\/v2\/media?parent=6706"}],"wp:term":[{"taxonomy":"category","embeddable":true,"href":"https:\/\/www.europaskolan.se\/strangnas\/wp-json\/wp\/v2\/categories?post=6706"},{"taxonomy":"post_tag","embeddable":true,"href":"https:\/\/www.europaskolan.se\/strangnas\/wp-json\/wp\/v2\/tags?post=6706"}],"curies":[{"name":"wp","href":"https:\/\/api.w.org\/{rel}","templated":true}]}}