{"id":6616,"date":"2015-11-27T13:56:36","date_gmt":"2015-11-27T12:56:36","guid":{"rendered":"https:\/\/www.europaskolan.se\/?p=6616"},"modified":"2019-05-28T09:30:00","modified_gmt":"2019-05-28T07:30:00","slug":"fotbollsspelaren-patrycja-jerzak-i-ef12-far-strangnas-talangpris","status":"publish","type":"post","link":"https:\/\/www.europaskolan.se\/strangnas\/fotbollsspelaren-patrycja-jerzak-i-ef12-far-strangnas-talangpris\/","title":{"rendered":"Fotbollsspelaren Patrycja Jerzak i EF12 f\u00e5r Str\u00e4ngn\u00e4s talangpris"},"content":{"rendered":"<p><img fetchpriority=\"high\" decoding=\"async\" class=\"alignnone wp-image-6625 size-full\" src=\"https:\/\/www.europaskolan.se\/strangnas\/wp-content\/uploads\/sites\/2\/2015\/11\/Patrycja-1.jpg\" alt=\"Patrycja\" width=\"878\" height=\"620\" srcset=\"https:\/\/www.europaskolan.se\/strangnas\/wp-content\/uploads\/sites\/2\/2015\/11\/Patrycja-1.jpg 878w, https:\/\/www.europaskolan.se\/strangnas\/wp-content\/uploads\/sites\/2\/2015\/11\/Patrycja-1-300x212.jpg 300w, https:\/\/www.europaskolan.se\/strangnas\/wp-content\/uploads\/sites\/2\/2015\/11\/Patrycja-1-768x542.jpg 768w\" sizes=\"(max-width: 878px) 100vw, 878px\" \/><\/p>\n<p><em>Patrycja Jerzak p\u00e5 Europaskolan Str\u00e4ngn\u00e4s \u00e4r en av \u00e5rets tv\u00e5 vinnare av Str\u00e4ngn\u00e4s talangpris. Priset \u00e4r 3\u00a0000 kronor vardera fr\u00e5n Stickans minnesfond, som vill uppmuntra unga talanger inom idrott.<br \/>\n<\/em><br \/>\n<strong>B\u00e5de stipendiefondens f\u00f6retr\u00e4dare Torbj\u00f6rn Pettersson och Strengn\u00e4s Tidning<\/strong> \u00f6verraskade Patrycja mitt under en lektion i samh\u00e4llskunskap. Den f\u00f6rv\u00e5nade eleven trodde f\u00f6rst att det var klassen eller l\u00e4raren Johan Sandell som skulle f\u00e5 pris \u2013 men det var allts\u00e5 hon sj\u00e4lv, i egenskap av framg\u00e5ngsrik fotbollsspelare.<\/p>\n<p><strong>Patrycja Jerzak, som \u00e4r mittf\u00e4ltare, har haft en omtumlande och l\u00e4rorik s\u00e4song. <\/strong>Hon har spelat b\u00e5de i Polens U17- och U19-landslag samt vunnit division 1 med Nyk\u00f6ping.<\/p>\n<p><strong>Bakom framg\u00e5ngarna ligger intensiv och m\u00e5lmedveten tr\u00e4ning.<\/strong> Patrycja tr\u00e4nar just nu tre g\u00e5nger i veckan med Djurg\u00e5rdens IF i Stockholm. Hon g\u00e5r \u00e4ven p\u00e5 gymmet Balanze i Str\u00e4ngn\u00e4s.<\/p>\n<p><strong>N\u00e4rmast forts\u00e4tter EM-kvalet i april.<\/strong> D\u00e5 kommer laget att m\u00f6ta Tyskland, Irland och Azerbajdzjan \u2013 p\u00e5 Irland.<br \/>\n<strong><br \/>\n<\/strong><strong>P\u00e5 den klassiska fr\u00e5gan hur det k\u00e4nns, svarar Patrycja s\u00e5 h\u00e4r:<\/strong><br \/>\n\u2013 Verkligen j\u00e4tteroligt. Jag \u00e4r positivt chockad.<\/p>\n<p><strong>Sj\u00e4lvklart gratulerar vi p\u00e5 Europaskolan \u201dPato\u201d till priset. <\/strong>Hon visar att det g\u00e5r att f\u00f6rena idrott p\u00e5 landslagsniv\u00e5 med studier i toppklass p\u00e5 Europaskolan Str\u00e4ngn\u00e4s!<\/p>\n<p><a href=\"https:\/\/stickansminnesfond.wordpress.com\/\">L\u00e4s mer om Stickans minnesfond h\u00e4r &gt;<\/a><\/p>\n<p><em>Fotnot: Den andra vinnaren av Str\u00e4ngn\u00e4s talangpris blev Lucas \u00d6hrn, som spelar f\u00f6r \u00c5tvidabergs IF.<\/em><\/p>\n","protected":false},"excerpt":{"rendered":"<p>Patrycja Jerzak p\u00e5 Europaskolan Str\u00e4ngn\u00e4s \u00e4r en av \u00e5rets tv\u00e5 vinnare av Str\u00e4ngn\u00e4s talangpris. Priset \u00e4r 3\u00a0000 kronor vardera fr\u00e5n Stickans minnesfond, som vill uppmuntra unga talanger inom idrott. B\u00e5de stipendiefondens f\u00f6retr\u00e4dare Torbj\u00f6rn Pettersson och Strengn\u00e4s Tidning \u00f6verraskade Patrycja mitt under en lektion i samh\u00e4llskunskap. Den f\u00f6rv\u00e5nade eleven trodde f\u00f6rst att det var klassen eller [&hellip;]<\/p>\n","protected":false},"author":2,"featured_media":6625,"comment_status":"closed","ping_status":"closed","sticky":false,"template":"","format":"standard","meta":{"footnotes":""},"categories":[11],"tags":[],"class_list":["post-6616","post","type-post","status-publish","format-standard","has-post-thumbnail","hentry","category-utmarkelser-europaskolan-strangnas"],"blocksy_meta":[],"rttpg_featured_image_url":{"full":["https:\/\/www.europaskolan.se\/strangnas\/wp-content\/uploads\/sites\/2\/2015\/11\/Patrycja-1.jpg",878,620,false],"landscape":["https:\/\/www.europaskolan.se\/strangnas\/wp-content\/uploads\/sites\/2\/2015\/11\/Patrycja-1.jpg",878,620,false],"portraits":["https:\/\/www.europaskolan.se\/strangnas\/wp-content\/uploads\/sites\/2\/2015\/11\/Patrycja-1.jpg",878,620,false],"thumbnail":["https:\/\/www.europaskolan.se\/strangnas\/wp-content\/uploads\/sites\/2\/2015\/11\/Patrycja-1-150x150.jpg",150,150,true],"medium":["https:\/\/www.europaskolan.se\/strangnas\/wp-content\/uploads\/sites\/2\/2015\/11\/Patrycja-1-300x212.jpg",300,212,true],"large":["https:\/\/www.europaskolan.se\/strangnas\/wp-content\/uploads\/sites\/2\/2015\/11\/Patrycja-1.jpg",878,620,false],"1536x1536":["https:\/\/www.europaskolan.se\/strangnas\/wp-content\/uploads\/sites\/2\/2015\/11\/Patrycja-1.jpg",878,620,false],"2048x2048":["https:\/\/www.europaskolan.se\/strangnas\/wp-content\/uploads\/sites\/2\/2015\/11\/Patrycja-1.jpg",878,620,false],"sow-carousel-default":["https:\/\/www.europaskolan.se\/strangnas\/wp-content\/uploads\/sites\/2\/2015\/11\/Patrycja-1.jpg",258,182,false]},"rttpg_author":{"display_name":"camilla","author_link":"https:\/\/www.europaskolan.se\/strangnas\/author\/camilla\/"},"rttpg_comment":0,"rttpg_category":"<a href=\"https:\/\/www.europaskolan.se\/strangnas\/category\/utmarkelser-europaskolan-strangnas\/\" rel=\"category tag\">Utm\u00e4rkelser \u2013 Europaskolan Str\u00e4ngn\u00e4s<\/a>","rttpg_excerpt":"Patrycja Jerzak p\u00e5 Europaskolan Str\u00e4ngn\u00e4s \u00e4r en av \u00e5rets tv\u00e5 vinnare av Str\u00e4ngn\u00e4s talangpris. Priset \u00e4r 3\u00a0000 kronor vardera fr\u00e5n Stickans minnesfond, som vill uppmuntra unga talanger inom idrott. B\u00e5de stipendiefondens f\u00f6retr\u00e4dare Torbj\u00f6rn Pettersson och Strengn\u00e4s Tidning \u00f6verraskade Patrycja mitt under en lektion i samh\u00e4llskunskap. Den f\u00f6rv\u00e5nade eleven trodde f\u00f6rst att det var klassen eller&hellip;","_links":{"self":[{"href":"https:\/\/www.europaskolan.se\/strangnas\/wp-json\/wp\/v2\/posts\/6616","targetHints":{"allow":["GET"]}}],"collection":[{"href":"https:\/\/www.europaskolan.se\/strangnas\/wp-json\/wp\/v2\/posts"}],"about":[{"href":"https:\/\/www.europaskolan.se\/strangnas\/wp-json\/wp\/v2\/types\/post"}],"author":[{"embeddable":true,"href":"https:\/\/www.europaskolan.se\/strangnas\/wp-json\/wp\/v2\/users\/2"}],"replies":[{"embeddable":true,"href":"https:\/\/www.europaskolan.se\/strangnas\/wp-json\/wp\/v2\/comments?post=6616"}],"version-history":[{"count":0,"href":"https:\/\/www.europaskolan.se\/strangnas\/wp-json\/wp\/v2\/posts\/6616\/revisions"}],"wp:featuredmedia":[{"embeddable":true,"href":"https:\/\/www.europaskolan.se\/strangnas\/wp-json\/wp\/v2\/media\/6625"}],"wp:attachment":[{"href":"https:\/\/www.europaskolan.se\/strangnas\/wp-json\/wp\/v2\/media?parent=6616"}],"wp:term":[{"taxonomy":"category","embeddable":true,"href":"https:\/\/www.europaskolan.se\/strangnas\/wp-json\/wp\/v2\/categories?post=6616"},{"taxonomy":"post_tag","embeddable":true,"href":"https:\/\/www.europaskolan.se\/strangnas\/wp-json\/wp\/v2\/tags?post=6616"}],"curies":[{"name":"wp","href":"https:\/\/api.w.org\/{rel}","templated":true}]}}