{"id":6409,"date":"2015-10-05T10:05:49","date_gmt":"2015-10-05T08:05:49","guid":{"rendered":"https:\/\/www.europaskolan.se\/?p=6409"},"modified":"2019-05-27T18:55:32","modified_gmt":"2019-05-27T16:55:32","slug":"valkommen-till-oppet-hus-pa-gymnasiet-lordagen-den-7-november","status":"publish","type":"post","link":"https:\/\/www.europaskolan.se\/strangnas\/valkommen-till-oppet-hus-pa-gymnasiet-lordagen-den-7-november\/","title":{"rendered":"V\u00e4lkommen till \u00d6ppet hus \u2013 l\u00f6rdagen den 7 november\u00a0p\u00e5 gymnasiet"},"content":{"rendered":"<p><img fetchpriority=\"high\" decoding=\"async\" class=\"alignnone wp-image-6413 size-full\" src=\"https:\/\/www.europaskolan.se\/strangnas\/wp-content\/uploads\/sites\/2\/2015\/10\/besoksdag2-1.jpg\" alt=\"besoksdag2\" width=\"900\" height=\"400\" srcset=\"https:\/\/www.europaskolan.se\/strangnas\/wp-content\/uploads\/sites\/2\/2015\/10\/besoksdag2-1.jpg 900w, https:\/\/www.europaskolan.se\/strangnas\/wp-content\/uploads\/sites\/2\/2015\/10\/besoksdag2-1-300x133.jpg 300w, https:\/\/www.europaskolan.se\/strangnas\/wp-content\/uploads\/sites\/2\/2015\/10\/besoksdag2-1-768x341.jpg 768w\" sizes=\"(max-width: 900px) 100vw, 900px\" \/><\/p>\n<p><strong>Presentation av Europaskolan Str\u00e4ngn\u00e4s vid tv\u00e5 tillf\u00e4llen: kl. 11.00 och kl. 13.00.<br \/>\n<\/strong>D\u00e5 ber\u00e4ttar vi om b\u00e5de skolan och verksamheten.<\/p>\n<p><strong>Plats:<\/strong>\u00a0Dj\u00e4kneg\u00e5rden, Storgatan 6, Str\u00e4ngn\u00e4s.<\/p>\n<p><strong>Under presentationen f\u00e5r ni bland annat veta:<br \/>\n<\/strong>Mer om v\u00e5ra program och profilomr\u00e5den, varf\u00f6r vi g\u00f6r bildningsresor och vart de g\u00e5r, vad som g\u00e4ller kring inackordering och vad elevernas k\u00e5rverksamhet med f\u00f6reningar inneb\u00e4r.<\/p>\n<p><strong>Guidade turer kl. 11.45\u201313.00 och kl. 13.45\u201315.00<br \/>\n<\/strong>Efter presentationen i Dj\u00e4kneg\u00e5rden ges guidade turer med elever och personal som v\u00e4rdar. Bland annat kommer ni f\u00e5 m\u00f6jlighet att ta del av inneh\u00e5llet i det\/de program ni \u00e4r intresserade av. Dessutom kommer ni att kunna prata med elever och undervisande l\u00e4rare p\u00e5 skolan och k\u00e4nna av atmosf\u00e4ren. Visningen av skolan utg\u00e5r fr\u00e5n Dj\u00e4kneg\u00e5rden.<\/p>\n<p><em>Varmt v\u00e4lkomna!<\/em><\/p>\n","protected":false},"excerpt":{"rendered":"<p>Presentation av Europaskolan Str\u00e4ngn\u00e4s vid tv\u00e5 tillf\u00e4llen: kl. 11.00 och kl. 13.00. D\u00e5 ber\u00e4ttar vi om b\u00e5de skolan och verksamheten. Plats:\u00a0Dj\u00e4kneg\u00e5rden, Storgatan 6, Str\u00e4ngn\u00e4s. Under presentationen f\u00e5r ni bland annat veta: Mer om v\u00e5ra program och profilomr\u00e5den, varf\u00f6r vi g\u00f6r bildningsresor och vart de g\u00e5r, vad som g\u00e4ller kring inackordering och vad elevernas k\u00e5rverksamhet med [&hellip;]<\/p>\n","protected":false},"author":2,"featured_media":6413,"comment_status":"closed","ping_status":"closed","sticky":false,"template":"","format":"standard","meta":{"footnotes":""},"categories":[3],"tags":[],"class_list":["post-6409","post","type-post","status-publish","format-standard","has-post-thumbnail","hentry","category-aktuellt-europaskolan-strangnas"],"blocksy_meta":[],"rttpg_featured_image_url":{"full":["https:\/\/www.europaskolan.se\/strangnas\/wp-content\/uploads\/sites\/2\/2015\/10\/besoksdag2-1.jpg",900,400,false],"landscape":["https:\/\/www.europaskolan.se\/strangnas\/wp-content\/uploads\/sites\/2\/2015\/10\/besoksdag2-1.jpg",900,400,false],"portraits":["https:\/\/www.europaskolan.se\/strangnas\/wp-content\/uploads\/sites\/2\/2015\/10\/besoksdag2-1.jpg",900,400,false],"thumbnail":["https:\/\/www.europaskolan.se\/strangnas\/wp-content\/uploads\/sites\/2\/2015\/10\/besoksdag2-1-150x150.jpg",150,150,true],"medium":["https:\/\/www.europaskolan.se\/strangnas\/wp-content\/uploads\/sites\/2\/2015\/10\/besoksdag2-1-300x133.jpg",300,133,true],"large":["https:\/\/www.europaskolan.se\/strangnas\/wp-content\/uploads\/sites\/2\/2015\/10\/besoksdag2-1.jpg",900,400,false],"1536x1536":["https:\/\/www.europaskolan.se\/strangnas\/wp-content\/uploads\/sites\/2\/2015\/10\/besoksdag2-1.jpg",900,400,false],"2048x2048":["https:\/\/www.europaskolan.se\/strangnas\/wp-content\/uploads\/sites\/2\/2015\/10\/besoksdag2-1.jpg",900,400,false],"sow-carousel-default":["https:\/\/www.europaskolan.se\/strangnas\/wp-content\/uploads\/sites\/2\/2015\/10\/besoksdag2-1.jpg",272,121,false]},"rttpg_author":{"display_name":"camilla","author_link":"https:\/\/www.europaskolan.se\/strangnas\/author\/camilla\/"},"rttpg_comment":0,"rttpg_category":"<a href=\"https:\/\/www.europaskolan.se\/strangnas\/category\/aktuellt-europaskolan-strangnas\/\" rel=\"category tag\">Aktuellt \u2013 Europaskolan Str\u00e4ngn\u00e4s<\/a>","rttpg_excerpt":"Presentation av Europaskolan Str\u00e4ngn\u00e4s vid tv\u00e5 tillf\u00e4llen: kl. 11.00 och kl. 13.00. D\u00e5 ber\u00e4ttar vi om b\u00e5de skolan och verksamheten. Plats:\u00a0Dj\u00e4kneg\u00e5rden, Storgatan 6, Str\u00e4ngn\u00e4s. Under presentationen f\u00e5r ni bland annat veta: Mer om v\u00e5ra program och profilomr\u00e5den, varf\u00f6r vi g\u00f6r bildningsresor och vart de g\u00e5r, vad som g\u00e4ller kring inackordering och vad elevernas k\u00e5rverksamhet med&hellip;","_links":{"self":[{"href":"https:\/\/www.europaskolan.se\/strangnas\/wp-json\/wp\/v2\/posts\/6409","targetHints":{"allow":["GET"]}}],"collection":[{"href":"https:\/\/www.europaskolan.se\/strangnas\/wp-json\/wp\/v2\/posts"}],"about":[{"href":"https:\/\/www.europaskolan.se\/strangnas\/wp-json\/wp\/v2\/types\/post"}],"author":[{"embeddable":true,"href":"https:\/\/www.europaskolan.se\/strangnas\/wp-json\/wp\/v2\/users\/2"}],"replies":[{"embeddable":true,"href":"https:\/\/www.europaskolan.se\/strangnas\/wp-json\/wp\/v2\/comments?post=6409"}],"version-history":[{"count":0,"href":"https:\/\/www.europaskolan.se\/strangnas\/wp-json\/wp\/v2\/posts\/6409\/revisions"}],"wp:featuredmedia":[{"embeddable":true,"href":"https:\/\/www.europaskolan.se\/strangnas\/wp-json\/wp\/v2\/media\/6413"}],"wp:attachment":[{"href":"https:\/\/www.europaskolan.se\/strangnas\/wp-json\/wp\/v2\/media?parent=6409"}],"wp:term":[{"taxonomy":"category","embeddable":true,"href":"https:\/\/www.europaskolan.se\/strangnas\/wp-json\/wp\/v2\/categories?post=6409"},{"taxonomy":"post_tag","embeddable":true,"href":"https:\/\/www.europaskolan.se\/strangnas\/wp-json\/wp\/v2\/tags?post=6409"}],"curies":[{"name":"wp","href":"https:\/\/api.w.org\/{rel}","templated":true}]}}