{"id":6369,"date":"2015-09-22T12:53:06","date_gmt":"2015-09-22T10:53:06","guid":{"rendered":"https:\/\/www.europaskolan.se\/?p=6369"},"modified":"2019-05-27T18:52:50","modified_gmt":"2019-05-27T16:52:50","slug":"astronauter-besoker-europaskolan-strangnas","status":"publish","type":"post","link":"https:\/\/www.europaskolan.se\/strangnas\/astronauter-besoker-europaskolan-strangnas\/","title":{"rendered":"Astronauter bes\u00f6ker Europaskolan Str\u00e4ngn\u00e4s, den 23 september f\u00e5r gymnasiet bes\u00f6k p\u00e5 h\u00f6g niv\u00e5."},"content":{"rendered":"<p><img fetchpriority=\"high\" decoding=\"async\" class=\"alignnone wp-image-6370 size-full\" src=\"https:\/\/www.europaskolan.se\/strangnas\/wp-content\/uploads\/sites\/2\/2015\/09\/Rymd-1.jpg\" alt=\"Rymd\" width=\"940\" height=\"400\" srcset=\"https:\/\/www.europaskolan.se\/strangnas\/wp-content\/uploads\/sites\/2\/2015\/09\/Rymd-1.jpg 940w, https:\/\/www.europaskolan.se\/strangnas\/wp-content\/uploads\/sites\/2\/2015\/09\/Rymd-1-300x128.jpg 300w, https:\/\/www.europaskolan.se\/strangnas\/wp-content\/uploads\/sites\/2\/2015\/09\/Rymd-1-768x327.jpg 768w\" sizes=\"(max-width: 940px) 100vw, 940px\" \/><\/p>\n<p><strong>Det \u00e4r astronauterna <a href=\"https:\/\/en.wikipedia.org\/wiki\/Dumitru_Prunariu\">Dumitru Prunariu<\/a>\u00a0och <a href=\"https:\/\/en.wikipedia.org\/wiki\/Muhammed_Ahmed_Faris\">Muhammed Ahmed Faris<\/a>,<\/strong> som kommer till Str\u00e4ngn\u00e4s f\u00f6r att ber\u00e4tta om sina erfarenheter i rymden samt f\u00f6r att tr\u00e4ffa gymnasiets elever.<\/p>\n<p><strong>Under veckan h\u00e5ller 100 astronauter i f\u00f6reningen Association for Space Explorers kongress i Stockholm<\/strong> (ASE 2015). I samband med den s\u00e5 g\u00f6r astronauterna ocks\u00e5 bes\u00f6k p\u00e5 35 skolor i landet. Europaskolan Str\u00e4ngn\u00e4s \u00e4r en av de lyckliga som har blivit utvalda att f\u00e5 bes\u00f6k.<\/p>\n<p><img decoding=\"async\" class=\"alignnone wp-image-6372 size-full\" src=\"https:\/\/www.europaskolan.se\/strangnas\/wp-content\/uploads\/sites\/2\/2015\/09\/Dumitru-Prunariu-1.jpg\" alt=\"Dumitru-Prunariu\" width=\"270\" height=\"350\" srcset=\"https:\/\/www.europaskolan.se\/strangnas\/wp-content\/uploads\/sites\/2\/2015\/09\/Dumitru-Prunariu-1.jpg 270w, https:\/\/www.europaskolan.se\/strangnas\/wp-content\/uploads\/sites\/2\/2015\/09\/Dumitru-Prunariu-1-231x300.jpg 231w\" sizes=\"(max-width: 270px) 100vw, 270px\" \/>\u00a0 \u00a0\u00a0<img decoding=\"async\" class=\"alignnone wp-image-6373 size-full\" src=\"https:\/\/www.europaskolan.se\/strangnas\/wp-content\/uploads\/sites\/2\/2015\/09\/Muhammed-Ahmed-Faris-1.jpg\" alt=\"Muhammed-Ahmed-Faris\" width=\"270\" height=\"350\" srcset=\"https:\/\/www.europaskolan.se\/strangnas\/wp-content\/uploads\/sites\/2\/2015\/09\/Muhammed-Ahmed-Faris-1.jpg 270w, https:\/\/www.europaskolan.se\/strangnas\/wp-content\/uploads\/sites\/2\/2015\/09\/Muhammed-Ahmed-Faris-1-231x300.jpg 231w\" sizes=\"(max-width: 270px) 100vw, 270px\" \/><\/p>\n<p><strong>Klockan 09.30 kommer Prunariu och Faris att tala till hela skolan i Dj\u00e4knehallen.<\/strong> Efter presentationerna bjuder skolans naturvetenskapliga elevf\u00f6rening \u2013 Europaskolan f\u00f6r Vetenskap \u2013\u00a0<span style=\"line-height: 1.5;\">p\u00e5 lunch i matsalen. D\u00e4r f\u00e5r elever och astronauter tillf\u00e4lle att diskutera rymden, vetenskap och karri\u00e4rsval under trevliga och v\u00e4lsmakande omst\u00e4ndigheter.<\/span><\/p>\n<p><em>Vi ser fram emot en sp\u00e4nnande dag!<\/em><\/p>\n<p><a href=\"http:\/\/www.rymdstyrelsen.se\/sv\/Astronauter\/\">L\u00e4s mer h\u00e4r &gt;<\/a><\/p>\n","protected":false},"excerpt":{"rendered":"<p>Det \u00e4r astronauterna Dumitru Prunariu\u00a0och Muhammed Ahmed Faris, som kommer till Str\u00e4ngn\u00e4s f\u00f6r att ber\u00e4tta om sina erfarenheter i rymden samt f\u00f6r att tr\u00e4ffa gymnasiets elever. Under veckan h\u00e5ller 100 astronauter i f\u00f6reningen Association for Space Explorers kongress i Stockholm (ASE 2015). I samband med den s\u00e5 g\u00f6r astronauterna ocks\u00e5 bes\u00f6k p\u00e5 35 skolor i [&hellip;]<\/p>\n","protected":false},"author":2,"featured_media":6377,"comment_status":"closed","ping_status":"closed","sticky":false,"template":"","format":"standard","meta":{"footnotes":""},"categories":[3],"tags":[],"class_list":["post-6369","post","type-post","status-publish","format-standard","has-post-thumbnail","hentry","category-aktuellt-europaskolan-strangnas"],"blocksy_meta":[],"rttpg_featured_image_url":{"full":["https:\/\/www.europaskolan.se\/strangnas\/wp-content\/uploads\/sites\/2\/2015\/09\/Rymd2-1.jpg",716,400,false],"landscape":["https:\/\/www.europaskolan.se\/strangnas\/wp-content\/uploads\/sites\/2\/2015\/09\/Rymd2-1.jpg",716,400,false],"portraits":["https:\/\/www.europaskolan.se\/strangnas\/wp-content\/uploads\/sites\/2\/2015\/09\/Rymd2-1.jpg",716,400,false],"thumbnail":["https:\/\/www.europaskolan.se\/strangnas\/wp-content\/uploads\/sites\/2\/2015\/09\/Rymd2-1-150x150.jpg",150,150,true],"medium":["https:\/\/www.europaskolan.se\/strangnas\/wp-content\/uploads\/sites\/2\/2015\/09\/Rymd2-1-300x168.jpg",300,168,true],"large":["https:\/\/www.europaskolan.se\/strangnas\/wp-content\/uploads\/sites\/2\/2015\/09\/Rymd2-1.jpg",716,400,false],"1536x1536":["https:\/\/www.europaskolan.se\/strangnas\/wp-content\/uploads\/sites\/2\/2015\/09\/Rymd2-1.jpg",716,400,false],"2048x2048":["https:\/\/www.europaskolan.se\/strangnas\/wp-content\/uploads\/sites\/2\/2015\/09\/Rymd2-1.jpg",716,400,false],"sow-carousel-default":["https:\/\/www.europaskolan.se\/strangnas\/wp-content\/uploads\/sites\/2\/2015\/09\/Rymd2-1.jpg",272,152,false]},"rttpg_author":{"display_name":"camilla","author_link":"https:\/\/www.europaskolan.se\/strangnas\/author\/camilla\/"},"rttpg_comment":0,"rttpg_category":"<a href=\"https:\/\/www.europaskolan.se\/strangnas\/category\/aktuellt-europaskolan-strangnas\/\" rel=\"category tag\">Aktuellt \u2013 Europaskolan Str\u00e4ngn\u00e4s<\/a>","rttpg_excerpt":"Det \u00e4r astronauterna Dumitru Prunariu\u00a0och Muhammed Ahmed Faris, som kommer till Str\u00e4ngn\u00e4s f\u00f6r att ber\u00e4tta om sina erfarenheter i rymden samt f\u00f6r att tr\u00e4ffa gymnasiets elever. Under veckan h\u00e5ller 100 astronauter i f\u00f6reningen Association for Space Explorers kongress i Stockholm (ASE 2015). I samband med den s\u00e5 g\u00f6r astronauterna ocks\u00e5 bes\u00f6k p\u00e5 35 skolor i&hellip;","_links":{"self":[{"href":"https:\/\/www.europaskolan.se\/strangnas\/wp-json\/wp\/v2\/posts\/6369","targetHints":{"allow":["GET"]}}],"collection":[{"href":"https:\/\/www.europaskolan.se\/strangnas\/wp-json\/wp\/v2\/posts"}],"about":[{"href":"https:\/\/www.europaskolan.se\/strangnas\/wp-json\/wp\/v2\/types\/post"}],"author":[{"embeddable":true,"href":"https:\/\/www.europaskolan.se\/strangnas\/wp-json\/wp\/v2\/users\/2"}],"replies":[{"embeddable":true,"href":"https:\/\/www.europaskolan.se\/strangnas\/wp-json\/wp\/v2\/comments?post=6369"}],"version-history":[{"count":0,"href":"https:\/\/www.europaskolan.se\/strangnas\/wp-json\/wp\/v2\/posts\/6369\/revisions"}],"wp:featuredmedia":[{"embeddable":true,"href":"https:\/\/www.europaskolan.se\/strangnas\/wp-json\/wp\/v2\/media\/6377"}],"wp:attachment":[{"href":"https:\/\/www.europaskolan.se\/strangnas\/wp-json\/wp\/v2\/media?parent=6369"}],"wp:term":[{"taxonomy":"category","embeddable":true,"href":"https:\/\/www.europaskolan.se\/strangnas\/wp-json\/wp\/v2\/categories?post=6369"},{"taxonomy":"post_tag","embeddable":true,"href":"https:\/\/www.europaskolan.se\/strangnas\/wp-json\/wp\/v2\/tags?post=6369"}],"curies":[{"name":"wp","href":"https:\/\/api.w.org\/{rel}","templated":true}]}}