{"id":6348,"date":"2015-09-16T11:31:30","date_gmt":"2015-09-16T09:31:30","guid":{"rendered":"https:\/\/www.europaskolan.se\/?p=6348"},"modified":"2019-05-27T18:51:03","modified_gmt":"2019-05-27T16:51:03","slug":"till-dig-som-har-gatt-pa-europaskolan-strangnas","status":"publish","type":"post","link":"https:\/\/www.europaskolan.se\/strangnas\/till-dig-som-har-gatt-pa-europaskolan-strangnas\/","title":{"rendered":"Till dig som har g\u00e5tt p\u00e5 Europaskolan Str\u00e4ngn\u00e4s: V\u00e4lkommen p\u00e5 \u00e5tertr\u00e4ff f\u00f6r gymnasiet den 10 oktober!"},"content":{"rendered":"<p><strong><img fetchpriority=\"high\" decoding=\"async\" class=\"alignnone wp-image-6349 size-full\" src=\"https:\/\/www.europaskolan.se\/strangnas\/wp-content\/uploads\/sites\/2\/2015\/09\/Elever-8-1.jpg\" alt=\"Elever 8\" width=\"800\" height=\"670\" srcset=\"https:\/\/www.europaskolan.se\/strangnas\/wp-content\/uploads\/sites\/2\/2015\/09\/Elever-8-1.jpg 800w, https:\/\/www.europaskolan.se\/strangnas\/wp-content\/uploads\/sites\/2\/2015\/09\/Elever-8-1-300x251.jpg 300w, https:\/\/www.europaskolan.se\/strangnas\/wp-content\/uploads\/sites\/2\/2015\/09\/Elever-8-1-768x643.jpg 768w\" sizes=\"(max-width: 800px) 100vw, 800px\" \/><\/strong><\/p>\n<p><strong>Snart \u00e4r det Str\u00e4ngn\u00e4s marknad och hemv\u00e4ndarhelg.<\/strong> D\u00e5 vill vi g\u00e4rna tr\u00e4ffa dig som \u00e4r alumn (f\u00f6re detta elev) p\u00e5 Europaskolan Str\u00e4ngn\u00e4s.<\/p>\n<p><strong>V\u00e4lkommen till J\u00e4rnhandeln, v\u00e5r matsal,<\/strong> <strong>d\u00e4r vi bjuder p\u00e5 en l\u00e4ttare lunch.<\/strong> Vi ber\u00e4ttar ocks\u00e5 om hur skolan har utvecklats sedan sist. Naturligtvis vill vi \u00e4ven h\u00f6ra hur du har det.<\/p>\n<p><strong>Det \u00e4r drop-in mellan 11.00 och 12.00, d\u00e5 maten serveras. <\/strong>Men stanna g\u00e4rna kvar fram till 13.00, d\u00e5 vi\u00a0r\u00e4knar med att avrunda.<\/p>\n<p><strong>Passa p\u00e5 att tr\u00e4ffa tidigare klasskamrater, l\u00e4rare och rektor. <\/strong>Vi ser fram emot att ses!<\/p>\n<p><strong>Anm\u00e4l dig senast m\u00e5ndagen den 5 oktober, <\/strong>genom ett mejl till Martina Gustavsson:<br \/>\n<a href=\"mailto:martina.gustavsson@europaskolan.se\">martina.gustavsson@europaskolan.se<\/a><\/p>\n<p><em>Varmt v\u00e4lkommen!<\/em><\/p>\n","protected":false},"excerpt":{"rendered":"<p>Snart \u00e4r det Str\u00e4ngn\u00e4s marknad och hemv\u00e4ndarhelg. D\u00e5 vill vi g\u00e4rna tr\u00e4ffa dig som \u00e4r alumn (f\u00f6re detta elev) p\u00e5 Europaskolan Str\u00e4ngn\u00e4s. V\u00e4lkommen till J\u00e4rnhandeln, v\u00e5r matsal, d\u00e4r vi bjuder p\u00e5 en l\u00e4ttare lunch. Vi ber\u00e4ttar ocks\u00e5 om hur skolan har utvecklats sedan sist. Naturligtvis vill vi \u00e4ven h\u00f6ra hur du har det. Det \u00e4r [&hellip;]<\/p>\n","protected":false},"author":2,"featured_media":6349,"comment_status":"closed","ping_status":"closed","sticky":false,"template":"","format":"standard","meta":{"footnotes":""},"categories":[3],"tags":[],"class_list":["post-6348","post","type-post","status-publish","format-standard","has-post-thumbnail","hentry","category-aktuellt-europaskolan-strangnas"],"blocksy_meta":[],"rttpg_featured_image_url":{"full":["https:\/\/www.europaskolan.se\/strangnas\/wp-content\/uploads\/sites\/2\/2015\/09\/Elever-8-1.jpg",800,670,false],"landscape":["https:\/\/www.europaskolan.se\/strangnas\/wp-content\/uploads\/sites\/2\/2015\/09\/Elever-8-1.jpg",800,670,false],"portraits":["https:\/\/www.europaskolan.se\/strangnas\/wp-content\/uploads\/sites\/2\/2015\/09\/Elever-8-1.jpg",800,670,false],"thumbnail":["https:\/\/www.europaskolan.se\/strangnas\/wp-content\/uploads\/sites\/2\/2015\/09\/Elever-8-1-150x150.jpg",150,150,true],"medium":["https:\/\/www.europaskolan.se\/strangnas\/wp-content\/uploads\/sites\/2\/2015\/09\/Elever-8-1-300x251.jpg",300,251,true],"large":["https:\/\/www.europaskolan.se\/strangnas\/wp-content\/uploads\/sites\/2\/2015\/09\/Elever-8-1.jpg",800,670,false],"1536x1536":["https:\/\/www.europaskolan.se\/strangnas\/wp-content\/uploads\/sites\/2\/2015\/09\/Elever-8-1.jpg",800,670,false],"2048x2048":["https:\/\/www.europaskolan.se\/strangnas\/wp-content\/uploads\/sites\/2\/2015\/09\/Elever-8-1.jpg",800,670,false],"sow-carousel-default":["https:\/\/www.europaskolan.se\/strangnas\/wp-content\/uploads\/sites\/2\/2015\/09\/Elever-8-1.jpg",217,182,false]},"rttpg_author":{"display_name":"camilla","author_link":"https:\/\/www.europaskolan.se\/strangnas\/author\/camilla\/"},"rttpg_comment":0,"rttpg_category":"<a href=\"https:\/\/www.europaskolan.se\/strangnas\/category\/aktuellt-europaskolan-strangnas\/\" rel=\"category tag\">Aktuellt \u2013 Europaskolan Str\u00e4ngn\u00e4s<\/a>","rttpg_excerpt":"Snart \u00e4r det Str\u00e4ngn\u00e4s marknad och hemv\u00e4ndarhelg. D\u00e5 vill vi g\u00e4rna tr\u00e4ffa dig som \u00e4r alumn (f\u00f6re detta elev) p\u00e5 Europaskolan Str\u00e4ngn\u00e4s. V\u00e4lkommen till J\u00e4rnhandeln, v\u00e5r matsal, d\u00e4r vi bjuder p\u00e5 en l\u00e4ttare lunch. Vi ber\u00e4ttar ocks\u00e5 om hur skolan har utvecklats sedan sist. Naturligtvis vill vi \u00e4ven h\u00f6ra hur du har det. Det \u00e4r&hellip;","_links":{"self":[{"href":"https:\/\/www.europaskolan.se\/strangnas\/wp-json\/wp\/v2\/posts\/6348","targetHints":{"allow":["GET"]}}],"collection":[{"href":"https:\/\/www.europaskolan.se\/strangnas\/wp-json\/wp\/v2\/posts"}],"about":[{"href":"https:\/\/www.europaskolan.se\/strangnas\/wp-json\/wp\/v2\/types\/post"}],"author":[{"embeddable":true,"href":"https:\/\/www.europaskolan.se\/strangnas\/wp-json\/wp\/v2\/users\/2"}],"replies":[{"embeddable":true,"href":"https:\/\/www.europaskolan.se\/strangnas\/wp-json\/wp\/v2\/comments?post=6348"}],"version-history":[{"count":0,"href":"https:\/\/www.europaskolan.se\/strangnas\/wp-json\/wp\/v2\/posts\/6348\/revisions"}],"wp:featuredmedia":[{"embeddable":true,"href":"https:\/\/www.europaskolan.se\/strangnas\/wp-json\/wp\/v2\/media\/6349"}],"wp:attachment":[{"href":"https:\/\/www.europaskolan.se\/strangnas\/wp-json\/wp\/v2\/media?parent=6348"}],"wp:term":[{"taxonomy":"category","embeddable":true,"href":"https:\/\/www.europaskolan.se\/strangnas\/wp-json\/wp\/v2\/categories?post=6348"},{"taxonomy":"post_tag","embeddable":true,"href":"https:\/\/www.europaskolan.se\/strangnas\/wp-json\/wp\/v2\/tags?post=6348"}],"curies":[{"name":"wp","href":"https:\/\/api.w.org\/{rel}","templated":true}]}}