{"id":6311,"date":"2015-09-01T08:02:34","date_gmt":"2015-09-01T06:02:34","guid":{"rendered":"https:\/\/www.europaskolan.se\/?p=6311"},"modified":"2024-09-03T11:04:42","modified_gmt":"2024-09-03T09:04:42","slug":"foraldramoten-16-och-17-september","status":"publish","type":"post","link":"https:\/\/www.europaskolan.se\/strangnas\/foraldramoten-16-och-17-september\/","title":{"rendered":"F\u00f6r\u00e4ldram\u00f6ten 16 och 17 september"},"content":{"rendered":"<p><img fetchpriority=\"high\" decoding=\"async\" class=\"alignnone wp-image-5305 size-full\" src=\"https:\/\/www.europaskolan.se\/strangnas\/wp-content\/uploads\/sites\/2\/2013\/02\/Europaskolan_Strangnas_Djaknegarden-1-1.jpg\" alt=\"Europaskolan_Strangnas_Djaknegarden-\" width=\"940\" height=\"600\" srcset=\"https:\/\/www.europaskolan.se\/strangnas\/wp-content\/uploads\/sites\/2\/2013\/02\/Europaskolan_Strangnas_Djaknegarden-1-1.jpg 940w, https:\/\/www.europaskolan.se\/strangnas\/wp-content\/uploads\/sites\/2\/2013\/02\/Europaskolan_Strangnas_Djaknegarden-1-1-300x191.jpg 300w, https:\/\/www.europaskolan.se\/strangnas\/wp-content\/uploads\/sites\/2\/2013\/02\/Europaskolan_Strangnas_Djaknegarden-1-1-768x490.jpg 768w\" sizes=\"(max-width: 940px) 100vw, 940px\" \/><\/p>\n<h3>Hej f\u00f6r\u00e4ldrar!<\/h3>\n<p><strong>Varmt v\u00e4lkomna till f\u00f6r\u00e4ldram\u00f6te<\/strong> h\u00e4r p\u00e5 Europaskolan Str\u00e4ngn\u00e4s!\u00a0Vi tr\u00e4ffas f\u00f6rst\u00a0i Dj\u00e4kneg\u00e5rden f\u00f6r en allm\u00e4n genomg\u00e5ng, d\u00e4refter delar vi upp oss klassvis tillsammans med mentorerna. Vi bjuder p\u00e5 l\u00e4ttare f\u00f6rt\u00e4ring.<\/p>\n<p><strong>V\u00e4l m\u00f6tt!<\/strong><\/p>\n<p>\u00c5k 1: onsdagen den 16 september, kl.18.00\u201320.00<br \/>\n\u00c5k 2 och 3: torsdagen den 17 september, kl.18.00\u201320.00<\/p>\n","protected":false},"excerpt":{"rendered":"<p>Hej f\u00f6r\u00e4ldrar! Varmt v\u00e4lkomna till f\u00f6r\u00e4ldram\u00f6te h\u00e4r p\u00e5 Europaskolan Str\u00e4ngn\u00e4s!\u00a0Vi tr\u00e4ffas f\u00f6rst\u00a0i Dj\u00e4kneg\u00e5rden f\u00f6r en allm\u00e4n genomg\u00e5ng, d\u00e4refter delar vi upp oss klassvis tillsammans med mentorerna. Vi bjuder p\u00e5 l\u00e4ttare f\u00f6rt\u00e4ring. V\u00e4l m\u00f6tt! \u00c5k 1: onsdagen den 16 september, kl.18.00\u201320.00 \u00c5k 2 och 3: torsdagen den 17 september, kl.18.00\u201320.00<\/p>\n","protected":false},"author":2,"featured_media":6312,"comment_status":"closed","ping_status":"closed","sticky":false,"template":"","format":"standard","meta":{"footnotes":""},"categories":[3],"tags":[],"class_list":["post-6311","post","type-post","status-publish","format-standard","has-post-thumbnail","hentry","category-aktuellt-europaskolan-strangnas"],"blocksy_meta":[],"rttpg_featured_image_url":{"full":["https:\/\/www.europaskolan.se\/strangnas\/wp-content\/uploads\/sites\/2\/2015\/09\/Europaskolan_Strangnas_ekonomi2-1.jpg",940,400,false],"landscape":["https:\/\/www.europaskolan.se\/strangnas\/wp-content\/uploads\/sites\/2\/2015\/09\/Europaskolan_Strangnas_ekonomi2-1.jpg",940,400,false],"portraits":["https:\/\/www.europaskolan.se\/strangnas\/wp-content\/uploads\/sites\/2\/2015\/09\/Europaskolan_Strangnas_ekonomi2-1.jpg",940,400,false],"thumbnail":["https:\/\/www.europaskolan.se\/strangnas\/wp-content\/uploads\/sites\/2\/2015\/09\/Europaskolan_Strangnas_ekonomi2-1-150x150.jpg",150,150,true],"medium":["https:\/\/www.europaskolan.se\/strangnas\/wp-content\/uploads\/sites\/2\/2015\/09\/Europaskolan_Strangnas_ekonomi2-1-300x128.jpg",300,128,true],"large":["https:\/\/www.europaskolan.se\/strangnas\/wp-content\/uploads\/sites\/2\/2015\/09\/Europaskolan_Strangnas_ekonomi2-1.jpg",940,400,false],"1536x1536":["https:\/\/www.europaskolan.se\/strangnas\/wp-content\/uploads\/sites\/2\/2015\/09\/Europaskolan_Strangnas_ekonomi2-1.jpg",940,400,false],"2048x2048":["https:\/\/www.europaskolan.se\/strangnas\/wp-content\/uploads\/sites\/2\/2015\/09\/Europaskolan_Strangnas_ekonomi2-1.jpg",940,400,false],"sow-carousel-default":["https:\/\/www.europaskolan.se\/strangnas\/wp-content\/uploads\/sites\/2\/2015\/09\/Europaskolan_Strangnas_ekonomi2-1.jpg",272,116,false]},"rttpg_author":{"display_name":"camilla","author_link":"https:\/\/www.europaskolan.se\/strangnas\/author\/camilla\/"},"rttpg_comment":0,"rttpg_category":"<a href=\"https:\/\/www.europaskolan.se\/strangnas\/category\/aktuellt-europaskolan-strangnas\/\" rel=\"category tag\">Aktuellt \u2013 Europaskolan Str\u00e4ngn\u00e4s<\/a>","rttpg_excerpt":"Hej f\u00f6r\u00e4ldrar! Varmt v\u00e4lkomna till f\u00f6r\u00e4ldram\u00f6te h\u00e4r p\u00e5 Europaskolan Str\u00e4ngn\u00e4s!\u00a0Vi tr\u00e4ffas f\u00f6rst\u00a0i Dj\u00e4kneg\u00e5rden f\u00f6r en allm\u00e4n genomg\u00e5ng, d\u00e4refter delar vi upp oss klassvis tillsammans med mentorerna. Vi bjuder p\u00e5 l\u00e4ttare f\u00f6rt\u00e4ring. V\u00e4l m\u00f6tt! \u00c5k 1: onsdagen den 16 september, kl.18.00\u201320.00 \u00c5k 2 och 3: torsdagen den 17 september, kl.18.00\u201320.00","_links":{"self":[{"href":"https:\/\/www.europaskolan.se\/strangnas\/wp-json\/wp\/v2\/posts\/6311","targetHints":{"allow":["GET"]}}],"collection":[{"href":"https:\/\/www.europaskolan.se\/strangnas\/wp-json\/wp\/v2\/posts"}],"about":[{"href":"https:\/\/www.europaskolan.se\/strangnas\/wp-json\/wp\/v2\/types\/post"}],"author":[{"embeddable":true,"href":"https:\/\/www.europaskolan.se\/strangnas\/wp-json\/wp\/v2\/users\/2"}],"replies":[{"embeddable":true,"href":"https:\/\/www.europaskolan.se\/strangnas\/wp-json\/wp\/v2\/comments?post=6311"}],"version-history":[{"count":0,"href":"https:\/\/www.europaskolan.se\/strangnas\/wp-json\/wp\/v2\/posts\/6311\/revisions"}],"wp:featuredmedia":[{"embeddable":true,"href":"https:\/\/www.europaskolan.se\/strangnas\/wp-json\/wp\/v2\/media\/6312"}],"wp:attachment":[{"href":"https:\/\/www.europaskolan.se\/strangnas\/wp-json\/wp\/v2\/media?parent=6311"}],"wp:term":[{"taxonomy":"category","embeddable":true,"href":"https:\/\/www.europaskolan.se\/strangnas\/wp-json\/wp\/v2\/categories?post=6311"},{"taxonomy":"post_tag","embeddable":true,"href":"https:\/\/www.europaskolan.se\/strangnas\/wp-json\/wp\/v2\/tags?post=6311"}],"curies":[{"name":"wp","href":"https:\/\/api.w.org\/{rel}","templated":true}]}}