{"id":6217,"date":"2015-06-01T06:52:04","date_gmt":"2015-06-01T04:52:04","guid":{"rendered":"https:\/\/www.europaskolan.se\/?p=6217"},"modified":"2023-06-01T14:16:44","modified_gmt":"2023-06-01T12:16:44","slug":"studentbalen-2015-har-ar-bilderna","status":"publish","type":"post","link":"https:\/\/www.europaskolan.se\/strangnas\/studentbalen-2015-har-ar-bilderna\/","title":{"rendered":"Studentbalen 2015 \u2013 h\u00e4r \u00e4r bilderna"},"content":{"rendered":"<p><em><img fetchpriority=\"high\" decoding=\"async\" class=\"alignnone wp-image-6222 size-full\" src=\"https:\/\/www.europaskolan.se\/strangnas\/wp-content\/uploads\/sites\/2\/2015\/06\/Lr_0061-1.jpg\" alt=\"Lr_006\" width=\"856\" height=\"584\" srcset=\"https:\/\/www.europaskolan.se\/strangnas\/wp-content\/uploads\/sites\/2\/2015\/06\/Lr_0061-1.jpg 856w, https:\/\/www.europaskolan.se\/strangnas\/wp-content\/uploads\/sites\/2\/2015\/06\/Lr_0061-1-300x205.jpg 300w, https:\/\/www.europaskolan.se\/strangnas\/wp-content\/uploads\/sites\/2\/2015\/06\/Lr_0061-1-768x524.jpg 768w\" sizes=\"(max-width: 856px) 100vw, 856px\" \/><\/em><\/p>\n<p><em>\u00c5rets studentbal har g\u00e5tt av stapeln f\u00f6r Europaskolan Str\u00e4ngn\u00e4s. P\u00e5 Sundbyholms slott samlades avg\u00e5ngseleverna fredagen den 29 maj, f\u00f6r en h\u00f6gtidlig kv\u00e4ll med middag och dans.<\/em><\/p>\n<p><strong>I \u00e5r bj\u00f6d v\u00e4dret p\u00e5 solsken n\u00e4r ekipagen n\u00e4rmade sig slottet. <\/strong>Par efter par av st\u00e5tliga g\u00e4ster anl\u00e4nde,<br \/>\ni smoking, frack, kostym eller kl\u00e4nning.<\/p>\n<p><strong>S\u00e5 inleddes kv\u00e4llen med salut av slottets kanoner<\/strong> och v\u00e4lkomstsk\u00e5l. Eleverna gick ocks\u00e5 ner mot vattnet f\u00f6r mingel, f\u00f6ljt av fotografering.<\/p>\n<p><strong>Efter att paren f\u00e5tt g\u00e5 p\u00e5 r\u00f6da mattan, v\u00e4ntade middag inne p\u00e5 slottet.<\/strong> H\u00e4r avnj\u00f6t avg\u00e5ngsklasserna en trer\u00e4ttersmeny, tillsammans med rektor och l\u00e4rare. Det bj\u00f6ds ocks\u00e5 p\u00e5 middagsunderh\u00e5llning i form av tal, musik och s\u00e5ng.<\/p>\n<p><strong>Balen fortsatte sedan traditionsenligt med wienervals, <\/strong>som eleverna f\u00e5tt tr\u00e4na p\u00e5 i skolan. D\u00e4refter var det dags f\u00f6r mer moderna tong\u00e5ngar, medan natten f\u00f6ll \u00f6ver S\u00f6rmland.<\/p>\n<p><a href=\"http:\/\/jalbum.net\/a\/1627284\" target=\"_blank\" rel=\"noopener noreferrer\"><strong>H\u00e4r kan du se bilderna fr\u00e5n studentbalen 2015 &gt;<\/strong><\/a><strong><br \/>\n<\/strong>Samtliga bilder kan best\u00e4llas i h\u00f6gre uppl\u00f6sning av fotografen P-O Ros\u00e9n.<\/p>\n<p><em>Tack alla f\u00f6r en minnesv\u00e4rd kv\u00e4ll!<\/em><\/p>\n<p><a href=\"http:\/\/ekuriren.se\/nyheter\/strangnas\/1.3210026-sadan-ar-en-bal-pa-sundbyholms-slott\" target=\"_blank\" rel=\"noopener noreferrer\">L\u00e4s mer i Eskilstuna-Kuriren som skrivit om balen h\u00e4r &gt;<\/a><strong><br \/>\n<\/strong>Bilder fr\u00e5n tidigare \u00e5rs studentbaler kan du se via sidan:<br \/>\n<a href=\"https:\/\/www.europaskolan.se\/strangnas\/europaskolan-strangnas\/studentbal-en-tradition-for-avgangseleverna\/\">Studentbaler, h\u00e4r p\u00e5 skolans webbplats &gt;<\/a><strong><br \/>\n<\/strong><\/p>\n<p>&nbsp;<\/p>\n","protected":false},"excerpt":{"rendered":"<p>\u00c5rets studentbal har g\u00e5tt av stapeln f\u00f6r Europaskolan Str\u00e4ngn\u00e4s. P\u00e5 Sundbyholms slott samlades avg\u00e5ngseleverna fredagen den 29 maj, f\u00f6r en h\u00f6gtidlig kv\u00e4ll med middag och dans. I \u00e5r bj\u00f6d v\u00e4dret p\u00e5 solsken n\u00e4r ekipagen n\u00e4rmade sig slottet. Par efter par av st\u00e5tliga g\u00e4ster anl\u00e4nde, i smoking, frack, kostym eller kl\u00e4nning. S\u00e5 inleddes kv\u00e4llen med salut [&hellip;]<\/p>\n","protected":false},"author":2,"featured_media":6223,"comment_status":"closed","ping_status":"closed","sticky":false,"template":"","format":"standard","meta":{"footnotes":""},"categories":[3],"tags":[],"class_list":["post-6217","post","type-post","status-publish","format-standard","has-post-thumbnail","hentry","category-aktuellt-europaskolan-strangnas"],"blocksy_meta":[],"rttpg_featured_image_url":{"full":["https:\/\/www.europaskolan.se\/strangnas\/wp-content\/uploads\/sites\/2\/2015\/06\/Lr_0071-1.jpg",954,603,false],"landscape":["https:\/\/www.europaskolan.se\/strangnas\/wp-content\/uploads\/sites\/2\/2015\/06\/Lr_0071-1.jpg",954,603,false],"portraits":["https:\/\/www.europaskolan.se\/strangnas\/wp-content\/uploads\/sites\/2\/2015\/06\/Lr_0071-1.jpg",954,603,false],"thumbnail":["https:\/\/www.europaskolan.se\/strangnas\/wp-content\/uploads\/sites\/2\/2015\/06\/Lr_0071-1-150x150.jpg",150,150,true],"medium":["https:\/\/www.europaskolan.se\/strangnas\/wp-content\/uploads\/sites\/2\/2015\/06\/Lr_0071-1-300x190.jpg",300,190,true],"large":["https:\/\/www.europaskolan.se\/strangnas\/wp-content\/uploads\/sites\/2\/2015\/06\/Lr_0071-1.jpg",954,603,false],"1536x1536":["https:\/\/www.europaskolan.se\/strangnas\/wp-content\/uploads\/sites\/2\/2015\/06\/Lr_0071-1.jpg",954,603,false],"2048x2048":["https:\/\/www.europaskolan.se\/strangnas\/wp-content\/uploads\/sites\/2\/2015\/06\/Lr_0071-1.jpg",954,603,false],"sow-carousel-default":["https:\/\/www.europaskolan.se\/strangnas\/wp-content\/uploads\/sites\/2\/2015\/06\/Lr_0071-1.jpg",272,172,false]},"rttpg_author":{"display_name":"camilla","author_link":"https:\/\/www.europaskolan.se\/strangnas\/author\/camilla\/"},"rttpg_comment":0,"rttpg_category":"<a href=\"https:\/\/www.europaskolan.se\/strangnas\/category\/aktuellt-europaskolan-strangnas\/\" rel=\"category tag\">Aktuellt \u2013 Europaskolan Str\u00e4ngn\u00e4s<\/a>","rttpg_excerpt":"\u00c5rets studentbal har g\u00e5tt av stapeln f\u00f6r Europaskolan Str\u00e4ngn\u00e4s. P\u00e5 Sundbyholms slott samlades avg\u00e5ngseleverna fredagen den 29 maj, f\u00f6r en h\u00f6gtidlig kv\u00e4ll med middag och dans. I \u00e5r bj\u00f6d v\u00e4dret p\u00e5 solsken n\u00e4r ekipagen n\u00e4rmade sig slottet. Par efter par av st\u00e5tliga g\u00e4ster anl\u00e4nde, i smoking, frack, kostym eller kl\u00e4nning. S\u00e5 inleddes kv\u00e4llen med salut&hellip;","_links":{"self":[{"href":"https:\/\/www.europaskolan.se\/strangnas\/wp-json\/wp\/v2\/posts\/6217","targetHints":{"allow":["GET"]}}],"collection":[{"href":"https:\/\/www.europaskolan.se\/strangnas\/wp-json\/wp\/v2\/posts"}],"about":[{"href":"https:\/\/www.europaskolan.se\/strangnas\/wp-json\/wp\/v2\/types\/post"}],"author":[{"embeddable":true,"href":"https:\/\/www.europaskolan.se\/strangnas\/wp-json\/wp\/v2\/users\/2"}],"replies":[{"embeddable":true,"href":"https:\/\/www.europaskolan.se\/strangnas\/wp-json\/wp\/v2\/comments?post=6217"}],"version-history":[{"count":0,"href":"https:\/\/www.europaskolan.se\/strangnas\/wp-json\/wp\/v2\/posts\/6217\/revisions"}],"wp:featuredmedia":[{"embeddable":true,"href":"https:\/\/www.europaskolan.se\/strangnas\/wp-json\/wp\/v2\/media\/6223"}],"wp:attachment":[{"href":"https:\/\/www.europaskolan.se\/strangnas\/wp-json\/wp\/v2\/media?parent=6217"}],"wp:term":[{"taxonomy":"category","embeddable":true,"href":"https:\/\/www.europaskolan.se\/strangnas\/wp-json\/wp\/v2\/categories?post=6217"},{"taxonomy":"post_tag","embeddable":true,"href":"https:\/\/www.europaskolan.se\/strangnas\/wp-json\/wp\/v2\/tags?post=6217"}],"curies":[{"name":"wp","href":"https:\/\/api.w.org\/{rel}","templated":true}]}}