{"id":6020,"date":"2015-03-17T17:26:46","date_gmt":"2015-03-17T16:26:46","guid":{"rendered":"https:\/\/www.europaskolan.se\/?p=6020"},"modified":"2019-05-27T18:31:55","modified_gmt":"2019-05-27T16:31:55","slug":"eco-apple-blev-arets-uf-foretag-pa-strangnas-naringslivsdag","status":"publish","type":"post","link":"https:\/\/www.europaskolan.se\/strangnas\/eco-apple-blev-arets-uf-foretag-pa-strangnas-naringslivsdag\/","title":{"rendered":"Eco apple blev \u00c5rets Unga F\u00f6retag p\u00e5 Str\u00e4ngn\u00e4s N\u00e4ringslivsdag"},"content":{"rendered":"<p><img fetchpriority=\"high\" decoding=\"async\" class=\"alignnone wp-image-6021 size-full\" src=\"https:\/\/www.europaskolan.se\/strangnas\/wp-content\/uploads\/sites\/2\/2015\/03\/Eco_apple-1.jpg\" alt=\"Eco_apple\" width=\"940\" height=\"400\" srcset=\"https:\/\/www.europaskolan.se\/strangnas\/wp-content\/uploads\/sites\/2\/2015\/03\/Eco_apple-1.jpg 940w, https:\/\/www.europaskolan.se\/strangnas\/wp-content\/uploads\/sites\/2\/2015\/03\/Eco_apple-1-300x128.jpg 300w, https:\/\/www.europaskolan.se\/strangnas\/wp-content\/uploads\/sites\/2\/2015\/03\/Eco_apple-1-768x327.jpg 768w\" sizes=\"(max-width: 940px) 100vw, 940px\" \/><\/p>\n<p><em>\u00c5terigen har priset \u00c5rets\u00a0Unga F\u00f6retag\u00a0g\u00e5tt till Europaskolan Str\u00e4ngn\u00e4s! I \u00e5r gratulerar vi Eco apple, med Julia Malla, Tova Aura och Kajsa Erita.<\/em><\/p>\n<p><strong> P\u00e5 Str\u00e4ngn\u00e4s N\u00e4ringslivsdag utses varje \u00e5r \u00c5rets Unga F\u00f6retag. <\/strong>Tanken \u00e4r att uppm\u00e4rksamma unga f\u00f6retagare och deras id\u00e9er.<\/p>\n<p><strong>Eco Apple \u00e4r ett blivande UF-f\u00f6retag p\u00e5 Europaskolan Str\u00e4ngn\u00e4s,<\/strong> som har tagit fram ekologiska \u00e4ppelchips. Chipsen, som \u00e4r mycket delikata, finns redan till f\u00f6rs\u00e4ljning och f\u00f6retaget har alla f\u00f6ruts\u00e4ttningar f\u00f6r fortsatt framg\u00e5ng.<\/p>\n<p><strong>Bakom Eco apple\u00a0<\/strong>st\u00e5r eleverna Julia Malla, Tova Aura och Kajsa Erita, i klass F\u00d613. Under publikens jubel tog de emot f\u00f6rstapriset p\u00e5 stora scenen, under Str\u00e4ngn\u00e4s N\u00e4ringslivsdag.<\/p>\n<p><em>Varmt grattis! Vi \u00e4r mycket stolta \u00f6ver v\u00e5ra framg\u00e5ngsrika unga f\u00f6retagare och \u00f6nskar dem fortsatt lycka till.<\/em><\/p>\n<p><a href=\"http:\/\/www.ungforetagsamhet.se\/gymnasiet\">L\u00e4s mer om Ung F\u00f6retagsamhet &gt; <\/a><\/p>\n<p><a href=\"http:\/\/www.strangnasnd.se\/\">L\u00e4s mer om Str\u00e4ngn\u00e4s N\u00e4ringslivsdag &gt;<\/a><\/p>\n<p>Bild<strong>:<\/strong> Joakim Serrander, <a href=\"http:\/\/ekuriren.se\/\">ekuriren.se &gt;<\/a><\/p>\n","protected":false},"excerpt":{"rendered":"<p>\u00c5terigen har priset \u00c5rets\u00a0Unga F\u00f6retag\u00a0g\u00e5tt till Europaskolan Str\u00e4ngn\u00e4s! I \u00e5r gratulerar vi Eco apple, med Julia Malla, Tova Aura och Kajsa Erita. P\u00e5 Str\u00e4ngn\u00e4s N\u00e4ringslivsdag utses varje \u00e5r \u00c5rets Unga F\u00f6retag. Tanken \u00e4r att uppm\u00e4rksamma unga f\u00f6retagare och deras id\u00e9er. Eco Apple \u00e4r ett blivande UF-f\u00f6retag p\u00e5 Europaskolan Str\u00e4ngn\u00e4s, som har tagit fram ekologiska \u00e4ppelchips. [&hellip;]<\/p>\n","protected":false},"author":2,"featured_media":6021,"comment_status":"closed","ping_status":"closed","sticky":false,"template":"","format":"standard","meta":{"footnotes":""},"categories":[3],"tags":[],"class_list":["post-6020","post","type-post","status-publish","format-standard","has-post-thumbnail","hentry","category-aktuellt-europaskolan-strangnas"],"blocksy_meta":[],"rttpg_featured_image_url":{"full":["https:\/\/www.europaskolan.se\/strangnas\/wp-content\/uploads\/sites\/2\/2015\/03\/Eco_apple-1.jpg",940,400,false],"landscape":["https:\/\/www.europaskolan.se\/strangnas\/wp-content\/uploads\/sites\/2\/2015\/03\/Eco_apple-1.jpg",940,400,false],"portraits":["https:\/\/www.europaskolan.se\/strangnas\/wp-content\/uploads\/sites\/2\/2015\/03\/Eco_apple-1.jpg",940,400,false],"thumbnail":["https:\/\/www.europaskolan.se\/strangnas\/wp-content\/uploads\/sites\/2\/2015\/03\/Eco_apple-1-150x150.jpg",150,150,true],"medium":["https:\/\/www.europaskolan.se\/strangnas\/wp-content\/uploads\/sites\/2\/2015\/03\/Eco_apple-1-300x128.jpg",300,128,true],"large":["https:\/\/www.europaskolan.se\/strangnas\/wp-content\/uploads\/sites\/2\/2015\/03\/Eco_apple-1.jpg",940,400,false],"1536x1536":["https:\/\/www.europaskolan.se\/strangnas\/wp-content\/uploads\/sites\/2\/2015\/03\/Eco_apple-1.jpg",940,400,false],"2048x2048":["https:\/\/www.europaskolan.se\/strangnas\/wp-content\/uploads\/sites\/2\/2015\/03\/Eco_apple-1.jpg",940,400,false],"sow-carousel-default":["https:\/\/www.europaskolan.se\/strangnas\/wp-content\/uploads\/sites\/2\/2015\/03\/Eco_apple-1.jpg",272,116,false]},"rttpg_author":{"display_name":"camilla","author_link":"https:\/\/www.europaskolan.se\/strangnas\/author\/camilla\/"},"rttpg_comment":0,"rttpg_category":"<a href=\"https:\/\/www.europaskolan.se\/strangnas\/category\/aktuellt-europaskolan-strangnas\/\" rel=\"category tag\">Aktuellt \u2013 Europaskolan Str\u00e4ngn\u00e4s<\/a>","rttpg_excerpt":"\u00c5terigen har priset \u00c5rets\u00a0Unga F\u00f6retag\u00a0g\u00e5tt till Europaskolan Str\u00e4ngn\u00e4s! I \u00e5r gratulerar vi Eco apple, med Julia Malla, Tova Aura och Kajsa Erita. P\u00e5 Str\u00e4ngn\u00e4s N\u00e4ringslivsdag utses varje \u00e5r \u00c5rets Unga F\u00f6retag. Tanken \u00e4r att uppm\u00e4rksamma unga f\u00f6retagare och deras id\u00e9er. Eco Apple \u00e4r ett blivande UF-f\u00f6retag p\u00e5 Europaskolan Str\u00e4ngn\u00e4s, som har tagit fram ekologiska \u00e4ppelchips.&hellip;","_links":{"self":[{"href":"https:\/\/www.europaskolan.se\/strangnas\/wp-json\/wp\/v2\/posts\/6020","targetHints":{"allow":["GET"]}}],"collection":[{"href":"https:\/\/www.europaskolan.se\/strangnas\/wp-json\/wp\/v2\/posts"}],"about":[{"href":"https:\/\/www.europaskolan.se\/strangnas\/wp-json\/wp\/v2\/types\/post"}],"author":[{"embeddable":true,"href":"https:\/\/www.europaskolan.se\/strangnas\/wp-json\/wp\/v2\/users\/2"}],"replies":[{"embeddable":true,"href":"https:\/\/www.europaskolan.se\/strangnas\/wp-json\/wp\/v2\/comments?post=6020"}],"version-history":[{"count":0,"href":"https:\/\/www.europaskolan.se\/strangnas\/wp-json\/wp\/v2\/posts\/6020\/revisions"}],"wp:featuredmedia":[{"embeddable":true,"href":"https:\/\/www.europaskolan.se\/strangnas\/wp-json\/wp\/v2\/media\/6021"}],"wp:attachment":[{"href":"https:\/\/www.europaskolan.se\/strangnas\/wp-json\/wp\/v2\/media?parent=6020"}],"wp:term":[{"taxonomy":"category","embeddable":true,"href":"https:\/\/www.europaskolan.se\/strangnas\/wp-json\/wp\/v2\/categories?post=6020"},{"taxonomy":"post_tag","embeddable":true,"href":"https:\/\/www.europaskolan.se\/strangnas\/wp-json\/wp\/v2\/tags?post=6020"}],"curies":[{"name":"wp","href":"https:\/\/api.w.org\/{rel}","templated":true}]}}