{"id":4857,"date":"2014-02-26T16:57:57","date_gmt":"2014-02-26T15:57:57","guid":{"rendered":"https:\/\/www.europaskolan.se\/?p=4857"},"modified":"2019-05-28T09:19:28","modified_gmt":"2019-05-28T07:19:28","slug":"philip-frick-far-anders-wall-stipendium","status":"publish","type":"post","link":"https:\/\/www.europaskolan.se\/strangnas\/philip-frick-far-anders-wall-stipendium\/","title":{"rendered":"Philip Frick f\u00e5r Anders Wall-stipendium"},"content":{"rendered":"<p><img fetchpriority=\"high\" decoding=\"async\" class=\"alignnone wp-image-4861 size-full\" src=\"https:\/\/www.europaskolan.se\/strangnas\/wp-content\/uploads\/sites\/2\/2014\/02\/Philip_Frick-1.jpg\" alt=\"Philip_Frick\" width=\"680\" height=\"255\" srcset=\"https:\/\/www.europaskolan.se\/strangnas\/wp-content\/uploads\/sites\/2\/2014\/02\/Philip_Frick-1.jpg 680w, https:\/\/www.europaskolan.se\/strangnas\/wp-content\/uploads\/sites\/2\/2014\/02\/Philip_Frick-1-300x113.jpg 300w\" sizes=\"(max-width: 680px) 100vw, 680px\" \/><\/p>\n<p><em>Som en av de yngsta n\u00e5gonsin, f\u00e5r Philip Frick fr\u00e5n Europaskolan Str\u00e4ngn\u00e4s Anders Wall-stipendiet inom naturvetenskaplig forskning.<\/em><\/p>\n<p><strong>Under sitt sista gymnasie\u00e5r uts\u00e5gs Philip Frick till Sveriges b\u00e4sta naturvetarelev<\/strong>, d\u00e5 han vann f\u00f6rsta pris i Utst\u00e4llningen Unga Forskare 2013.<\/p>\n<p><strong>Efter en sommar p\u00e5 forskarl\u00e4ger i USA, vid MIT och Harvard<\/strong>, har Philip n\u00e5tt nya framg\u00e5ngar. Inom nanooptisk forskning har han varit med om att dra en av de tunnaste optiska fibrer som finns i v\u00e4rlden!<\/p>\n<p><strong>Nu f\u00e5r han Anders Wall-stipendiet inom naturvetenskaplig forskning<\/strong>, som en av de yngsta n\u00e5gonsin. Stipendiet p\u00e5 150\u00a0000 kronor g\u00e5r till talangfulla naturvetare som \u00e4nnu inte avlagt akademisk grundexamen. Philip gick ut Europaskolan Str\u00e4ngn\u00e4s 2013 och nu v\u00e4ntar h\u00f6gre studier.<\/p>\n<p>Planen \u00e4r att satsa p\u00e5 interdisciplin\u00e4r forskning vid n\u00e5got amerikanskt universitet. Vilket \u00e5terst\u00e5r att se \u2013 men Philip har en st\u00e5ende inbjudan till Harvard.<\/p>\n<p>Vi p\u00e5 Europaskolan Str\u00e4ngn\u00e4s \u00e4r oerh\u00f6rt stolta \u00f6ver Philip Frick och hans framg\u00e5ngar.<\/p>\n<p>Varma gratulationer fr\u00e5n oss alla!<\/p>\n<p><em>Thomas Axelsson<\/em><\/p>\n<p><a href=\"https:\/\/www.europaskolan.se\/strangnas\/wp-content\/uploads\/sites\/2\/2014\/02\/Philip-Frick-140226_pressmeddelande_klart-1.pdf\">L\u00e4s pressmeddelandet h\u00e4r &gt;<\/a><\/p>\n","protected":false},"excerpt":{"rendered":"<p>Som en av de yngsta n\u00e5gonsin, f\u00e5r Philip Frick fr\u00e5n Europaskolan Str\u00e4ngn\u00e4s Anders Wall-stipendiet inom naturvetenskaplig forskning. Under sitt sista gymnasie\u00e5r uts\u00e5gs Philip Frick till Sveriges b\u00e4sta naturvetarelev, d\u00e5 han vann f\u00f6rsta pris i Utst\u00e4llningen Unga Forskare 2013. Efter en sommar p\u00e5 forskarl\u00e4ger i USA, vid MIT och Harvard, har Philip n\u00e5tt nya framg\u00e5ngar. Inom [&hellip;]<\/p>\n","protected":false},"author":2,"featured_media":4861,"comment_status":"closed","ping_status":"closed","sticky":false,"template":"","format":"standard","meta":{"footnotes":""},"categories":[11],"tags":[],"class_list":["post-4857","post","type-post","status-publish","format-standard","has-post-thumbnail","hentry","category-utmarkelser-europaskolan-strangnas"],"blocksy_meta":[],"rttpg_featured_image_url":{"full":["https:\/\/www.europaskolan.se\/strangnas\/wp-content\/uploads\/sites\/2\/2014\/02\/Philip_Frick-1.jpg",680,255,false],"landscape":["https:\/\/www.europaskolan.se\/strangnas\/wp-content\/uploads\/sites\/2\/2014\/02\/Philip_Frick-1.jpg",680,255,false],"portraits":["https:\/\/www.europaskolan.se\/strangnas\/wp-content\/uploads\/sites\/2\/2014\/02\/Philip_Frick-1.jpg",680,255,false],"thumbnail":["https:\/\/www.europaskolan.se\/strangnas\/wp-content\/uploads\/sites\/2\/2014\/02\/Philip_Frick-1-150x150.jpg",150,150,true],"medium":["https:\/\/www.europaskolan.se\/strangnas\/wp-content\/uploads\/sites\/2\/2014\/02\/Philip_Frick-1-300x113.jpg",300,113,true],"large":["https:\/\/www.europaskolan.se\/strangnas\/wp-content\/uploads\/sites\/2\/2014\/02\/Philip_Frick-1.jpg",680,255,false],"1536x1536":["https:\/\/www.europaskolan.se\/strangnas\/wp-content\/uploads\/sites\/2\/2014\/02\/Philip_Frick-1.jpg",680,255,false],"2048x2048":["https:\/\/www.europaskolan.se\/strangnas\/wp-content\/uploads\/sites\/2\/2014\/02\/Philip_Frick-1.jpg",680,255,false],"sow-carousel-default":["https:\/\/www.europaskolan.se\/strangnas\/wp-content\/uploads\/sites\/2\/2014\/02\/Philip_Frick-1.jpg",272,102,false]},"rttpg_author":{"display_name":"camilla","author_link":"https:\/\/www.europaskolan.se\/strangnas\/author\/camilla\/"},"rttpg_comment":0,"rttpg_category":"<a href=\"https:\/\/www.europaskolan.se\/strangnas\/category\/utmarkelser-europaskolan-strangnas\/\" rel=\"category tag\">Utm\u00e4rkelser \u2013 Europaskolan Str\u00e4ngn\u00e4s<\/a>","rttpg_excerpt":"Som en av de yngsta n\u00e5gonsin, f\u00e5r Philip Frick fr\u00e5n Europaskolan Str\u00e4ngn\u00e4s Anders Wall-stipendiet inom naturvetenskaplig forskning. Under sitt sista gymnasie\u00e5r uts\u00e5gs Philip Frick till Sveriges b\u00e4sta naturvetarelev, d\u00e5 han vann f\u00f6rsta pris i Utst\u00e4llningen Unga Forskare 2013. Efter en sommar p\u00e5 forskarl\u00e4ger i USA, vid MIT och Harvard, har Philip n\u00e5tt nya framg\u00e5ngar. Inom&hellip;","_links":{"self":[{"href":"https:\/\/www.europaskolan.se\/strangnas\/wp-json\/wp\/v2\/posts\/4857","targetHints":{"allow":["GET"]}}],"collection":[{"href":"https:\/\/www.europaskolan.se\/strangnas\/wp-json\/wp\/v2\/posts"}],"about":[{"href":"https:\/\/www.europaskolan.se\/strangnas\/wp-json\/wp\/v2\/types\/post"}],"author":[{"embeddable":true,"href":"https:\/\/www.europaskolan.se\/strangnas\/wp-json\/wp\/v2\/users\/2"}],"replies":[{"embeddable":true,"href":"https:\/\/www.europaskolan.se\/strangnas\/wp-json\/wp\/v2\/comments?post=4857"}],"version-history":[{"count":0,"href":"https:\/\/www.europaskolan.se\/strangnas\/wp-json\/wp\/v2\/posts\/4857\/revisions"}],"wp:featuredmedia":[{"embeddable":true,"href":"https:\/\/www.europaskolan.se\/strangnas\/wp-json\/wp\/v2\/media\/4861"}],"wp:attachment":[{"href":"https:\/\/www.europaskolan.se\/strangnas\/wp-json\/wp\/v2\/media?parent=4857"}],"wp:term":[{"taxonomy":"category","embeddable":true,"href":"https:\/\/www.europaskolan.se\/strangnas\/wp-json\/wp\/v2\/categories?post=4857"},{"taxonomy":"post_tag","embeddable":true,"href":"https:\/\/www.europaskolan.se\/strangnas\/wp-json\/wp\/v2\/tags?post=4857"}],"curies":[{"name":"wp","href":"https:\/\/api.w.org\/{rel}","templated":true}]}}