{"id":4768,"date":"2014-02-05T13:18:39","date_gmt":"2014-02-05T12:18:39","guid":{"rendered":"https:\/\/www.europaskolan.se\/?p=4768"},"modified":"2019-05-27T17:56:12","modified_gmt":"2019-05-27T15:56:12","slug":"utmarkt-arbetsmiljo-for-horselskadade","status":"publish","type":"post","link":"https:\/\/www.europaskolan.se\/strangnas\/utmarkt-arbetsmiljo-for-horselskadade\/","title":{"rendered":"Utm\u00e4rkt arbetsmilj\u00f6 f\u00f6r h\u00f6rselskadade"},"content":{"rendered":"<h3><img fetchpriority=\"high\" decoding=\"async\" class=\"alignnone size-full wp-image-4771\" src=\"https:\/\/www.europaskolan.se\/strangnas\/wp-content\/uploads\/sites\/2\/2014\/02\/djaknehallen2-1.jpg\" alt=\"\" width=\"680\" height=\"213\" srcset=\"https:\/\/www.europaskolan.se\/strangnas\/wp-content\/uploads\/sites\/2\/2014\/02\/djaknehallen2-1.jpg 680w, https:\/\/www.europaskolan.se\/strangnas\/wp-content\/uploads\/sites\/2\/2014\/02\/djaknehallen2-1-300x94.jpg 300w\" sizes=\"(max-width: 680px) 100vw, 680px\" \/><\/h3>\n<h3>Dj\u00e4knehallen p\u00e5 Europaskolan Str\u00e4ngn\u00e4s har f\u00e5tt utm\u00e4rkt resultat i en kartl\u00e4ggning av h\u00f6rselslingor.<\/h3>\n<p><b>Det \u00e4r H\u00f6rselskadades Riksf\u00f6rbund som just nu kartl\u00e4gger alla h\u00f6rselslingor i Str\u00e4ngn\u00e4s kommun<\/b>, i en unders\u00f6kning kring arbetsmilj\u00f6.<\/p>\n<p><b>Dj\u00e4knehallen, som \u00e4r gymnasiets samlingssal, fick utm\u00e4rkt resultat <\/b>p\u00e5 alla m\u00e4tningar \u2013 s\u00e5v\u00e4l inom kvalitet som omf\u00e5ng.<\/p>\n<p><b>Det gl\u00e4djer oss att kunna erbjuda en s\u00e5dan bra arbetsmilj\u00f6 f\u00f6r h\u00f6rselskadade.<\/b> N\u00e5got som f\u00f6rst\u00e5s \u00e4r till nytta f\u00f6r alla som anv\u00e4nder lokalen.<\/p>\n<p><i>Johan Eklund<\/i><\/p>\n<p><img decoding=\"async\" class=\"alignnone  wp-image-4772\" src=\"https:\/\/www.europaskolan.se\/strangnas\/wp-content\/uploads\/sites\/2\/2014\/02\/HRF-1.jpg\" alt=\"\" width=\"186\" height=\"88\" srcset=\"https:\/\/www.europaskolan.se\/strangnas\/wp-content\/uploads\/sites\/2\/2014\/02\/HRF-1.jpg 323w, https:\/\/www.europaskolan.se\/strangnas\/wp-content\/uploads\/sites\/2\/2014\/02\/HRF-1-300x142.jpg 300w\" sizes=\"(max-width: 186px) 100vw, 186px\" \/><\/p>\n","protected":false},"excerpt":{"rendered":"<p>Dj\u00e4knehallen p\u00e5 Europaskolan Str\u00e4ngn\u00e4s har f\u00e5tt utm\u00e4rkt resultat i en kartl\u00e4ggning av h\u00f6rselslingor. Det \u00e4r H\u00f6rselskadades Riksf\u00f6rbund som just nu kartl\u00e4gger alla h\u00f6rselslingor i Str\u00e4ngn\u00e4s kommun, i en unders\u00f6kning kring arbetsmilj\u00f6. Dj\u00e4knehallen, som \u00e4r gymnasiets samlingssal, fick utm\u00e4rkt resultat p\u00e5 alla m\u00e4tningar \u2013 s\u00e5v\u00e4l inom kvalitet som omf\u00e5ng. Det gl\u00e4djer oss att kunna erbjuda en [&hellip;]<\/p>\n","protected":false},"author":2,"featured_media":4772,"comment_status":"closed","ping_status":"closed","sticky":false,"template":"","format":"standard","meta":{"footnotes":""},"categories":[3],"tags":[],"class_list":["post-4768","post","type-post","status-publish","format-standard","has-post-thumbnail","hentry","category-aktuellt-europaskolan-strangnas"],"blocksy_meta":[],"rttpg_featured_image_url":{"full":["https:\/\/www.europaskolan.se\/strangnas\/wp-content\/uploads\/sites\/2\/2014\/02\/HRF-1.jpg",323,153,false],"landscape":["https:\/\/www.europaskolan.se\/strangnas\/wp-content\/uploads\/sites\/2\/2014\/02\/HRF-1.jpg",323,153,false],"portraits":["https:\/\/www.europaskolan.se\/strangnas\/wp-content\/uploads\/sites\/2\/2014\/02\/HRF-1.jpg",323,153,false],"thumbnail":["https:\/\/www.europaskolan.se\/strangnas\/wp-content\/uploads\/sites\/2\/2014\/02\/HRF-1-150x150.jpg",150,150,true],"medium":["https:\/\/www.europaskolan.se\/strangnas\/wp-content\/uploads\/sites\/2\/2014\/02\/HRF-1-300x142.jpg",300,142,true],"large":["https:\/\/www.europaskolan.se\/strangnas\/wp-content\/uploads\/sites\/2\/2014\/02\/HRF-1.jpg",323,153,false],"1536x1536":["https:\/\/www.europaskolan.se\/strangnas\/wp-content\/uploads\/sites\/2\/2014\/02\/HRF-1.jpg",323,153,false],"2048x2048":["https:\/\/www.europaskolan.se\/strangnas\/wp-content\/uploads\/sites\/2\/2014\/02\/HRF-1.jpg",323,153,false],"sow-carousel-default":["https:\/\/www.europaskolan.se\/strangnas\/wp-content\/uploads\/sites\/2\/2014\/02\/HRF-1.jpg",272,129,false]},"rttpg_author":{"display_name":"camilla","author_link":"https:\/\/www.europaskolan.se\/strangnas\/author\/camilla\/"},"rttpg_comment":0,"rttpg_category":"<a href=\"https:\/\/www.europaskolan.se\/strangnas\/category\/aktuellt-europaskolan-strangnas\/\" rel=\"category tag\">Aktuellt \u2013 Europaskolan Str\u00e4ngn\u00e4s<\/a>","rttpg_excerpt":"Dj\u00e4knehallen p\u00e5 Europaskolan Str\u00e4ngn\u00e4s har f\u00e5tt utm\u00e4rkt resultat i en kartl\u00e4ggning av h\u00f6rselslingor. Det \u00e4r H\u00f6rselskadades Riksf\u00f6rbund som just nu kartl\u00e4gger alla h\u00f6rselslingor i Str\u00e4ngn\u00e4s kommun, i en unders\u00f6kning kring arbetsmilj\u00f6. Dj\u00e4knehallen, som \u00e4r gymnasiets samlingssal, fick utm\u00e4rkt resultat p\u00e5 alla m\u00e4tningar \u2013 s\u00e5v\u00e4l inom kvalitet som omf\u00e5ng. Det gl\u00e4djer oss att kunna erbjuda en&hellip;","_links":{"self":[{"href":"https:\/\/www.europaskolan.se\/strangnas\/wp-json\/wp\/v2\/posts\/4768","targetHints":{"allow":["GET"]}}],"collection":[{"href":"https:\/\/www.europaskolan.se\/strangnas\/wp-json\/wp\/v2\/posts"}],"about":[{"href":"https:\/\/www.europaskolan.se\/strangnas\/wp-json\/wp\/v2\/types\/post"}],"author":[{"embeddable":true,"href":"https:\/\/www.europaskolan.se\/strangnas\/wp-json\/wp\/v2\/users\/2"}],"replies":[{"embeddable":true,"href":"https:\/\/www.europaskolan.se\/strangnas\/wp-json\/wp\/v2\/comments?post=4768"}],"version-history":[{"count":0,"href":"https:\/\/www.europaskolan.se\/strangnas\/wp-json\/wp\/v2\/posts\/4768\/revisions"}],"wp:featuredmedia":[{"embeddable":true,"href":"https:\/\/www.europaskolan.se\/strangnas\/wp-json\/wp\/v2\/media\/4772"}],"wp:attachment":[{"href":"https:\/\/www.europaskolan.se\/strangnas\/wp-json\/wp\/v2\/media?parent=4768"}],"wp:term":[{"taxonomy":"category","embeddable":true,"href":"https:\/\/www.europaskolan.se\/strangnas\/wp-json\/wp\/v2\/categories?post=4768"},{"taxonomy":"post_tag","embeddable":true,"href":"https:\/\/www.europaskolan.se\/strangnas\/wp-json\/wp\/v2\/tags?post=4768"}],"curies":[{"name":"wp","href":"https:\/\/api.w.org\/{rel}","templated":true}]}}