{"id":4676,"date":"2014-01-17T17:08:16","date_gmt":"2014-01-17T16:08:16","guid":{"rendered":"https:\/\/www.europaskolan.se\/?p=4676"},"modified":"2019-05-27T17:54:27","modified_gmt":"2019-05-27T15:54:27","slug":"storre-trafiksakerhet-vid-europaskolan-strangnas","status":"publish","type":"post","link":"https:\/\/www.europaskolan.se\/strangnas\/storre-trafiksakerhet-vid-europaskolan-strangnas\/","title":{"rendered":"St\u00f6rre trafiks\u00e4kerhet vid Europaskolan Str\u00e4ngn\u00e4s"},"content":{"rendered":"<p><img fetchpriority=\"high\" decoding=\"async\" class=\"alignnone size-full wp-image-4677\" src=\"https:\/\/www.europaskolan.se\/strangnas\/wp-content\/uploads\/sites\/2\/2014\/01\/overgangstalle-1.jpg\" alt=\"\" width=\"680\" height=\"193\" srcset=\"https:\/\/www.europaskolan.se\/strangnas\/wp-content\/uploads\/sites\/2\/2014\/01\/overgangstalle-1.jpg 680w, https:\/\/www.europaskolan.se\/strangnas\/wp-content\/uploads\/sites\/2\/2014\/01\/overgangstalle-1-300x85.jpg 300w\" sizes=\"(max-width: 680px) 100vw, 680px\" \/><\/p>\n<h3>Ett nytt \u00f6verg\u00e5ngsst\u00e4lle kommer att ordnas vid gymnasiet, efter f\u00f6rslag fr\u00e5n Europak\u00e5ren.<\/h3>\n<p><strong>Europak\u00e5ren kan i dag delge gl\u00e4djande nyheter<\/strong> ang\u00e5ende det f\u00f6rslag om s\u00e4kerhetsf\u00f6rb\u00e4ttringar i trafiken p\u00e5 Storgatan som togs upp redan f\u00f6rra \u00e5ret av K\u00e5ren.<\/p>\n<p><strong>Fr\u00e5gan har nu godk\u00e4nns av Str\u00e4ngn\u00e4s kommun<\/strong> och ett nytt \u00f6verg\u00e5ngsst\u00e4lle kommer att ordnas i april om allt g\u00e5r som det ska.<\/p>\n<p><strong>Detta kommer att g\u00f6ra vardagen s\u00e4krare<\/strong> f\u00f6r eleverna p\u00e5 Europaskolan Str\u00e4ngn\u00e4s och allm\u00e4nheten n\u00e4r de korsar gatan.<\/p>\n<p><strong>Nuvarande styrelse vill tacka alla<\/strong> inblandade i fr\u00e5gan som gjorde detta m\u00f6jligt.<\/p>\n<p>Med v\u00e4nliga h\u00e4lsningar,<\/p>\n<p><em>Europak\u00e5rens styrelse<\/em><br \/>\n<em>genom ordf\u00f6rande Alexandra Racutanu<\/em><\/p>\n","protected":false},"excerpt":{"rendered":"<p>Ett nytt \u00f6verg\u00e5ngsst\u00e4lle kommer att ordnas vid gymnasiet, efter f\u00f6rslag fr\u00e5n Europak\u00e5ren. Europak\u00e5ren kan i dag delge gl\u00e4djande nyheter ang\u00e5ende det f\u00f6rslag om s\u00e4kerhetsf\u00f6rb\u00e4ttringar i trafiken p\u00e5 Storgatan som togs upp redan f\u00f6rra \u00e5ret av K\u00e5ren. Fr\u00e5gan har nu godk\u00e4nns av Str\u00e4ngn\u00e4s kommun och ett nytt \u00f6verg\u00e5ngsst\u00e4lle kommer att ordnas i april om allt g\u00e5r [&hellip;]<\/p>\n","protected":false},"author":2,"featured_media":4677,"comment_status":"closed","ping_status":"closed","sticky":false,"template":"","format":"standard","meta":{"footnotes":""},"categories":[3],"tags":[],"class_list":["post-4676","post","type-post","status-publish","format-standard","has-post-thumbnail","hentry","category-aktuellt-europaskolan-strangnas"],"blocksy_meta":[],"rttpg_featured_image_url":{"full":["https:\/\/www.europaskolan.se\/strangnas\/wp-content\/uploads\/sites\/2\/2014\/01\/overgangstalle-1.jpg",680,193,false],"landscape":["https:\/\/www.europaskolan.se\/strangnas\/wp-content\/uploads\/sites\/2\/2014\/01\/overgangstalle-1.jpg",680,193,false],"portraits":["https:\/\/www.europaskolan.se\/strangnas\/wp-content\/uploads\/sites\/2\/2014\/01\/overgangstalle-1.jpg",680,193,false],"thumbnail":["https:\/\/www.europaskolan.se\/strangnas\/wp-content\/uploads\/sites\/2\/2014\/01\/overgangstalle-1-150x150.jpg",150,150,true],"medium":["https:\/\/www.europaskolan.se\/strangnas\/wp-content\/uploads\/sites\/2\/2014\/01\/overgangstalle-1-300x85.jpg",300,85,true],"large":["https:\/\/www.europaskolan.se\/strangnas\/wp-content\/uploads\/sites\/2\/2014\/01\/overgangstalle-1.jpg",680,193,false],"1536x1536":["https:\/\/www.europaskolan.se\/strangnas\/wp-content\/uploads\/sites\/2\/2014\/01\/overgangstalle-1.jpg",680,193,false],"2048x2048":["https:\/\/www.europaskolan.se\/strangnas\/wp-content\/uploads\/sites\/2\/2014\/01\/overgangstalle-1.jpg",680,193,false],"sow-carousel-default":["https:\/\/www.europaskolan.se\/strangnas\/wp-content\/uploads\/sites\/2\/2014\/01\/overgangstalle-1.jpg",272,77,false]},"rttpg_author":{"display_name":"camilla","author_link":"https:\/\/www.europaskolan.se\/strangnas\/author\/camilla\/"},"rttpg_comment":0,"rttpg_category":"<a href=\"https:\/\/www.europaskolan.se\/strangnas\/category\/aktuellt-europaskolan-strangnas\/\" rel=\"category tag\">Aktuellt \u2013 Europaskolan Str\u00e4ngn\u00e4s<\/a>","rttpg_excerpt":"Ett nytt \u00f6verg\u00e5ngsst\u00e4lle kommer att ordnas vid gymnasiet, efter f\u00f6rslag fr\u00e5n Europak\u00e5ren. Europak\u00e5ren kan i dag delge gl\u00e4djande nyheter ang\u00e5ende det f\u00f6rslag om s\u00e4kerhetsf\u00f6rb\u00e4ttringar i trafiken p\u00e5 Storgatan som togs upp redan f\u00f6rra \u00e5ret av K\u00e5ren. Fr\u00e5gan har nu godk\u00e4nns av Str\u00e4ngn\u00e4s kommun och ett nytt \u00f6verg\u00e5ngsst\u00e4lle kommer att ordnas i april om allt g\u00e5r&hellip;","_links":{"self":[{"href":"https:\/\/www.europaskolan.se\/strangnas\/wp-json\/wp\/v2\/posts\/4676","targetHints":{"allow":["GET"]}}],"collection":[{"href":"https:\/\/www.europaskolan.se\/strangnas\/wp-json\/wp\/v2\/posts"}],"about":[{"href":"https:\/\/www.europaskolan.se\/strangnas\/wp-json\/wp\/v2\/types\/post"}],"author":[{"embeddable":true,"href":"https:\/\/www.europaskolan.se\/strangnas\/wp-json\/wp\/v2\/users\/2"}],"replies":[{"embeddable":true,"href":"https:\/\/www.europaskolan.se\/strangnas\/wp-json\/wp\/v2\/comments?post=4676"}],"version-history":[{"count":0,"href":"https:\/\/www.europaskolan.se\/strangnas\/wp-json\/wp\/v2\/posts\/4676\/revisions"}],"wp:featuredmedia":[{"embeddable":true,"href":"https:\/\/www.europaskolan.se\/strangnas\/wp-json\/wp\/v2\/media\/4677"}],"wp:attachment":[{"href":"https:\/\/www.europaskolan.se\/strangnas\/wp-json\/wp\/v2\/media?parent=4676"}],"wp:term":[{"taxonomy":"category","embeddable":true,"href":"https:\/\/www.europaskolan.se\/strangnas\/wp-json\/wp\/v2\/categories?post=4676"},{"taxonomy":"post_tag","embeddable":true,"href":"https:\/\/www.europaskolan.se\/strangnas\/wp-json\/wp\/v2\/tags?post=4676"}],"curies":[{"name":"wp","href":"https:\/\/api.w.org\/{rel}","templated":true}]}}