{"id":4381,"date":"2013-12-23T21:07:56","date_gmt":"2013-12-23T20:07:56","guid":{"rendered":"https:\/\/www.europaskolan.se\/?p=4381"},"modified":"2019-05-27T17:48:33","modified_gmt":"2019-05-27T15:48:33","slug":"spraktidning-av-eleverna-pa-gymnasiet","status":"publish","type":"post","link":"https:\/\/www.europaskolan.se\/strangnas\/spraktidning-av-eleverna-pa-gymnasiet\/","title":{"rendered":"Spr\u00e5ktidning av eleverna p\u00e5 gymnasiet"},"content":{"rendered":"<p><img fetchpriority=\"high\" decoding=\"async\" class=\"alignnone size-full wp-image-4385\" src=\"https:\/\/www.europaskolan.se\/strangnas\/wp-content\/uploads\/sites\/2\/2013\/12\/spraktidning-1.jpg\" alt=\"\" width=\"680\" height=\"213\" srcset=\"https:\/\/www.europaskolan.se\/strangnas\/wp-content\/uploads\/sites\/2\/2013\/12\/spraktidning-1.jpg 680w, https:\/\/www.europaskolan.se\/strangnas\/wp-content\/uploads\/sites\/2\/2013\/12\/spraktidning-1-300x94.jpg 300w\" sizes=\"(max-width: 680px) 100vw, 680px\" \/><\/p>\n<h3>Eleverna p\u00e5 Europaskolan Str\u00e4ngn\u00e4s har startat en spr\u00e5ktidning, med artiklar p\u00e5 olika spr\u00e5k<\/h3>\n<p><strong>Under h\u00f6sten 2013 har de elever som studerar spr\u00e5k skrivit artiklar om ett aktuellt tema.<\/strong>\u00a0De har ocks\u00e5 t\u00e4vlat med artiklar under Spr\u00e5kdagen, som arrangerades i september.\u00a0<a href=\"http:\/\/www.skolverket.se\/skolutveckling\/larande\/sprak\/sprakdagen-1.83492\">L\u00e4s mer h\u00e4r &gt;<\/a><\/p>\n<p><strong>Nu kan du l\u00e4sa flera av artiklarna i den nystartade spr\u00e5ktidningen<\/strong>, som tagits fram i samarbete mellan eleverna och spr\u00e5kl\u00e4rarna. <a href=\"https:\/\/www.europaskolan.se\/strangnas\/wp-content\/uploads\/sites\/2\/2013\/12\/Spraktidning-finito-1.pdf\">H\u00e4r hittar du tidningen &gt;<\/a><\/p>\n<p><strong>Syftet med tidningen \u00e4r att anv\u00e4nda spr\u00e5k mer och visa vad vi jobbar med p\u00e5 Europaskolan Str\u00e4ngn\u00e4s.<\/strong>\u00a0Att studera spr\u00e5k hos oss \u00e4r roligt! Det finns ocks\u00e5 m\u00e5nga spr\u00e5k att v\u00e4lja bland.<\/p>\n<p>Trevlig l\u00e4sning!<\/p>\n<p><em>Letizia Montagnani<\/em><\/p>\n","protected":false},"excerpt":{"rendered":"<p>Eleverna p\u00e5 Europaskolan Str\u00e4ngn\u00e4s har startat en spr\u00e5ktidning, med artiklar p\u00e5 olika spr\u00e5k Under h\u00f6sten 2013 har de elever som studerar spr\u00e5k skrivit artiklar om ett aktuellt tema.\u00a0De har ocks\u00e5 t\u00e4vlat med artiklar under Spr\u00e5kdagen, som arrangerades i september.\u00a0L\u00e4s mer h\u00e4r &gt; Nu kan du l\u00e4sa flera av artiklarna i den nystartade spr\u00e5ktidningen, som tagits [&hellip;]<\/p>\n","protected":false},"author":2,"featured_media":4385,"comment_status":"closed","ping_status":"closed","sticky":false,"template":"","format":"standard","meta":{"footnotes":""},"categories":[3],"tags":[],"class_list":["post-4381","post","type-post","status-publish","format-standard","has-post-thumbnail","hentry","category-aktuellt-europaskolan-strangnas"],"blocksy_meta":[],"rttpg_featured_image_url":{"full":["https:\/\/www.europaskolan.se\/strangnas\/wp-content\/uploads\/sites\/2\/2013\/12\/spraktidning-1.jpg",680,213,false],"landscape":["https:\/\/www.europaskolan.se\/strangnas\/wp-content\/uploads\/sites\/2\/2013\/12\/spraktidning-1.jpg",680,213,false],"portraits":["https:\/\/www.europaskolan.se\/strangnas\/wp-content\/uploads\/sites\/2\/2013\/12\/spraktidning-1.jpg",680,213,false],"thumbnail":["https:\/\/www.europaskolan.se\/strangnas\/wp-content\/uploads\/sites\/2\/2013\/12\/spraktidning-1-150x150.jpg",150,150,true],"medium":["https:\/\/www.europaskolan.se\/strangnas\/wp-content\/uploads\/sites\/2\/2013\/12\/spraktidning-1-300x94.jpg",300,94,true],"large":["https:\/\/www.europaskolan.se\/strangnas\/wp-content\/uploads\/sites\/2\/2013\/12\/spraktidning-1.jpg",680,213,false],"1536x1536":["https:\/\/www.europaskolan.se\/strangnas\/wp-content\/uploads\/sites\/2\/2013\/12\/spraktidning-1.jpg",680,213,false],"2048x2048":["https:\/\/www.europaskolan.se\/strangnas\/wp-content\/uploads\/sites\/2\/2013\/12\/spraktidning-1.jpg",680,213,false],"sow-carousel-default":["https:\/\/www.europaskolan.se\/strangnas\/wp-content\/uploads\/sites\/2\/2013\/12\/spraktidning-1.jpg",272,85,false]},"rttpg_author":{"display_name":"camilla","author_link":"https:\/\/www.europaskolan.se\/strangnas\/author\/camilla\/"},"rttpg_comment":0,"rttpg_category":"<a href=\"https:\/\/www.europaskolan.se\/strangnas\/category\/aktuellt-europaskolan-strangnas\/\" rel=\"category tag\">Aktuellt \u2013 Europaskolan Str\u00e4ngn\u00e4s<\/a>","rttpg_excerpt":"Eleverna p\u00e5 Europaskolan Str\u00e4ngn\u00e4s har startat en spr\u00e5ktidning, med artiklar p\u00e5 olika spr\u00e5k Under h\u00f6sten 2013 har de elever som studerar spr\u00e5k skrivit artiklar om ett aktuellt tema.\u00a0De har ocks\u00e5 t\u00e4vlat med artiklar under Spr\u00e5kdagen, som arrangerades i september.\u00a0L\u00e4s mer h\u00e4r &gt; Nu kan du l\u00e4sa flera av artiklarna i den nystartade spr\u00e5ktidningen, som tagits&hellip;","_links":{"self":[{"href":"https:\/\/www.europaskolan.se\/strangnas\/wp-json\/wp\/v2\/posts\/4381","targetHints":{"allow":["GET"]}}],"collection":[{"href":"https:\/\/www.europaskolan.se\/strangnas\/wp-json\/wp\/v2\/posts"}],"about":[{"href":"https:\/\/www.europaskolan.se\/strangnas\/wp-json\/wp\/v2\/types\/post"}],"author":[{"embeddable":true,"href":"https:\/\/www.europaskolan.se\/strangnas\/wp-json\/wp\/v2\/users\/2"}],"replies":[{"embeddable":true,"href":"https:\/\/www.europaskolan.se\/strangnas\/wp-json\/wp\/v2\/comments?post=4381"}],"version-history":[{"count":0,"href":"https:\/\/www.europaskolan.se\/strangnas\/wp-json\/wp\/v2\/posts\/4381\/revisions"}],"wp:featuredmedia":[{"embeddable":true,"href":"https:\/\/www.europaskolan.se\/strangnas\/wp-json\/wp\/v2\/media\/4385"}],"wp:attachment":[{"href":"https:\/\/www.europaskolan.se\/strangnas\/wp-json\/wp\/v2\/media?parent=4381"}],"wp:term":[{"taxonomy":"category","embeddable":true,"href":"https:\/\/www.europaskolan.se\/strangnas\/wp-json\/wp\/v2\/categories?post=4381"},{"taxonomy":"post_tag","embeddable":true,"href":"https:\/\/www.europaskolan.se\/strangnas\/wp-json\/wp\/v2\/tags?post=4381"}],"curies":[{"name":"wp","href":"https:\/\/api.w.org\/{rel}","templated":true}]}}