{"id":4357,"date":"2013-12-16T10:01:01","date_gmt":"2013-12-16T09:01:01","guid":{"rendered":"https:\/\/www.europaskolan.se\/?p=4357"},"modified":"2019-05-28T09:18:10","modified_gmt":"2019-05-28T07:18:10","slug":"louise-har-varit-pa-model-european-parliament","status":"publish","type":"post","link":"https:\/\/www.europaskolan.se\/strangnas\/louise-har-varit-pa-model-european-parliament\/","title":{"rendered":"Louise har varit p\u00e5 Model European Parliament"},"content":{"rendered":"<h3><img fetchpriority=\"high\" decoding=\"async\" class=\"alignnone size-full wp-image-4359\" src=\"https:\/\/www.europaskolan.se\/strangnas\/wp-content\/uploads\/sites\/2\/2013\/12\/MEP2-1.jpg\" alt=\"\" width=\"680\" height=\"250\" srcset=\"https:\/\/www.europaskolan.se\/strangnas\/wp-content\/uploads\/sites\/2\/2013\/12\/MEP2-1.jpg 680w, https:\/\/www.europaskolan.se\/strangnas\/wp-content\/uploads\/sites\/2\/2013\/12\/MEP2-1-300x110.jpg 300w\" sizes=\"(max-width: 680px) 100vw, 680px\" \/><\/h3>\n<h3>Louise \u00d6stvik i F\u00d611 ber\u00e4ttar om sin vecka p\u00e5 MEP\u00a0\u2013 en upplevelse f\u00f6r livet<\/h3>\n<p><b>I april \u00e5kte en av Europaskolan Str\u00e4ngn\u00e4s elever till England<\/b>, n\u00e4rmare best\u00e4mt Norwich.\u00a0M\u00e5let var MEP, som st\u00e5r f\u00f6r Model European Parliament. Det \u00e4r ett internationellt projekt f\u00f6r ungdomar, som samlas f\u00f6r diskussion och debatt kring EU-politik.<\/p>\n<p><b>Det blev en vecka fylld av intryck, nya v\u00e4nner och \u2013 inte minst \u2013 politik. <\/b>Nu har Louise<b> <\/b>sammanfattat \u00a0sin upplevelse i en reserapport.\u00a0<a href=\"https:\/\/www.europaskolan.se\/strangnas\/wp-content\/uploads\/sites\/2\/2013\/12\/The_MEP_Experience_Louise-1.pdf\">H\u00e4r kan du l\u00e4sa hennes ber\u00e4ttelse &gt;<\/a><\/p>\n<p><b>Att delta i MEP \u00e4r en upplevelse som Louise varmt kan rekommendera.<\/b> Det \u00e4r ocks\u00e5 ett utomordentligt s\u00e4tt f\u00f6r Europaskolan Str\u00e4ngn\u00e4s att profilera sig, b\u00e5de i Sverige och Europa.\u00a0Hon hoppas att fler elever f\u00e5r m\u00f6jligheten och f\u00f6ruts\u00e4ttningarna att g\u00f6ra samma resa.<\/p>\n<p>Vi tackar Louise f\u00f6r hennes insatser under MEP. Det ypperliga omd\u00f6me hon fick\u00a0g\u00f6r oss extra glada.<\/p>\n<p><i>Thomas Axelsson<\/i><\/p>\n<p><a href=\"http:\/\/www.mepnorwich2013.org\/\">L\u00e4s mer om MEP &gt;\u00a0<\/a><\/p>\n","protected":false},"excerpt":{"rendered":"<p>Louise \u00d6stvik i F\u00d611 ber\u00e4ttar om sin vecka p\u00e5 MEP\u00a0\u2013 en upplevelse f\u00f6r livet I april \u00e5kte en av Europaskolan Str\u00e4ngn\u00e4s elever till England, n\u00e4rmare best\u00e4mt Norwich.\u00a0M\u00e5let var MEP, som st\u00e5r f\u00f6r Model European Parliament. Det \u00e4r ett internationellt projekt f\u00f6r ungdomar, som samlas f\u00f6r diskussion och debatt kring EU-politik. Det blev en vecka fylld [&hellip;]<\/p>\n","protected":false},"author":2,"featured_media":4360,"comment_status":"closed","ping_status":"closed","sticky":false,"template":"","format":"standard","meta":{"footnotes":""},"categories":[11],"tags":[],"class_list":["post-4357","post","type-post","status-publish","format-standard","has-post-thumbnail","hentry","category-utmarkelser-europaskolan-strangnas"],"blocksy_meta":[],"rttpg_featured_image_url":{"full":["https:\/\/www.europaskolan.se\/strangnas\/wp-content\/uploads\/sites\/2\/2013\/12\/MEP3-1.jpg",680,250,false],"landscape":["https:\/\/www.europaskolan.se\/strangnas\/wp-content\/uploads\/sites\/2\/2013\/12\/MEP3-1.jpg",680,250,false],"portraits":["https:\/\/www.europaskolan.se\/strangnas\/wp-content\/uploads\/sites\/2\/2013\/12\/MEP3-1.jpg",680,250,false],"thumbnail":["https:\/\/www.europaskolan.se\/strangnas\/wp-content\/uploads\/sites\/2\/2013\/12\/MEP3-1-150x150.jpg",150,150,true],"medium":["https:\/\/www.europaskolan.se\/strangnas\/wp-content\/uploads\/sites\/2\/2013\/12\/MEP3-1-300x110.jpg",300,110,true],"large":["https:\/\/www.europaskolan.se\/strangnas\/wp-content\/uploads\/sites\/2\/2013\/12\/MEP3-1.jpg",680,250,false],"1536x1536":["https:\/\/www.europaskolan.se\/strangnas\/wp-content\/uploads\/sites\/2\/2013\/12\/MEP3-1.jpg",680,250,false],"2048x2048":["https:\/\/www.europaskolan.se\/strangnas\/wp-content\/uploads\/sites\/2\/2013\/12\/MEP3-1.jpg",680,250,false],"sow-carousel-default":["https:\/\/www.europaskolan.se\/strangnas\/wp-content\/uploads\/sites\/2\/2013\/12\/MEP3-1.jpg",272,100,false]},"rttpg_author":{"display_name":"camilla","author_link":"https:\/\/www.europaskolan.se\/strangnas\/author\/camilla\/"},"rttpg_comment":0,"rttpg_category":"<a href=\"https:\/\/www.europaskolan.se\/strangnas\/category\/utmarkelser-europaskolan-strangnas\/\" rel=\"category tag\">Utm\u00e4rkelser \u2013 Europaskolan Str\u00e4ngn\u00e4s<\/a>","rttpg_excerpt":"Louise \u00d6stvik i F\u00d611 ber\u00e4ttar om sin vecka p\u00e5 MEP\u00a0\u2013 en upplevelse f\u00f6r livet I april \u00e5kte en av Europaskolan Str\u00e4ngn\u00e4s elever till England, n\u00e4rmare best\u00e4mt Norwich.\u00a0M\u00e5let var MEP, som st\u00e5r f\u00f6r Model European Parliament. Det \u00e4r ett internationellt projekt f\u00f6r ungdomar, som samlas f\u00f6r diskussion och debatt kring EU-politik. Det blev en vecka fylld&hellip;","_links":{"self":[{"href":"https:\/\/www.europaskolan.se\/strangnas\/wp-json\/wp\/v2\/posts\/4357","targetHints":{"allow":["GET"]}}],"collection":[{"href":"https:\/\/www.europaskolan.se\/strangnas\/wp-json\/wp\/v2\/posts"}],"about":[{"href":"https:\/\/www.europaskolan.se\/strangnas\/wp-json\/wp\/v2\/types\/post"}],"author":[{"embeddable":true,"href":"https:\/\/www.europaskolan.se\/strangnas\/wp-json\/wp\/v2\/users\/2"}],"replies":[{"embeddable":true,"href":"https:\/\/www.europaskolan.se\/strangnas\/wp-json\/wp\/v2\/comments?post=4357"}],"version-history":[{"count":0,"href":"https:\/\/www.europaskolan.se\/strangnas\/wp-json\/wp\/v2\/posts\/4357\/revisions"}],"wp:featuredmedia":[{"embeddable":true,"href":"https:\/\/www.europaskolan.se\/strangnas\/wp-json\/wp\/v2\/media\/4360"}],"wp:attachment":[{"href":"https:\/\/www.europaskolan.se\/strangnas\/wp-json\/wp\/v2\/media?parent=4357"}],"wp:term":[{"taxonomy":"category","embeddable":true,"href":"https:\/\/www.europaskolan.se\/strangnas\/wp-json\/wp\/v2\/categories?post=4357"},{"taxonomy":"post_tag","embeddable":true,"href":"https:\/\/www.europaskolan.se\/strangnas\/wp-json\/wp\/v2\/tags?post=4357"}],"curies":[{"name":"wp","href":"https:\/\/api.w.org\/{rel}","templated":true}]}}