{"id":4344,"date":"2013-12-11T17:31:35","date_gmt":"2013-12-11T16:31:35","guid":{"rendered":"https:\/\/www.europaskolan.se\/?p=4344"},"modified":"2019-05-28T09:15:44","modified_gmt":"2019-05-28T07:15:44","slug":"lovisa-far-stipendium-for-att-studera-i-japan","status":"publish","type":"post","link":"https:\/\/www.europaskolan.se\/strangnas\/lovisa-far-stipendium-for-att-studera-i-japan\/","title":{"rendered":"Lovisa f\u00e5r stipendium  f\u00f6r att studera i Japan"},"content":{"rendered":"<p><a href=\"http:\/\/strangnas.europaskolan.org\/wp-content\/uploads\/2013\/12\/japan.jpg\"><img fetchpriority=\"high\" decoding=\"async\" class=\"alignnone wp-image-4345 size-full\" src=\"https:\/\/www.europaskolan.se\/strangnas\/wp-content\/uploads\/sites\/2\/2013\/12\/japan-1.jpg\" alt=\"japan\" width=\"680\" height=\"223\" srcset=\"https:\/\/www.europaskolan.se\/strangnas\/wp-content\/uploads\/sites\/2\/2013\/12\/japan-1.jpg 680w, https:\/\/www.europaskolan.se\/strangnas\/wp-content\/uploads\/sites\/2\/2013\/12\/japan-1-300x98.jpg 300w\" sizes=\"(max-width: 680px) 100vw, 680px\" \/><\/a><\/p>\n<h3>Som en av de 120 b\u00e4sta i v\u00e4rlden, f\u00e5r Lovisa Segersv\u00e4rd\u00a0ett stipendium till Japan<\/h3>\n<p><b>Lovisa gick ut Europaskolan Str\u00e4ngn\u00e4s \u00e5r 2011<\/b>. Efter det var hon utbytesstudent i Japan ett \u00e5r, n\u00e5got vi fick veta mer om d\u00e5 hon bes\u00f6kte oss i h\u00f6stas.<\/p>\n<p><b>Nu b\u00e4r det iv\u00e4g igen, denna g\u00e5ng f\u00f6r universitetsstudier. <\/b>Bland \u00e5tskilliga s\u00f6kande har Lovisa blivit en av 120 som f\u00e5r ett mycket f\u00f6rm\u00e5nligt stipendium. Stipendiet inkluderar avgift f\u00f6r studier, boende och till och med fickpengar.<\/p>\n<p><b>Lovisa har valt att studera till konditor<\/b>, vilket i Japan betyder tre \u00e5r p\u00e5 universitetet. D\u00e4r kommer hon bland annat att l\u00e4ra sig g\u00f6ra bakverk med yttersta precision.<\/p>\n<p>Varmt lycka till, Lovisa! Vi \u00e4r mycket stolta \u00f6ver dina framg\u00e5ngar.<\/p>\n<p><i>Thomas Axelsson<\/i><\/p>\n","protected":false},"excerpt":{"rendered":"<p>Som en av de 120 b\u00e4sta i v\u00e4rlden, f\u00e5r Lovisa Segersv\u00e4rd\u00a0ett stipendium till Japan Lovisa gick ut Europaskolan Str\u00e4ngn\u00e4s \u00e5r 2011. Efter det var hon utbytesstudent i Japan ett \u00e5r, n\u00e5got vi fick veta mer om d\u00e5 hon bes\u00f6kte oss i h\u00f6stas. Nu b\u00e4r det iv\u00e4g igen, denna g\u00e5ng f\u00f6r universitetsstudier. Bland \u00e5tskilliga s\u00f6kande har [&hellip;]<\/p>\n","protected":false},"author":2,"featured_media":4345,"comment_status":"closed","ping_status":"closed","sticky":false,"template":"","format":"standard","meta":{"footnotes":""},"categories":[11],"tags":[],"class_list":["post-4344","post","type-post","status-publish","format-standard","has-post-thumbnail","hentry","category-utmarkelser-europaskolan-strangnas"],"blocksy_meta":[],"rttpg_featured_image_url":{"full":["https:\/\/www.europaskolan.se\/strangnas\/wp-content\/uploads\/sites\/2\/2013\/12\/japan-1.jpg",680,223,false],"landscape":["https:\/\/www.europaskolan.se\/strangnas\/wp-content\/uploads\/sites\/2\/2013\/12\/japan-1.jpg",680,223,false],"portraits":["https:\/\/www.europaskolan.se\/strangnas\/wp-content\/uploads\/sites\/2\/2013\/12\/japan-1.jpg",680,223,false],"thumbnail":["https:\/\/www.europaskolan.se\/strangnas\/wp-content\/uploads\/sites\/2\/2013\/12\/japan-1-150x150.jpg",150,150,true],"medium":["https:\/\/www.europaskolan.se\/strangnas\/wp-content\/uploads\/sites\/2\/2013\/12\/japan-1-300x98.jpg",300,98,true],"large":["https:\/\/www.europaskolan.se\/strangnas\/wp-content\/uploads\/sites\/2\/2013\/12\/japan-1.jpg",680,223,false],"1536x1536":["https:\/\/www.europaskolan.se\/strangnas\/wp-content\/uploads\/sites\/2\/2013\/12\/japan-1.jpg",680,223,false],"2048x2048":["https:\/\/www.europaskolan.se\/strangnas\/wp-content\/uploads\/sites\/2\/2013\/12\/japan-1.jpg",680,223,false],"sow-carousel-default":["https:\/\/www.europaskolan.se\/strangnas\/wp-content\/uploads\/sites\/2\/2013\/12\/japan-1.jpg",272,89,false]},"rttpg_author":{"display_name":"camilla","author_link":"https:\/\/www.europaskolan.se\/strangnas\/author\/camilla\/"},"rttpg_comment":0,"rttpg_category":"<a href=\"https:\/\/www.europaskolan.se\/strangnas\/category\/utmarkelser-europaskolan-strangnas\/\" rel=\"category tag\">Utm\u00e4rkelser \u2013 Europaskolan Str\u00e4ngn\u00e4s<\/a>","rttpg_excerpt":"Som en av de 120 b\u00e4sta i v\u00e4rlden, f\u00e5r Lovisa Segersv\u00e4rd\u00a0ett stipendium till Japan Lovisa gick ut Europaskolan Str\u00e4ngn\u00e4s \u00e5r 2011. Efter det var hon utbytesstudent i Japan ett \u00e5r, n\u00e5got vi fick veta mer om d\u00e5 hon bes\u00f6kte oss i h\u00f6stas. Nu b\u00e4r det iv\u00e4g igen, denna g\u00e5ng f\u00f6r universitetsstudier. Bland \u00e5tskilliga s\u00f6kande har&hellip;","_links":{"self":[{"href":"https:\/\/www.europaskolan.se\/strangnas\/wp-json\/wp\/v2\/posts\/4344","targetHints":{"allow":["GET"]}}],"collection":[{"href":"https:\/\/www.europaskolan.se\/strangnas\/wp-json\/wp\/v2\/posts"}],"about":[{"href":"https:\/\/www.europaskolan.se\/strangnas\/wp-json\/wp\/v2\/types\/post"}],"author":[{"embeddable":true,"href":"https:\/\/www.europaskolan.se\/strangnas\/wp-json\/wp\/v2\/users\/2"}],"replies":[{"embeddable":true,"href":"https:\/\/www.europaskolan.se\/strangnas\/wp-json\/wp\/v2\/comments?post=4344"}],"version-history":[{"count":0,"href":"https:\/\/www.europaskolan.se\/strangnas\/wp-json\/wp\/v2\/posts\/4344\/revisions"}],"wp:featuredmedia":[{"embeddable":true,"href":"https:\/\/www.europaskolan.se\/strangnas\/wp-json\/wp\/v2\/media\/4345"}],"wp:attachment":[{"href":"https:\/\/www.europaskolan.se\/strangnas\/wp-json\/wp\/v2\/media?parent=4344"}],"wp:term":[{"taxonomy":"category","embeddable":true,"href":"https:\/\/www.europaskolan.se\/strangnas\/wp-json\/wp\/v2\/categories?post=4344"},{"taxonomy":"post_tag","embeddable":true,"href":"https:\/\/www.europaskolan.se\/strangnas\/wp-json\/wp\/v2\/tags?post=4344"}],"curies":[{"name":"wp","href":"https:\/\/api.w.org\/{rel}","templated":true}]}}