{"id":4299,"date":"2013-12-06T10:57:38","date_gmt":"2013-12-06T09:57:38","guid":{"rendered":"https:\/\/www.europaskolan.se\/?p=4299"},"modified":"2019-05-28T09:15:03","modified_gmt":"2019-05-28T07:15:03","slug":"elever-fran-gymnasiet-ar-bland-arets-101-supertalanger","status":"publish","type":"post","link":"https:\/\/www.europaskolan.se\/strangnas\/elever-fran-gymnasiet-ar-bland-arets-101-supertalanger\/","title":{"rendered":"Elever fr\u00e5n gymnasiet \u00e4r bland \u00c5rets 101 Supertalanger"},"content":{"rendered":"<p><img fetchpriority=\"high\" decoding=\"async\" class=\"alignnone wp-image-4303 size-full\" src=\"https:\/\/www.europaskolan.se\/strangnas\/wp-content\/uploads\/sites\/2\/2013\/12\/101-1.jpg\" alt=\"101\" width=\"600\" height=\"300\" srcset=\"https:\/\/www.europaskolan.se\/strangnas\/wp-content\/uploads\/sites\/2\/2013\/12\/101-1.jpg 600w, https:\/\/www.europaskolan.se\/strangnas\/wp-content\/uploads\/sites\/2\/2013\/12\/101-1-300x150.jpg 300w\" sizes=\"(max-width: 600px) 100vw, 600px\" \/><\/p>\n<h3>Tv\u00e5 elever fr\u00e5n Europaskolan Str\u00e4ngn\u00e4s \u00e4r bland\u00a0\u00c5rets 101 Supertalanger\u00a0i Veckans Aff\u00e4rer<\/h3>\n<p><b>Det har g\u00e5tt bra f\u00f6r Josefine Uppling och Olof Sundberg <\/b>(i dag 31 \u00e5r), som g\u00e5tt gymnasiet p\u00e5 Europaskolan Str\u00e4ngn\u00e4s. Nu finns de med i listan \u00f6ver \u00c5rets 101 Supertalanger, som Veckans Aff\u00e4rer publicerade den 5 december.<\/p>\n<p><b>Josefine Uppling<\/b> <b>\u00e4r i dag kommunikationskonsult i Swedbank.<\/b> Hon har gjort karri\u00e4r via Timbro och egen konsultfirma, med uppdrag som konsult i flera storbolag.<\/p>\n<p><b>Olof Sundberg \u00e4r i dag chefsjurist p\u00e5 Nordic Growth Market. <\/b>Tidigare var han bitr\u00e4dande jurist p\u00e5 advokatkontor.<\/p>\n<p><b>Vi vill gratulera Josefine och Olof till deras framg\u00e5ngar.<\/b> \u00c5terigen har vi f\u00e5tt exempel p\u00e5\u00a0vilka m\u00f6jligheter som kan v\u00e4nta efter en utbildning p\u00e5 Europaskolan Str\u00e4ngn\u00e4s.<\/p>\n<p>Lycka \u00e4ven i forts\u00e4ttningen!<i><br \/>\n<\/i><br \/>\n<i>Thomas Axelsson<\/i><\/p>\n<p><a href=\"http:\/\/www.va.se\/ledarskap\/supertalanger1\/hela-listan-sveriges-supertalanger-2012-474726\">L\u00e4s mer i Veckans Aff\u00e4rer &gt;<\/a><\/p>\n","protected":false},"excerpt":{"rendered":"<p>Tv\u00e5 elever fr\u00e5n Europaskolan Str\u00e4ngn\u00e4s \u00e4r bland\u00a0\u00c5rets 101 Supertalanger\u00a0i Veckans Aff\u00e4rer Det har g\u00e5tt bra f\u00f6r Josefine Uppling och Olof Sundberg (i dag 31 \u00e5r), som g\u00e5tt gymnasiet p\u00e5 Europaskolan Str\u00e4ngn\u00e4s. Nu finns de med i listan \u00f6ver \u00c5rets 101 Supertalanger, som Veckans Aff\u00e4rer publicerade den 5 december. Josefine Uppling \u00e4r i dag kommunikationskonsult i [&hellip;]<\/p>\n","protected":false},"author":2,"featured_media":4320,"comment_status":"closed","ping_status":"closed","sticky":false,"template":"","format":"standard","meta":{"footnotes":""},"categories":[11],"tags":[],"class_list":["post-4299","post","type-post","status-publish","format-standard","has-post-thumbnail","hentry","category-utmarkelser-europaskolan-strangnas"],"blocksy_meta":[],"rttpg_featured_image_url":{"full":["https:\/\/www.europaskolan.se\/strangnas\/wp-content\/uploads\/sites\/2\/2013\/12\/toppelever1-1.jpg",501,251,false],"landscape":["https:\/\/www.europaskolan.se\/strangnas\/wp-content\/uploads\/sites\/2\/2013\/12\/toppelever1-1.jpg",501,251,false],"portraits":["https:\/\/www.europaskolan.se\/strangnas\/wp-content\/uploads\/sites\/2\/2013\/12\/toppelever1-1.jpg",501,251,false],"thumbnail":["https:\/\/www.europaskolan.se\/strangnas\/wp-content\/uploads\/sites\/2\/2013\/12\/toppelever1-1-150x150.jpg",150,150,true],"medium":["https:\/\/www.europaskolan.se\/strangnas\/wp-content\/uploads\/sites\/2\/2013\/12\/toppelever1-1-300x150.jpg",300,150,true],"large":["https:\/\/www.europaskolan.se\/strangnas\/wp-content\/uploads\/sites\/2\/2013\/12\/toppelever1-1.jpg",501,251,false],"1536x1536":["https:\/\/www.europaskolan.se\/strangnas\/wp-content\/uploads\/sites\/2\/2013\/12\/toppelever1-1.jpg",501,251,false],"2048x2048":["https:\/\/www.europaskolan.se\/strangnas\/wp-content\/uploads\/sites\/2\/2013\/12\/toppelever1-1.jpg",501,251,false],"sow-carousel-default":["https:\/\/www.europaskolan.se\/strangnas\/wp-content\/uploads\/sites\/2\/2013\/12\/toppelever1-1.jpg",272,136,false]},"rttpg_author":{"display_name":"camilla","author_link":"https:\/\/www.europaskolan.se\/strangnas\/author\/camilla\/"},"rttpg_comment":0,"rttpg_category":"<a href=\"https:\/\/www.europaskolan.se\/strangnas\/category\/utmarkelser-europaskolan-strangnas\/\" rel=\"category tag\">Utm\u00e4rkelser \u2013 Europaskolan Str\u00e4ngn\u00e4s<\/a>","rttpg_excerpt":"Tv\u00e5 elever fr\u00e5n Europaskolan Str\u00e4ngn\u00e4s \u00e4r bland\u00a0\u00c5rets 101 Supertalanger\u00a0i Veckans Aff\u00e4rer Det har g\u00e5tt bra f\u00f6r Josefine Uppling och Olof Sundberg (i dag 31 \u00e5r), som g\u00e5tt gymnasiet p\u00e5 Europaskolan Str\u00e4ngn\u00e4s. Nu finns de med i listan \u00f6ver \u00c5rets 101 Supertalanger, som Veckans Aff\u00e4rer publicerade den 5 december. Josefine Uppling \u00e4r i dag kommunikationskonsult i&hellip;","_links":{"self":[{"href":"https:\/\/www.europaskolan.se\/strangnas\/wp-json\/wp\/v2\/posts\/4299","targetHints":{"allow":["GET"]}}],"collection":[{"href":"https:\/\/www.europaskolan.se\/strangnas\/wp-json\/wp\/v2\/posts"}],"about":[{"href":"https:\/\/www.europaskolan.se\/strangnas\/wp-json\/wp\/v2\/types\/post"}],"author":[{"embeddable":true,"href":"https:\/\/www.europaskolan.se\/strangnas\/wp-json\/wp\/v2\/users\/2"}],"replies":[{"embeddable":true,"href":"https:\/\/www.europaskolan.se\/strangnas\/wp-json\/wp\/v2\/comments?post=4299"}],"version-history":[{"count":0,"href":"https:\/\/www.europaskolan.se\/strangnas\/wp-json\/wp\/v2\/posts\/4299\/revisions"}],"wp:featuredmedia":[{"embeddable":true,"href":"https:\/\/www.europaskolan.se\/strangnas\/wp-json\/wp\/v2\/media\/4320"}],"wp:attachment":[{"href":"https:\/\/www.europaskolan.se\/strangnas\/wp-json\/wp\/v2\/media?parent=4299"}],"wp:term":[{"taxonomy":"category","embeddable":true,"href":"https:\/\/www.europaskolan.se\/strangnas\/wp-json\/wp\/v2\/categories?post=4299"},{"taxonomy":"post_tag","embeddable":true,"href":"https:\/\/www.europaskolan.se\/strangnas\/wp-json\/wp\/v2\/tags?post=4299"}],"curies":[{"name":"wp","href":"https:\/\/api.w.org\/{rel}","templated":true}]}}