{"id":4280,"date":"2013-12-06T09:23:26","date_gmt":"2013-12-06T08:23:26","guid":{"rendered":"https:\/\/www.europaskolan.se\/?p=4280"},"modified":"2019-05-27T17:46:52","modified_gmt":"2019-05-27T15:46:52","slug":"lydia-eklund-i-kf12-blir-strangnas-lucia","status":"publish","type":"post","link":"https:\/\/www.europaskolan.se\/strangnas\/lydia-eklund-i-kf12-blir-strangnas-lucia\/","title":{"rendered":"Lydia Eklund i EU12 blir Str\u00e4ngn\u00e4s lucia"},"content":{"rendered":"<p><img fetchpriority=\"high\" decoding=\"async\" class=\"alignnone size-full wp-image-4281\" src=\"https:\/\/www.europaskolan.se\/strangnas\/wp-content\/uploads\/sites\/2\/2013\/12\/Lydia_Eklund_luciakrona-1.jpg\" alt=\"\" width=\"678\" height=\"876\" srcset=\"https:\/\/www.europaskolan.se\/strangnas\/wp-content\/uploads\/sites\/2\/2013\/12\/Lydia_Eklund_luciakrona-1.jpg 678w, https:\/\/www.europaskolan.se\/strangnas\/wp-content\/uploads\/sites\/2\/2013\/12\/Lydia_Eklund_luciakrona-1-232x300.jpg 232w\" sizes=\"(max-width: 678px) 100vw, 678px\" \/><\/p>\n<h3>En elev fr\u00e5n Europaskolan Str\u00e4ngn\u00e4s blir stadens lucia 2013:<\/h3>\n<p>n\u00e4mligen Lydia Eklund i EU12. Det gl\u00e4djande beskedet kom i g\u00e5r, d\u00e5\u00a0Lions\u00a0bes\u00f6kte familjen med luciakrona och blommor.<\/p>\n<p>\u2013 Det h\u00e4r \u00e4r en dr\u00f6m som g\u00e5r i uppfyllelse! s\u00e4ger Lydia, som \u00e4ven \u00e4lskar att sjunga.<\/p>\n<p>Den 12 december \u00e4r det luciakonsert med kr\u00f6ning i Str\u00e4ngn\u00e4s domkyrka.<br \/>\n<a href=\"http:\/\/www.strangnas.se\/sv\/Uppleva-gora\/Evenemang\/\">L\u00e4s mer h\u00e4r &gt;<\/a><\/p>\n<p>Vi \u00e4r mycket stolta \u00f6ver \u00e5rets lucia och \u00f6nskar henne varmt lycka till med uppdraget!<\/p>\n<p><em>Thomas Axelsson<\/em><\/p>\n","protected":false},"excerpt":{"rendered":"<p>En elev fr\u00e5n Europaskolan Str\u00e4ngn\u00e4s blir stadens lucia 2013: n\u00e4mligen Lydia Eklund i EU12. Det gl\u00e4djande beskedet kom i g\u00e5r, d\u00e5\u00a0Lions\u00a0bes\u00f6kte familjen med luciakrona och blommor. \u2013 Det h\u00e4r \u00e4r en dr\u00f6m som g\u00e5r i uppfyllelse! s\u00e4ger Lydia, som \u00e4ven \u00e4lskar att sjunga. Den 12 december \u00e4r det luciakonsert med kr\u00f6ning i Str\u00e4ngn\u00e4s domkyrka. L\u00e4s [&hellip;]<\/p>\n","protected":false},"author":2,"featured_media":4291,"comment_status":"closed","ping_status":"closed","sticky":false,"template":"","format":"standard","meta":{"footnotes":""},"categories":[3],"tags":[],"class_list":["post-4280","post","type-post","status-publish","format-standard","has-post-thumbnail","hentry","category-aktuellt-europaskolan-strangnas"],"blocksy_meta":[],"rttpg_featured_image_url":{"full":["https:\/\/www.europaskolan.se\/strangnas\/wp-content\/uploads\/sites\/2\/2013\/12\/Lydia_Eklund_luciakrona2-1.jpg",678,558,false],"landscape":["https:\/\/www.europaskolan.se\/strangnas\/wp-content\/uploads\/sites\/2\/2013\/12\/Lydia_Eklund_luciakrona2-1.jpg",678,558,false],"portraits":["https:\/\/www.europaskolan.se\/strangnas\/wp-content\/uploads\/sites\/2\/2013\/12\/Lydia_Eklund_luciakrona2-1.jpg",678,558,false],"thumbnail":["https:\/\/www.europaskolan.se\/strangnas\/wp-content\/uploads\/sites\/2\/2013\/12\/Lydia_Eklund_luciakrona2-1-150x150.jpg",150,150,true],"medium":["https:\/\/www.europaskolan.se\/strangnas\/wp-content\/uploads\/sites\/2\/2013\/12\/Lydia_Eklund_luciakrona2-1-300x247.jpg",300,247,true],"large":["https:\/\/www.europaskolan.se\/strangnas\/wp-content\/uploads\/sites\/2\/2013\/12\/Lydia_Eklund_luciakrona2-1.jpg",678,558,false],"1536x1536":["https:\/\/www.europaskolan.se\/strangnas\/wp-content\/uploads\/sites\/2\/2013\/12\/Lydia_Eklund_luciakrona2-1.jpg",678,558,false],"2048x2048":["https:\/\/www.europaskolan.se\/strangnas\/wp-content\/uploads\/sites\/2\/2013\/12\/Lydia_Eklund_luciakrona2-1.jpg",678,558,false],"sow-carousel-default":["https:\/\/www.europaskolan.se\/strangnas\/wp-content\/uploads\/sites\/2\/2013\/12\/Lydia_Eklund_luciakrona2-1.jpg",221,182,false]},"rttpg_author":{"display_name":"camilla","author_link":"https:\/\/www.europaskolan.se\/strangnas\/author\/camilla\/"},"rttpg_comment":0,"rttpg_category":"<a href=\"https:\/\/www.europaskolan.se\/strangnas\/category\/aktuellt-europaskolan-strangnas\/\" rel=\"category tag\">Aktuellt \u2013 Europaskolan Str\u00e4ngn\u00e4s<\/a>","rttpg_excerpt":"En elev fr\u00e5n Europaskolan Str\u00e4ngn\u00e4s blir stadens lucia 2013: n\u00e4mligen Lydia Eklund i EU12. Det gl\u00e4djande beskedet kom i g\u00e5r, d\u00e5\u00a0Lions\u00a0bes\u00f6kte familjen med luciakrona och blommor. \u2013 Det h\u00e4r \u00e4r en dr\u00f6m som g\u00e5r i uppfyllelse! s\u00e4ger Lydia, som \u00e4ven \u00e4lskar att sjunga. Den 12 december \u00e4r det luciakonsert med kr\u00f6ning i Str\u00e4ngn\u00e4s domkyrka. L\u00e4s&hellip;","_links":{"self":[{"href":"https:\/\/www.europaskolan.se\/strangnas\/wp-json\/wp\/v2\/posts\/4280","targetHints":{"allow":["GET"]}}],"collection":[{"href":"https:\/\/www.europaskolan.se\/strangnas\/wp-json\/wp\/v2\/posts"}],"about":[{"href":"https:\/\/www.europaskolan.se\/strangnas\/wp-json\/wp\/v2\/types\/post"}],"author":[{"embeddable":true,"href":"https:\/\/www.europaskolan.se\/strangnas\/wp-json\/wp\/v2\/users\/2"}],"replies":[{"embeddable":true,"href":"https:\/\/www.europaskolan.se\/strangnas\/wp-json\/wp\/v2\/comments?post=4280"}],"version-history":[{"count":0,"href":"https:\/\/www.europaskolan.se\/strangnas\/wp-json\/wp\/v2\/posts\/4280\/revisions"}],"wp:featuredmedia":[{"embeddable":true,"href":"https:\/\/www.europaskolan.se\/strangnas\/wp-json\/wp\/v2\/media\/4291"}],"wp:attachment":[{"href":"https:\/\/www.europaskolan.se\/strangnas\/wp-json\/wp\/v2\/media?parent=4280"}],"wp:term":[{"taxonomy":"category","embeddable":true,"href":"https:\/\/www.europaskolan.se\/strangnas\/wp-json\/wp\/v2\/categories?post=4280"},{"taxonomy":"post_tag","embeddable":true,"href":"https:\/\/www.europaskolan.se\/strangnas\/wp-json\/wp\/v2\/tags?post=4280"}],"curies":[{"name":"wp","href":"https:\/\/api.w.org\/{rel}","templated":true}]}}