{"id":4132,"date":"2013-11-04T15:36:59","date_gmt":"2013-11-04T14:36:59","guid":{"rendered":"https:\/\/www.europaskolan.se\/?p=4132"},"modified":"2019-05-27T17:45:31","modified_gmt":"2019-05-27T15:45:31","slug":"europaskolan-strangnas-finns-pa-gymnasiemassan-21-till-23-november","status":"publish","type":"post","link":"https:\/\/www.europaskolan.se\/strangnas\/europaskolan-strangnas-finns-pa-gymnasiemassan-21-till-23-november\/","title":{"rendered":"Europaskolan Str\u00e4ngn\u00e4s finns p\u00e5 Gymnasiem\u00e4ssan 21 till 23 november"},"content":{"rendered":"<p><img fetchpriority=\"high\" decoding=\"async\" class=\"alignnone size-full wp-image-4134\" src=\"https:\/\/www.europaskolan.se\/strangnas\/wp-content\/uploads\/sites\/2\/2013\/11\/gymnasie-massa-2013-1.jpg\" alt=\"\" width=\"494\" height=\"352\" srcset=\"https:\/\/www.europaskolan.se\/strangnas\/wp-content\/uploads\/sites\/2\/2013\/11\/gymnasie-massa-2013-1.jpg 494w, https:\/\/www.europaskolan.se\/strangnas\/wp-content\/uploads\/sites\/2\/2013\/11\/gymnasie-massa-2013-1-300x214.jpg 300w\" sizes=\"(max-width: 494px) 100vw, 494px\" \/><\/p>\n<h3>Ska du snart v\u00e4lja gymnasium?<\/h3>\n<p>Bes\u00f6k Gymnasiem\u00e4ssan 21 till 23 november, p\u00e5 Stockholmsm\u00e4ssan.<\/p>\n<p><b>Europaskolan Str\u00e4ngn\u00e4s finns p\u00e5 plats i monter C14:31<\/b>,<br \/>\nd\u00e4r vi ber\u00e4ttar om v\u00e5r skola och svarar p\u00e5 fr\u00e5gor.<\/p>\n<p><b>Gymnasiem\u00e4ssan \u00e4r en m\u00f6tesplats fylld av tips och inspiration<\/b><br \/>\nf\u00f6r dig som ska v\u00e4lja gymnasium.<br \/>\n<a href=\"http:\/\/www.gymnasiemassan.nu\/\">L\u00e4s mer om Gymnasiem\u00e4ssan h\u00e4r.<\/a><\/p>\n<p><b>\u00d6ppettider:<br \/>\n<\/b><br \/>\nTorsdag 21 november, kl 09.00\u201317.00<br \/>\nFredag 22 november, kl 09.00\u201316.00<br \/>\nL\u00f6rdag 23 november, kl 09.00\u201316.00<\/p>\n<p>Fri entr\u00e9.<\/p>\n<p><i>V\u00e4lkommen!<\/i><\/p>\n","protected":false},"excerpt":{"rendered":"<p>Ska du snart v\u00e4lja gymnasium? Bes\u00f6k Gymnasiem\u00e4ssan 21 till 23 november, p\u00e5 Stockholmsm\u00e4ssan. Europaskolan Str\u00e4ngn\u00e4s finns p\u00e5 plats i monter C14:31, d\u00e4r vi ber\u00e4ttar om v\u00e5r skola och svarar p\u00e5 fr\u00e5gor. Gymnasiem\u00e4ssan \u00e4r en m\u00f6tesplats fylld av tips och inspiration f\u00f6r dig som ska v\u00e4lja gymnasium. L\u00e4s mer om Gymnasiem\u00e4ssan h\u00e4r. \u00d6ppettider: Torsdag 21 november, [&hellip;]<\/p>\n","protected":false},"author":2,"featured_media":4134,"comment_status":"closed","ping_status":"closed","sticky":false,"template":"","format":"standard","meta":{"footnotes":""},"categories":[3],"tags":[],"class_list":["post-4132","post","type-post","status-publish","format-standard","has-post-thumbnail","hentry","category-aktuellt-europaskolan-strangnas"],"blocksy_meta":[],"rttpg_featured_image_url":{"full":["https:\/\/www.europaskolan.se\/strangnas\/wp-content\/uploads\/sites\/2\/2013\/11\/gymnasie-massa-2013-1.jpg",494,352,false],"landscape":["https:\/\/www.europaskolan.se\/strangnas\/wp-content\/uploads\/sites\/2\/2013\/11\/gymnasie-massa-2013-1.jpg",494,352,false],"portraits":["https:\/\/www.europaskolan.se\/strangnas\/wp-content\/uploads\/sites\/2\/2013\/11\/gymnasie-massa-2013-1.jpg",494,352,false],"thumbnail":["https:\/\/www.europaskolan.se\/strangnas\/wp-content\/uploads\/sites\/2\/2013\/11\/gymnasie-massa-2013-1-150x150.jpg",150,150,true],"medium":["https:\/\/www.europaskolan.se\/strangnas\/wp-content\/uploads\/sites\/2\/2013\/11\/gymnasie-massa-2013-1-300x214.jpg",300,214,true],"large":["https:\/\/www.europaskolan.se\/strangnas\/wp-content\/uploads\/sites\/2\/2013\/11\/gymnasie-massa-2013-1.jpg",494,352,false],"1536x1536":["https:\/\/www.europaskolan.se\/strangnas\/wp-content\/uploads\/sites\/2\/2013\/11\/gymnasie-massa-2013-1.jpg",494,352,false],"2048x2048":["https:\/\/www.europaskolan.se\/strangnas\/wp-content\/uploads\/sites\/2\/2013\/11\/gymnasie-massa-2013-1.jpg",494,352,false],"sow-carousel-default":["https:\/\/www.europaskolan.se\/strangnas\/wp-content\/uploads\/sites\/2\/2013\/11\/gymnasie-massa-2013-1.jpg",255,182,false]},"rttpg_author":{"display_name":"camilla","author_link":"https:\/\/www.europaskolan.se\/strangnas\/author\/camilla\/"},"rttpg_comment":0,"rttpg_category":"<a href=\"https:\/\/www.europaskolan.se\/strangnas\/category\/aktuellt-europaskolan-strangnas\/\" rel=\"category tag\">Aktuellt \u2013 Europaskolan Str\u00e4ngn\u00e4s<\/a>","rttpg_excerpt":"Ska du snart v\u00e4lja gymnasium? Bes\u00f6k Gymnasiem\u00e4ssan 21 till 23 november, p\u00e5 Stockholmsm\u00e4ssan. Europaskolan Str\u00e4ngn\u00e4s finns p\u00e5 plats i monter C14:31, d\u00e4r vi ber\u00e4ttar om v\u00e5r skola och svarar p\u00e5 fr\u00e5gor. Gymnasiem\u00e4ssan \u00e4r en m\u00f6tesplats fylld av tips och inspiration f\u00f6r dig som ska v\u00e4lja gymnasium. L\u00e4s mer om Gymnasiem\u00e4ssan h\u00e4r. \u00d6ppettider: Torsdag 21 november,&hellip;","_links":{"self":[{"href":"https:\/\/www.europaskolan.se\/strangnas\/wp-json\/wp\/v2\/posts\/4132","targetHints":{"allow":["GET"]}}],"collection":[{"href":"https:\/\/www.europaskolan.se\/strangnas\/wp-json\/wp\/v2\/posts"}],"about":[{"href":"https:\/\/www.europaskolan.se\/strangnas\/wp-json\/wp\/v2\/types\/post"}],"author":[{"embeddable":true,"href":"https:\/\/www.europaskolan.se\/strangnas\/wp-json\/wp\/v2\/users\/2"}],"replies":[{"embeddable":true,"href":"https:\/\/www.europaskolan.se\/strangnas\/wp-json\/wp\/v2\/comments?post=4132"}],"version-history":[{"count":0,"href":"https:\/\/www.europaskolan.se\/strangnas\/wp-json\/wp\/v2\/posts\/4132\/revisions"}],"wp:featuredmedia":[{"embeddable":true,"href":"https:\/\/www.europaskolan.se\/strangnas\/wp-json\/wp\/v2\/media\/4134"}],"wp:attachment":[{"href":"https:\/\/www.europaskolan.se\/strangnas\/wp-json\/wp\/v2\/media?parent=4132"}],"wp:term":[{"taxonomy":"category","embeddable":true,"href":"https:\/\/www.europaskolan.se\/strangnas\/wp-json\/wp\/v2\/categories?post=4132"},{"taxonomy":"post_tag","embeddable":true,"href":"https:\/\/www.europaskolan.se\/strangnas\/wp-json\/wp\/v2\/tags?post=4132"}],"curies":[{"name":"wp","href":"https:\/\/api.w.org\/{rel}","templated":true}]}}