{"id":3894,"date":"2013-09-23T11:29:06","date_gmt":"2013-09-23T09:29:06","guid":{"rendered":"https:\/\/www.europaskolan.se\/?p=3894"},"modified":"2019-05-27T17:36:05","modified_gmt":"2019-05-27T15:36:05","slug":"information-fran-rektor-till-vardnadshavare-i-arskurs-1-och-2","status":"publish","type":"post","link":"https:\/\/www.europaskolan.se\/strangnas\/information-fran-rektor-till-vardnadshavare-i-arskurs-1-och-2\/","title":{"rendered":"Information fr\u00e5n rektor till v\u00e5rdnadshavare i \u00e5rskurs 1 och 2"},"content":{"rendered":"<p><img fetchpriority=\"high\" decoding=\"async\" class=\"alignnone size-full wp-image-3903\" src=\"https:\/\/www.europaskolan.se\/strangnas\/wp-content\/uploads\/sites\/2\/2013\/09\/info.pg_-1.jpg\" alt=\"\" width=\"680\" height=\"213\" srcset=\"https:\/\/www.europaskolan.se\/strangnas\/wp-content\/uploads\/sites\/2\/2013\/09\/info.pg_-1.jpg 680w, https:\/\/www.europaskolan.se\/strangnas\/wp-content\/uploads\/sites\/2\/2013\/09\/info.pg_-1-300x94.jpg 300w\" sizes=\"(max-width: 680px) 100vw, 680px\" \/><\/p>\n<h3>Information fr\u00e5n rektor till v\u00e5rdnadshavare i \u00e5rskurs 1 och 2<\/h3>\n<p>Nu har Europaskolan Str\u00e4ngn\u00e4s haft informationsm\u00f6ten f\u00f6r v\u00e5rdnadshavare i \u00e5rskurs 1 och 2.\u00a0Det blev b\u00e5de allm\u00e4n information i Dj\u00e4knehallen och m\u00f6ten i klassrummen hos respektive mentor.<\/p>\n<p>Kanske hade du inte m\u00f6jlighet att komma?\u00a0<a href=\"http:\/\/strangnas.europaskolan.org\/wp-content\/uploads\/2013\/09\/Info-ht-2013.pdf\"><br \/>\n<\/a><\/p>\n<p><a href=\"http:\/\/strangnas.europaskolan.org\/wp-content\/uploads\/2013\/09\/info-till-vardnadsh-ht-2013-ak-1.pdf\">H\u00e4r kan du l\u00e4sa min presentation f\u00f6r \u00e5rskurs 1 som pdf.<br \/>\n<\/a><a href=\"http:\/\/strangnas.europaskolan.org\/wp-content\/uploads\/2013\/09\/Info-ht-2013.pdf\">H\u00e4r kan du l\u00e4sa min presentation f\u00f6r \u00e5rskurs 2 som pdf.<\/a><\/p>\n<p>Tack alla f\u00f6r tv\u00e5 trevliga informationskv\u00e4llar!<\/p>\n<p><em>Thomas Axelsson<\/em><br \/>\nRektor<\/p>\n","protected":false},"excerpt":{"rendered":"<p>Information fr\u00e5n rektor till v\u00e5rdnadshavare i \u00e5rskurs 1 och 2 Nu har Europaskolan Str\u00e4ngn\u00e4s haft informationsm\u00f6ten f\u00f6r v\u00e5rdnadshavare i \u00e5rskurs 1 och 2.\u00a0Det blev b\u00e5de allm\u00e4n information i Dj\u00e4knehallen och m\u00f6ten i klassrummen hos respektive mentor. Kanske hade du inte m\u00f6jlighet att komma?\u00a0 H\u00e4r kan du l\u00e4sa min presentation f\u00f6r \u00e5rskurs 1 som pdf. H\u00e4r [&hellip;]<\/p>\n","protected":false},"author":2,"featured_media":3903,"comment_status":"closed","ping_status":"closed","sticky":false,"template":"","format":"standard","meta":{"footnotes":""},"categories":[3],"tags":[],"class_list":["post-3894","post","type-post","status-publish","format-standard","has-post-thumbnail","hentry","category-aktuellt-europaskolan-strangnas"],"blocksy_meta":[],"rttpg_featured_image_url":{"full":["https:\/\/www.europaskolan.se\/strangnas\/wp-content\/uploads\/sites\/2\/2013\/09\/info.pg_-1.jpg",680,213,false],"landscape":["https:\/\/www.europaskolan.se\/strangnas\/wp-content\/uploads\/sites\/2\/2013\/09\/info.pg_-1.jpg",680,213,false],"portraits":["https:\/\/www.europaskolan.se\/strangnas\/wp-content\/uploads\/sites\/2\/2013\/09\/info.pg_-1.jpg",680,213,false],"thumbnail":["https:\/\/www.europaskolan.se\/strangnas\/wp-content\/uploads\/sites\/2\/2013\/09\/info.pg_-1-150x150.jpg",150,150,true],"medium":["https:\/\/www.europaskolan.se\/strangnas\/wp-content\/uploads\/sites\/2\/2013\/09\/info.pg_-1-300x94.jpg",300,94,true],"large":["https:\/\/www.europaskolan.se\/strangnas\/wp-content\/uploads\/sites\/2\/2013\/09\/info.pg_-1.jpg",680,213,false],"1536x1536":["https:\/\/www.europaskolan.se\/strangnas\/wp-content\/uploads\/sites\/2\/2013\/09\/info.pg_-1.jpg",680,213,false],"2048x2048":["https:\/\/www.europaskolan.se\/strangnas\/wp-content\/uploads\/sites\/2\/2013\/09\/info.pg_-1.jpg",680,213,false],"sow-carousel-default":["https:\/\/www.europaskolan.se\/strangnas\/wp-content\/uploads\/sites\/2\/2013\/09\/info.pg_-1.jpg",272,85,false]},"rttpg_author":{"display_name":"camilla","author_link":"https:\/\/www.europaskolan.se\/strangnas\/author\/camilla\/"},"rttpg_comment":0,"rttpg_category":"<a href=\"https:\/\/www.europaskolan.se\/strangnas\/category\/aktuellt-europaskolan-strangnas\/\" rel=\"category tag\">Aktuellt \u2013 Europaskolan Str\u00e4ngn\u00e4s<\/a>","rttpg_excerpt":"Information fr\u00e5n rektor till v\u00e5rdnadshavare i \u00e5rskurs 1 och 2 Nu har Europaskolan Str\u00e4ngn\u00e4s haft informationsm\u00f6ten f\u00f6r v\u00e5rdnadshavare i \u00e5rskurs 1 och 2.\u00a0Det blev b\u00e5de allm\u00e4n information i Dj\u00e4knehallen och m\u00f6ten i klassrummen hos respektive mentor. Kanske hade du inte m\u00f6jlighet att komma?\u00a0 H\u00e4r kan du l\u00e4sa min presentation f\u00f6r \u00e5rskurs 1 som pdf. H\u00e4r&hellip;","_links":{"self":[{"href":"https:\/\/www.europaskolan.se\/strangnas\/wp-json\/wp\/v2\/posts\/3894","targetHints":{"allow":["GET"]}}],"collection":[{"href":"https:\/\/www.europaskolan.se\/strangnas\/wp-json\/wp\/v2\/posts"}],"about":[{"href":"https:\/\/www.europaskolan.se\/strangnas\/wp-json\/wp\/v2\/types\/post"}],"author":[{"embeddable":true,"href":"https:\/\/www.europaskolan.se\/strangnas\/wp-json\/wp\/v2\/users\/2"}],"replies":[{"embeddable":true,"href":"https:\/\/www.europaskolan.se\/strangnas\/wp-json\/wp\/v2\/comments?post=3894"}],"version-history":[{"count":0,"href":"https:\/\/www.europaskolan.se\/strangnas\/wp-json\/wp\/v2\/posts\/3894\/revisions"}],"wp:featuredmedia":[{"embeddable":true,"href":"https:\/\/www.europaskolan.se\/strangnas\/wp-json\/wp\/v2\/media\/3903"}],"wp:attachment":[{"href":"https:\/\/www.europaskolan.se\/strangnas\/wp-json\/wp\/v2\/media?parent=3894"}],"wp:term":[{"taxonomy":"category","embeddable":true,"href":"https:\/\/www.europaskolan.se\/strangnas\/wp-json\/wp\/v2\/categories?post=3894"},{"taxonomy":"post_tag","embeddable":true,"href":"https:\/\/www.europaskolan.se\/strangnas\/wp-json\/wp\/v2\/tags?post=3894"}],"curies":[{"name":"wp","href":"https:\/\/api.w.org\/{rel}","templated":true}]}}