{"id":3885,"date":"2013-09-23T11:14:50","date_gmt":"2013-09-23T09:14:50","guid":{"rendered":"https:\/\/www.europaskolan.se\/?p=3885"},"modified":"2019-05-28T09:14:15","modified_gmt":"2019-05-28T07:14:15","slug":"alva-olin-karlsson-har-vunnit-pris-i-uppsatstavling","status":"publish","type":"post","link":"https:\/\/www.europaskolan.se\/strangnas\/alva-olin-karlsson-har-vunnit-pris-i-uppsatstavling\/","title":{"rendered":"Alva Olin-Karlsson har vunnit pris i uppsatst\u00e4vling"},"content":{"rendered":"<p><a href=\"http:\/\/strangnas.europaskolan.org\/wp-content\/uploads\/2013\/09\/uppsats_alva-3.jpg\"><img fetchpriority=\"high\" decoding=\"async\" class=\"alignnone wp-image-3887 size-full\" src=\"https:\/\/www.europaskolan.se\/strangnas\/wp-content\/uploads\/sites\/2\/2013\/09\/uppsats_alva-3-1.jpg\" alt=\"uppsats_alva-3\" width=\"680\" height=\"343\" srcset=\"https:\/\/www.europaskolan.se\/strangnas\/wp-content\/uploads\/sites\/2\/2013\/09\/uppsats_alva-3-1.jpg 680w, https:\/\/www.europaskolan.se\/strangnas\/wp-content\/uploads\/sites\/2\/2013\/09\/uppsats_alva-3-1-300x151.jpg 300w\" sizes=\"(max-width: 680px) 100vw, 680px\" \/><\/a><\/p>\n<h3>Alva Olin-Karlsson prisvinnare i uppsatst\u00e4vling\u00a0p\u00e5 Europeiska spr\u00e5kdagen<\/h3>\n<p><em>Alva Olin-Karlsson i KFSCI13 har kommit p\u00e5 tredje plats i en uppsatst\u00e4vling, arrangerad av Europeiska spr\u00e5kdagen. Uppsatsen, som \u00e4r p\u00e5 franska, handlar om hennes b\u00e4sta spr\u00e5kminne. Den valdes bland hundratals bidrag, av en jury med representanter fr\u00e5n b\u00e5de EU och Skolverket.<\/em><\/p>\n<p><strong> Spr\u00e5kdagen (European Day of Languages) firas varje \u00e5r den 26 september.<\/strong> Syftet \u00e4r att lyfta fram spr\u00e5k och spr\u00e5kinl\u00e4rning som n\u00e5gonting viktigt, intressant och roligt. I \u00e5r utlystes en uppsatst\u00e4vling\u00a0p\u00e5 temat &#8221;Mitt b\u00e4sta spr\u00e5kminne&#8221;.<\/p>\n<p><strong>Alvas b\u00e4sta spr\u00e5kminne \u00e4r fr\u00e5n en skola i Tanzania,<\/strong> d\u00e4r har hon arbetat i ett projekt om flickors utbildning och att utveckla elevdemokratin.<\/p>\n<p><strong>Totalt bidrog Europaskolan Str\u00e4ngn\u00e4s med \u00e5tta uppsatser:<\/strong> fem i franska, en i latin, en i italienska och en i tyska. Alla mycket bra!<\/p>\n<p><strong>De vinnande bidragen valdes\u00a0ut av en jury<\/strong> med bland annat representanter f\u00f6r Spr\u00e5kdagen i Sverige, en f\u00f6retr\u00e4dare f\u00f6r Europeiska kommissionens representationskontor i Sverige och en representant f\u00f6r Skolverket.<\/p>\n<p><strong>Alva \u00e4r nu inbjuden att medverka p\u00e5 Spr\u00e5kdagen den 26 september p\u00e5 Europahuset<\/strong> i Stockholm. D\u00e4r f\u00e5r hon m\u00f6jlighet att l\u00e4sa upp sin uppsats och \u00e4ven bli intervjuad av en medarbetare fr\u00e5n svenska EU-representationen. F\u00f6rutom \u00e4ran f\u00e5r hon ocks\u00e5 ett par biocheckar i pris.<\/p>\n<p><strong>Vi p\u00e5 skolan \u00e4r mycket stolta \u00f6ver Alva.<\/strong> \u00c5terigen har en av v\u00e5ra elever visat att goda spr\u00e5kkunskaper banar v\u00e4gen f\u00f6r nya relationer och kommunikation \u00f6ver gr\u00e4nserna.<\/p>\n<p><strong>Bravo, Alva!<\/strong><br \/>\n<em>Caroline Noreen<\/em><\/p>\n<p><a href=\"https:\/\/www.europaskolan.se\/strangnas\/wp-content\/uploads\/sites\/2\/2013\/09\/uppsats_alva-1.pdf\">H\u00e4r kan du l\u00e4sa Alvas bidrag, b\u00e5de p\u00e5 franska och svenska.<\/a><\/p>\n<p>L\u00e4s mer om Europeiska spr\u00e5kdagen och uppsatst\u00e4vlingen h\u00e4r.<br \/>\n<a href=\"http:\/\/whttp:\/\/www.skolverket.se\/skolutveckling\/larande\/sprak\/sprakdagen-1.83492\">http:\/\/www.skolverket.se\/skolutveckling\/larande\/sprak\/sprakdagen-1.83492<br \/>\n<\/a><a href=\"http:\/\/www.goethe.de\/ins\/se\/prj\/ets\/wett\/svindex.htm\">http:\/\/www.goethe.de\/ins\/se\/prj\/ets\/wett\/svindex.htm<\/a><\/p>\n","protected":false},"excerpt":{"rendered":"<p>Alva Olin-Karlsson prisvinnare i uppsatst\u00e4vling\u00a0p\u00e5 Europeiska spr\u00e5kdagen Alva Olin-Karlsson i KFSCI13 har kommit p\u00e5 tredje plats i en uppsatst\u00e4vling, arrangerad av Europeiska spr\u00e5kdagen. Uppsatsen, som \u00e4r p\u00e5 franska, handlar om hennes b\u00e4sta spr\u00e5kminne. Den valdes bland hundratals bidrag, av en jury med representanter fr\u00e5n b\u00e5de EU och Skolverket. Spr\u00e5kdagen (European Day of Languages) firas varje [&hellip;]<\/p>\n","protected":false},"author":2,"featured_media":3887,"comment_status":"closed","ping_status":"closed","sticky":false,"template":"","format":"standard","meta":{"footnotes":""},"categories":[11],"tags":[],"class_list":["post-3885","post","type-post","status-publish","format-standard","has-post-thumbnail","hentry","category-utmarkelser-europaskolan-strangnas"],"blocksy_meta":[],"rttpg_featured_image_url":{"full":["https:\/\/www.europaskolan.se\/strangnas\/wp-content\/uploads\/sites\/2\/2013\/09\/uppsats_alva-3-1.jpg",680,343,false],"landscape":["https:\/\/www.europaskolan.se\/strangnas\/wp-content\/uploads\/sites\/2\/2013\/09\/uppsats_alva-3-1.jpg",680,343,false],"portraits":["https:\/\/www.europaskolan.se\/strangnas\/wp-content\/uploads\/sites\/2\/2013\/09\/uppsats_alva-3-1.jpg",680,343,false],"thumbnail":["https:\/\/www.europaskolan.se\/strangnas\/wp-content\/uploads\/sites\/2\/2013\/09\/uppsats_alva-3-1-150x150.jpg",150,150,true],"medium":["https:\/\/www.europaskolan.se\/strangnas\/wp-content\/uploads\/sites\/2\/2013\/09\/uppsats_alva-3-1-300x151.jpg",300,151,true],"large":["https:\/\/www.europaskolan.se\/strangnas\/wp-content\/uploads\/sites\/2\/2013\/09\/uppsats_alva-3-1.jpg",680,343,false],"1536x1536":["https:\/\/www.europaskolan.se\/strangnas\/wp-content\/uploads\/sites\/2\/2013\/09\/uppsats_alva-3-1.jpg",680,343,false],"2048x2048":["https:\/\/www.europaskolan.se\/strangnas\/wp-content\/uploads\/sites\/2\/2013\/09\/uppsats_alva-3-1.jpg",680,343,false],"sow-carousel-default":["https:\/\/www.europaskolan.se\/strangnas\/wp-content\/uploads\/sites\/2\/2013\/09\/uppsats_alva-3-1.jpg",272,137,false]},"rttpg_author":{"display_name":"camilla","author_link":"https:\/\/www.europaskolan.se\/strangnas\/author\/camilla\/"},"rttpg_comment":0,"rttpg_category":"<a href=\"https:\/\/www.europaskolan.se\/strangnas\/category\/utmarkelser-europaskolan-strangnas\/\" rel=\"category tag\">Utm\u00e4rkelser \u2013 Europaskolan Str\u00e4ngn\u00e4s<\/a>","rttpg_excerpt":"Alva Olin-Karlsson prisvinnare i uppsatst\u00e4vling\u00a0p\u00e5 Europeiska spr\u00e5kdagen Alva Olin-Karlsson i KFSCI13 har kommit p\u00e5 tredje plats i en uppsatst\u00e4vling, arrangerad av Europeiska spr\u00e5kdagen. Uppsatsen, som \u00e4r p\u00e5 franska, handlar om hennes b\u00e4sta spr\u00e5kminne. Den valdes bland hundratals bidrag, av en jury med representanter fr\u00e5n b\u00e5de EU och Skolverket. Spr\u00e5kdagen (European Day of Languages) firas varje&hellip;","_links":{"self":[{"href":"https:\/\/www.europaskolan.se\/strangnas\/wp-json\/wp\/v2\/posts\/3885","targetHints":{"allow":["GET"]}}],"collection":[{"href":"https:\/\/www.europaskolan.se\/strangnas\/wp-json\/wp\/v2\/posts"}],"about":[{"href":"https:\/\/www.europaskolan.se\/strangnas\/wp-json\/wp\/v2\/types\/post"}],"author":[{"embeddable":true,"href":"https:\/\/www.europaskolan.se\/strangnas\/wp-json\/wp\/v2\/users\/2"}],"replies":[{"embeddable":true,"href":"https:\/\/www.europaskolan.se\/strangnas\/wp-json\/wp\/v2\/comments?post=3885"}],"version-history":[{"count":0,"href":"https:\/\/www.europaskolan.se\/strangnas\/wp-json\/wp\/v2\/posts\/3885\/revisions"}],"wp:featuredmedia":[{"embeddable":true,"href":"https:\/\/www.europaskolan.se\/strangnas\/wp-json\/wp\/v2\/media\/3887"}],"wp:attachment":[{"href":"https:\/\/www.europaskolan.se\/strangnas\/wp-json\/wp\/v2\/media?parent=3885"}],"wp:term":[{"taxonomy":"category","embeddable":true,"href":"https:\/\/www.europaskolan.se\/strangnas\/wp-json\/wp\/v2\/categories?post=3885"},{"taxonomy":"post_tag","embeddable":true,"href":"https:\/\/www.europaskolan.se\/strangnas\/wp-json\/wp\/v2\/tags?post=3885"}],"curies":[{"name":"wp","href":"https:\/\/api.w.org\/{rel}","templated":true}]}}