{"id":3838,"date":"2013-09-17T14:19:26","date_gmt":"2013-09-17T12:19:26","guid":{"rendered":"https:\/\/www.europaskolan.se\/?p=3838"},"modified":"2019-05-28T09:12:42","modified_gmt":"2019-05-28T07:12:42","slug":"philip-frick-fran-europaskolan-strangnas-ar-sveriges-basta-naturvetarelev","status":"publish","type":"post","link":"https:\/\/www.europaskolan.se\/strangnas\/philip-frick-fran-europaskolan-strangnas-ar-sveriges-basta-naturvetarelev\/","title":{"rendered":"Philip Frick \u00e4r Sveriges b\u00e4sta naturvetarelev"},"content":{"rendered":"<p><a href=\"http:\/\/strangnas.europaskolan.org\/wp-content\/uploads\/2013\/09\/Nobel.jpg\"><img fetchpriority=\"high\" decoding=\"async\" class=\"alignnone wp-image-3840 size-full\" src=\"https:\/\/www.europaskolan.se\/strangnas\/wp-content\/uploads\/sites\/2\/2013\/09\/Nobel-1.jpg\" alt=\"Nobel\" width=\"680\" height=\"286\" srcset=\"https:\/\/www.europaskolan.se\/strangnas\/wp-content\/uploads\/sites\/2\/2013\/09\/Nobel-1.jpg 680w, https:\/\/www.europaskolan.se\/strangnas\/wp-content\/uploads\/sites\/2\/2013\/09\/Nobel-1-300x126.jpg 300w\" sizes=\"(max-width: 680px) 100vw, 680px\" \/><\/a><\/p>\n<h3>Philip Frick fr\u00e5n Europaskolan Str\u00e4ngn\u00e4s \u00e4r Sveriges b\u00e4sta naturvetarelev \u2013 l\u00e4s om hans sommar med Nobelpristagare<\/h3>\n<p><em>B\u00e4st i landet inom naturvetenskap, det \u00e4r f\u00f6re detta Europaeleven Philip Frick. Under sommaren <\/em><em>har han deltagit i ett sex veckor l\u00e5ngt program p\u00e5 MIT och Harvard utanf\u00f6r Boston. L\u00e4s hans ber\u00e4ttelse om en sommar med forskare, Nobelpristagare och v\u00e4rldens mest framst\u00e5ende gymnasieungdomar.<\/em><\/p>\n<p><strong>Det \u00e4r andra \u00e5ret i rad en av v\u00e5ra elever utses till b\u00e4st i Sverige inom naturvetenskap.<\/strong> F\u00f6rra \u00e5ret var det Johannes Orstadius som tog emot den hederv\u00e4rda utm\u00e4rkelsen.<\/p>\n<p><strong>Philip Frick vann i v\u00e5ras Utst\u00e4llningen Unga Forskare 2013<\/strong> och fick d\u00e5 ta emot priset som innebar ett sommarprogram vid Massachusetts Institute of Technology (MIT) utanf\u00f6r Boston. Nu \u00e4r han tillbaka i Sverige efter programmet Research Science Institute (RSI) och en intressant tid bland forskare och Nobelpristagare.<\/p>\n<p><strong>F\u00f6r att lyckas s\u00e5som Philip och Johannes beh\u00f6vs djupa och breda kunskaper<\/strong> inom m\u00e5nga \u00e4mnen: svenska, vetenskaplig metod, labbrapporter, engelska, kemi, fysik, matematik och retorik.<\/p>\n<p><strong> Elevernas framg\u00e5ng vittnar ocks\u00e5 om l\u00e4rarnas djupa och breda kompetens<\/strong> inom dessa \u00e4mnen. Likas\u00e5 att mer eller mindre hela skolans l\u00e4rark\u00e5r finns tillg\u00e4nglig f\u00f6r att st\u00f6dja och pusha eleverna.<\/p>\n<p><strong>Tillsammans uppfyller v\u00e5ra elever och l\u00e4rare det v\u00e5r skola st\u00e5r f\u00f6r:<\/strong> att ta vara p\u00e5 elevens fulla potential \u2013 och att \u00f6ppna d\u00f6rrar f\u00f6r framtiden.<\/p>\n<p><strong>Vi \u00e4r mycket stolta \u00f6ver Philip och \u00f6nskar honom lycka till i hans fortsatta arbete p\u00e5 Rays<\/strong>, den svenska motsvarigheten till RSI. Vi ser ocks\u00e5 fram emot bes\u00f6k av honom fram\u00f6ver.<\/p>\n<p>\u00c5terigen varmt grattis!<\/p>\n<p><em>Thomas Axelsson<\/em><br \/>\nVd och rektor<\/p>\n<p><a href=\"https:\/\/www.europaskolan.se\/strangnas\/wp-content\/uploads\/sites\/2\/2013\/09\/harvard-1.pdf\">H\u00e4r kan du l\u00e4sa Philip Fricks reseber\u00e4ttelse, om sommaren p\u00e5 MIT och Harvard &gt;<\/a><\/p>\n","protected":false},"excerpt":{"rendered":"<p>Philip Frick fr\u00e5n Europaskolan Str\u00e4ngn\u00e4s \u00e4r Sveriges b\u00e4sta naturvetarelev \u2013 l\u00e4s om hans sommar med Nobelpristagare B\u00e4st i landet inom naturvetenskap, det \u00e4r f\u00f6re detta Europaeleven Philip Frick. Under sommaren har han deltagit i ett sex veckor l\u00e5ngt program p\u00e5 MIT och Harvard utanf\u00f6r Boston. L\u00e4s hans ber\u00e4ttelse om en sommar med forskare, Nobelpristagare och [&hellip;]<\/p>\n","protected":false},"author":2,"featured_media":3840,"comment_status":"closed","ping_status":"closed","sticky":false,"template":"","format":"standard","meta":{"footnotes":""},"categories":[11],"tags":[],"class_list":["post-3838","post","type-post","status-publish","format-standard","has-post-thumbnail","hentry","category-utmarkelser-europaskolan-strangnas"],"blocksy_meta":[],"rttpg_featured_image_url":{"full":["https:\/\/www.europaskolan.se\/strangnas\/wp-content\/uploads\/sites\/2\/2013\/09\/Nobel-1.jpg",680,286,false],"landscape":["https:\/\/www.europaskolan.se\/strangnas\/wp-content\/uploads\/sites\/2\/2013\/09\/Nobel-1.jpg",680,286,false],"portraits":["https:\/\/www.europaskolan.se\/strangnas\/wp-content\/uploads\/sites\/2\/2013\/09\/Nobel-1.jpg",680,286,false],"thumbnail":["https:\/\/www.europaskolan.se\/strangnas\/wp-content\/uploads\/sites\/2\/2013\/09\/Nobel-1-150x150.jpg",150,150,true],"medium":["https:\/\/www.europaskolan.se\/strangnas\/wp-content\/uploads\/sites\/2\/2013\/09\/Nobel-1-300x126.jpg",300,126,true],"large":["https:\/\/www.europaskolan.se\/strangnas\/wp-content\/uploads\/sites\/2\/2013\/09\/Nobel-1.jpg",680,286,false],"1536x1536":["https:\/\/www.europaskolan.se\/strangnas\/wp-content\/uploads\/sites\/2\/2013\/09\/Nobel-1.jpg",680,286,false],"2048x2048":["https:\/\/www.europaskolan.se\/strangnas\/wp-content\/uploads\/sites\/2\/2013\/09\/Nobel-1.jpg",680,286,false],"sow-carousel-default":["https:\/\/www.europaskolan.se\/strangnas\/wp-content\/uploads\/sites\/2\/2013\/09\/Nobel-1.jpg",272,114,false]},"rttpg_author":{"display_name":"camilla","author_link":"https:\/\/www.europaskolan.se\/strangnas\/author\/camilla\/"},"rttpg_comment":0,"rttpg_category":"<a href=\"https:\/\/www.europaskolan.se\/strangnas\/category\/utmarkelser-europaskolan-strangnas\/\" rel=\"category tag\">Utm\u00e4rkelser \u2013 Europaskolan Str\u00e4ngn\u00e4s<\/a>","rttpg_excerpt":"Philip Frick fr\u00e5n Europaskolan Str\u00e4ngn\u00e4s \u00e4r Sveriges b\u00e4sta naturvetarelev \u2013 l\u00e4s om hans sommar med Nobelpristagare B\u00e4st i landet inom naturvetenskap, det \u00e4r f\u00f6re detta Europaeleven Philip Frick. Under sommaren har han deltagit i ett sex veckor l\u00e5ngt program p\u00e5 MIT och Harvard utanf\u00f6r Boston. L\u00e4s hans ber\u00e4ttelse om en sommar med forskare, Nobelpristagare och&hellip;","_links":{"self":[{"href":"https:\/\/www.europaskolan.se\/strangnas\/wp-json\/wp\/v2\/posts\/3838","targetHints":{"allow":["GET"]}}],"collection":[{"href":"https:\/\/www.europaskolan.se\/strangnas\/wp-json\/wp\/v2\/posts"}],"about":[{"href":"https:\/\/www.europaskolan.se\/strangnas\/wp-json\/wp\/v2\/types\/post"}],"author":[{"embeddable":true,"href":"https:\/\/www.europaskolan.se\/strangnas\/wp-json\/wp\/v2\/users\/2"}],"replies":[{"embeddable":true,"href":"https:\/\/www.europaskolan.se\/strangnas\/wp-json\/wp\/v2\/comments?post=3838"}],"version-history":[{"count":0,"href":"https:\/\/www.europaskolan.se\/strangnas\/wp-json\/wp\/v2\/posts\/3838\/revisions"}],"wp:featuredmedia":[{"embeddable":true,"href":"https:\/\/www.europaskolan.se\/strangnas\/wp-json\/wp\/v2\/media\/3840"}],"wp:attachment":[{"href":"https:\/\/www.europaskolan.se\/strangnas\/wp-json\/wp\/v2\/media?parent=3838"}],"wp:term":[{"taxonomy":"category","embeddable":true,"href":"https:\/\/www.europaskolan.se\/strangnas\/wp-json\/wp\/v2\/categories?post=3838"},{"taxonomy":"post_tag","embeddable":true,"href":"https:\/\/www.europaskolan.se\/strangnas\/wp-json\/wp\/v2\/tags?post=3838"}],"curies":[{"name":"wp","href":"https:\/\/api.w.org\/{rel}","templated":true}]}}