{"id":3834,"date":"2013-09-17T11:01:56","date_gmt":"2013-09-17T09:01:56","guid":{"rendered":"https:\/\/www.europaskolan.se\/?p=3834"},"modified":"2019-05-27T17:34:11","modified_gmt":"2019-05-27T15:34:11","slug":"arteselever-i-framgangsrikt-projekt-med-riksteatern","status":"publish","type":"post","link":"https:\/\/www.europaskolan.se\/strangnas\/arteselever-i-framgangsrikt-projekt-med-riksteatern\/","title":{"rendered":"Arteselever i framg\u00e5ngsrikt projekt med Riksteatern"},"content":{"rendered":"<p><a href=\"http:\/\/strangnas.europaskolan.org\/wp-content\/uploads\/2013\/09\/riksteatern.jpg\"><img fetchpriority=\"high\" decoding=\"async\" class=\"alignnone size-full wp-image-3976\" src=\"https:\/\/www.europaskolan.se\/strangnas\/wp-content\/uploads\/sites\/2\/2013\/09\/riksteatern-1.jpg\" alt=\"\" width=\"680\" height=\"213\" srcset=\"https:\/\/www.europaskolan.se\/strangnas\/wp-content\/uploads\/sites\/2\/2013\/09\/riksteatern-1.jpg 680w, https:\/\/www.europaskolan.se\/strangnas\/wp-content\/uploads\/sites\/2\/2013\/09\/riksteatern-1-300x94.jpg 300w\" sizes=\"(max-width: 680px) 100vw, 680px\" \/><\/a><\/p>\n<p><em>Elever i Artes10 har varit referensgrupp \u00e5t dramatikern Anders Duus, i hans arbete med pj\u00e4sen Hyenor. Pj\u00e4sen ing\u00e5r i Riksteaterns projekt L\u00e4nk 2014 och har blivit den mest valda bland projektets sex nyskrivna pj\u00e4ser.<\/em><\/p>\n<p><strong>Nyskriven dramatik av etablerade dramatiker<\/strong> \u2013 direkt skriven f\u00f6r skolor och unga amat\u00f6rensembler. Det \u00e4r k\u00e4rnan i Riksteaterns L\u00e4nk-projekt. Projektet \u00e4r ocks\u00e5 en bro mellan skolan, unga amat\u00f6rer och den professionella teaterv\u00e4rlden.<\/p>\n<p><strong>Under l\u00e4s\u00e5ret 2012\/2013 deltog Evelina Nekby, Catja Gyllhamn och Agnes Sk\u00f6ldberg i Artes10\u00a0<\/strong>i projektet genom \u00e4mnet sceniskt karakt\u00e4rsarbete. Eleverna var d\u00e5 referensgrupp \u00e5t dramatikern Anders Duus (som numera \u00e4r bosatt i Str\u00e4ngn\u00e4s) i hans arbete med pj\u00e4sen Hyenor. Ansvarig l\u00e4rare var Eva Mutvei.<\/p>\n<p><strong>Samarbetet har varit mycket framg\u00e5ngsrikt<\/strong> och pj\u00e4sen Hyenor har blivit den mest valda \u00a0bland de medverkande skolorna. Nu kommer den att repeteras och framf\u00f6ras p\u00e5 m\u00e5nga h\u00e5ll, under det n\u00e4rmaste \u00e5ret.<\/p>\n<p><strong>I fredags h\u00f6lls ett seminarium om L\u00e4nk 2014 p\u00e5 Riksteatern<\/strong>, med cirka 50 personer fr\u00e5n\u00a0olika teaterf\u00f6reningar runt om i landet.\u00a0 V\u00e5r skola deltog med ett mycket uppskattat inslag: Rosalie Karlsson och Julia von Heideken i Artes11 och Evelina Nekby fr\u00e5n Artes10 l\u00e4ste h\u00f6gt ur pj\u00e4sen Hyenor. Evelina blev ocks\u00e5, tillsammans med Eva Mutvei, intervjuad om samarbetet med Anders Duus.<\/p>\n<p><strong>Vi \u00e4r m\u00e4kta stolta \u00f6ver alla elever som deltog i projektet.<\/strong><\/p>\n<p>Varmt tack till er alla!<\/p>\n<p><em>Eva Mutvei<\/em><\/p>\n<p><a href=\"http:\/\/skolscenen.riksteatern.se\">L\u00e4s mer om projektet h\u00e4r&gt;<\/a><\/p>\n","protected":false},"excerpt":{"rendered":"<p>Elever i Artes10 har varit referensgrupp \u00e5t dramatikern Anders Duus, i hans arbete med pj\u00e4sen Hyenor. Pj\u00e4sen ing\u00e5r i Riksteaterns projekt L\u00e4nk 2014 och har blivit den mest valda bland projektets sex nyskrivna pj\u00e4ser. Nyskriven dramatik av etablerade dramatiker \u2013 direkt skriven f\u00f6r skolor och unga amat\u00f6rensembler. Det \u00e4r k\u00e4rnan i Riksteaterns L\u00e4nk-projekt. Projektet \u00e4r [&hellip;]<\/p>\n","protected":false},"author":2,"featured_media":3976,"comment_status":"closed","ping_status":"closed","sticky":false,"template":"","format":"standard","meta":{"footnotes":""},"categories":[3],"tags":[],"class_list":["post-3834","post","type-post","status-publish","format-standard","has-post-thumbnail","hentry","category-aktuellt-europaskolan-strangnas"],"blocksy_meta":[],"rttpg_featured_image_url":{"full":["https:\/\/www.europaskolan.se\/strangnas\/wp-content\/uploads\/sites\/2\/2013\/09\/riksteatern-1.jpg",680,213,false],"landscape":["https:\/\/www.europaskolan.se\/strangnas\/wp-content\/uploads\/sites\/2\/2013\/09\/riksteatern-1.jpg",680,213,false],"portraits":["https:\/\/www.europaskolan.se\/strangnas\/wp-content\/uploads\/sites\/2\/2013\/09\/riksteatern-1.jpg",680,213,false],"thumbnail":["https:\/\/www.europaskolan.se\/strangnas\/wp-content\/uploads\/sites\/2\/2013\/09\/riksteatern-1-150x150.jpg",150,150,true],"medium":["https:\/\/www.europaskolan.se\/strangnas\/wp-content\/uploads\/sites\/2\/2013\/09\/riksteatern-1-300x94.jpg",300,94,true],"large":["https:\/\/www.europaskolan.se\/strangnas\/wp-content\/uploads\/sites\/2\/2013\/09\/riksteatern-1.jpg",680,213,false],"1536x1536":["https:\/\/www.europaskolan.se\/strangnas\/wp-content\/uploads\/sites\/2\/2013\/09\/riksteatern-1.jpg",680,213,false],"2048x2048":["https:\/\/www.europaskolan.se\/strangnas\/wp-content\/uploads\/sites\/2\/2013\/09\/riksteatern-1.jpg",680,213,false],"sow-carousel-default":["https:\/\/www.europaskolan.se\/strangnas\/wp-content\/uploads\/sites\/2\/2013\/09\/riksteatern-1.jpg",272,85,false]},"rttpg_author":{"display_name":"camilla","author_link":"https:\/\/www.europaskolan.se\/strangnas\/author\/camilla\/"},"rttpg_comment":0,"rttpg_category":"<a href=\"https:\/\/www.europaskolan.se\/strangnas\/category\/aktuellt-europaskolan-strangnas\/\" rel=\"category tag\">Aktuellt \u2013 Europaskolan Str\u00e4ngn\u00e4s<\/a>","rttpg_excerpt":"Elever i Artes10 har varit referensgrupp \u00e5t dramatikern Anders Duus, i hans arbete med pj\u00e4sen Hyenor. Pj\u00e4sen ing\u00e5r i Riksteaterns projekt L\u00e4nk 2014 och har blivit den mest valda bland projektets sex nyskrivna pj\u00e4ser. Nyskriven dramatik av etablerade dramatiker \u2013 direkt skriven f\u00f6r skolor och unga amat\u00f6rensembler. Det \u00e4r k\u00e4rnan i Riksteaterns L\u00e4nk-projekt. Projektet \u00e4r&hellip;","_links":{"self":[{"href":"https:\/\/www.europaskolan.se\/strangnas\/wp-json\/wp\/v2\/posts\/3834","targetHints":{"allow":["GET"]}}],"collection":[{"href":"https:\/\/www.europaskolan.se\/strangnas\/wp-json\/wp\/v2\/posts"}],"about":[{"href":"https:\/\/www.europaskolan.se\/strangnas\/wp-json\/wp\/v2\/types\/post"}],"author":[{"embeddable":true,"href":"https:\/\/www.europaskolan.se\/strangnas\/wp-json\/wp\/v2\/users\/2"}],"replies":[{"embeddable":true,"href":"https:\/\/www.europaskolan.se\/strangnas\/wp-json\/wp\/v2\/comments?post=3834"}],"version-history":[{"count":0,"href":"https:\/\/www.europaskolan.se\/strangnas\/wp-json\/wp\/v2\/posts\/3834\/revisions"}],"wp:featuredmedia":[{"embeddable":true,"href":"https:\/\/www.europaskolan.se\/strangnas\/wp-json\/wp\/v2\/media\/3976"}],"wp:attachment":[{"href":"https:\/\/www.europaskolan.se\/strangnas\/wp-json\/wp\/v2\/media?parent=3834"}],"wp:term":[{"taxonomy":"category","embeddable":true,"href":"https:\/\/www.europaskolan.se\/strangnas\/wp-json\/wp\/v2\/categories?post=3834"},{"taxonomy":"post_tag","embeddable":true,"href":"https:\/\/www.europaskolan.se\/strangnas\/wp-json\/wp\/v2\/tags?post=3834"}],"curies":[{"name":"wp","href":"https:\/\/api.w.org\/{rel}","templated":true}]}}