{"id":3324,"date":"2013-09-05T14:20:58","date_gmt":"2013-09-05T12:20:58","guid":{"rendered":"https:\/\/www.europaskolan.se\/wordpress\/?p=3324"},"modified":"2019-05-27T17:30:56","modified_gmt":"2019-05-27T15:30:56","slug":"till-vardnadshavare-for-elever-i-arskurs-1-och-2","status":"publish","type":"post","link":"https:\/\/www.europaskolan.se\/strangnas\/till-vardnadshavare-for-elever-i-arskurs-1-och-2\/","title":{"rendered":"Till v\u00e5rdnadshavare f\u00f6r elever i \u00e5rskurs 1 och 2"},"content":{"rendered":"<figure id=\"attachment_5305\" aria-describedby=\"caption-attachment-5305\" style=\"width: 940px\" class=\"wp-caption alignnone\"><img fetchpriority=\"high\" decoding=\"async\" class=\"size-full wp-image-5305\" src=\"https:\/\/www.europaskolan.se\/strangnas\/wp-content\/uploads\/sites\/2\/2013\/02\/Europaskolan_Strangnas_Djaknegarden-1-1.jpg\" alt=\"\" width=\"940\" height=\"600\" srcset=\"https:\/\/www.europaskolan.se\/strangnas\/wp-content\/uploads\/sites\/2\/2013\/02\/Europaskolan_Strangnas_Djaknegarden-1-1.jpg 940w, https:\/\/www.europaskolan.se\/strangnas\/wp-content\/uploads\/sites\/2\/2013\/02\/Europaskolan_Strangnas_Djaknegarden-1-1-300x191.jpg 300w, https:\/\/www.europaskolan.se\/strangnas\/wp-content\/uploads\/sites\/2\/2013\/02\/Europaskolan_Strangnas_Djaknegarden-1-1-768x490.jpg 768w\" sizes=\"(max-width: 940px) 100vw, 940px\" \/><figcaption id=\"caption-attachment-5305\" class=\"wp-caption-text\">Vi samlas i skolans aula Dj\u00e4knehallen, som ligger i Dj\u00e4kneg\u00e5rden n\u00e4ra domkyrkan<\/figcaption><\/figure>\n<h3>V\u00e4lkommen till informationsdagar p\u00e5 Europaskolan Str\u00e4ngn\u00e4s<\/h3>\n<p>Nu n\u00e4r h\u00f6stterminen \u00e4r i g\u00e5ng, vill vi bjuda in dig som v\u00e5rdnadshavare till skolan.<\/p>\n<p><strong>\u00c5rskurs 1: tisdagen den 17 september, klockan 18.00\u201319.30.<\/strong><\/p>\n<p><strong> \u00c5rskurs 2: onsdagen den 18 september, klockan 18.00\u201319.30.<\/strong><\/p>\n<p>F\u00f6rst tr\u00e4ffas vi gemensamt i Dj\u00e4knehallen f\u00f6r information fr\u00e5n skolledningen.<br \/>\nSedan delar vi upp oss klassvis med respektive mentor.<\/p>\n<p><strong>V\u00e4lkommen hit<\/strong>, f\u00f6r att mingla, trivas och umg\u00e5s! Sj\u00e4lvklart bjuder vi p\u00e5 fika.<\/p>\n<p><em>Thomas Axelsson<\/em><br \/>\nVd och rektor<br \/>\nEuropaskolan Str\u00e4ngn\u00e4s<\/p>\n","protected":false},"excerpt":{"rendered":"<p>V\u00e4lkommen till informationsdagar p\u00e5 Europaskolan Str\u00e4ngn\u00e4s Nu n\u00e4r h\u00f6stterminen \u00e4r i g\u00e5ng, vill vi bjuda in dig som v\u00e5rdnadshavare till skolan. \u00c5rskurs 1: tisdagen den 17 september, klockan 18.00\u201319.30. \u00c5rskurs 2: onsdagen den 18 september, klockan 18.00\u201319.30. F\u00f6rst tr\u00e4ffas vi gemensamt i Dj\u00e4knehallen f\u00f6r information fr\u00e5n skolledningen. Sedan delar vi upp oss klassvis med respektive [&hellip;]<\/p>\n","protected":false},"author":2,"featured_media":3398,"comment_status":"closed","ping_status":"closed","sticky":false,"template":"","format":"standard","meta":{"footnotes":""},"categories":[3],"tags":[],"class_list":["post-3324","post","type-post","status-publish","format-standard","has-post-thumbnail","hentry","category-aktuellt-europaskolan-strangnas"],"blocksy_meta":[],"rttpg_featured_image_url":{"full":["https:\/\/www.europaskolan.se\/strangnas\/wp-content\/uploads\/sites\/2\/2013\/09\/djaknehallen-1.jpg",680,213,false],"landscape":["https:\/\/www.europaskolan.se\/strangnas\/wp-content\/uploads\/sites\/2\/2013\/09\/djaknehallen-1.jpg",680,213,false],"portraits":["https:\/\/www.europaskolan.se\/strangnas\/wp-content\/uploads\/sites\/2\/2013\/09\/djaknehallen-1.jpg",680,213,false],"thumbnail":["https:\/\/www.europaskolan.se\/strangnas\/wp-content\/uploads\/sites\/2\/2013\/09\/djaknehallen-1-150x150.jpg",150,150,true],"medium":["https:\/\/www.europaskolan.se\/strangnas\/wp-content\/uploads\/sites\/2\/2013\/09\/djaknehallen-1-300x94.jpg",300,94,true],"large":["https:\/\/www.europaskolan.se\/strangnas\/wp-content\/uploads\/sites\/2\/2013\/09\/djaknehallen-1.jpg",680,213,false],"1536x1536":["https:\/\/www.europaskolan.se\/strangnas\/wp-content\/uploads\/sites\/2\/2013\/09\/djaknehallen-1.jpg",680,213,false],"2048x2048":["https:\/\/www.europaskolan.se\/strangnas\/wp-content\/uploads\/sites\/2\/2013\/09\/djaknehallen-1.jpg",680,213,false],"sow-carousel-default":["https:\/\/www.europaskolan.se\/strangnas\/wp-content\/uploads\/sites\/2\/2013\/09\/djaknehallen-1.jpg",272,85,false]},"rttpg_author":{"display_name":"camilla","author_link":"https:\/\/www.europaskolan.se\/strangnas\/author\/camilla\/"},"rttpg_comment":0,"rttpg_category":"<a href=\"https:\/\/www.europaskolan.se\/strangnas\/category\/aktuellt-europaskolan-strangnas\/\" rel=\"category tag\">Aktuellt \u2013 Europaskolan Str\u00e4ngn\u00e4s<\/a>","rttpg_excerpt":"V\u00e4lkommen till informationsdagar p\u00e5 Europaskolan Str\u00e4ngn\u00e4s Nu n\u00e4r h\u00f6stterminen \u00e4r i g\u00e5ng, vill vi bjuda in dig som v\u00e5rdnadshavare till skolan. \u00c5rskurs 1: tisdagen den 17 september, klockan 18.00\u201319.30. \u00c5rskurs 2: onsdagen den 18 september, klockan 18.00\u201319.30. F\u00f6rst tr\u00e4ffas vi gemensamt i Dj\u00e4knehallen f\u00f6r information fr\u00e5n skolledningen. Sedan delar vi upp oss klassvis med respektive&hellip;","_links":{"self":[{"href":"https:\/\/www.europaskolan.se\/strangnas\/wp-json\/wp\/v2\/posts\/3324","targetHints":{"allow":["GET"]}}],"collection":[{"href":"https:\/\/www.europaskolan.se\/strangnas\/wp-json\/wp\/v2\/posts"}],"about":[{"href":"https:\/\/www.europaskolan.se\/strangnas\/wp-json\/wp\/v2\/types\/post"}],"author":[{"embeddable":true,"href":"https:\/\/www.europaskolan.se\/strangnas\/wp-json\/wp\/v2\/users\/2"}],"replies":[{"embeddable":true,"href":"https:\/\/www.europaskolan.se\/strangnas\/wp-json\/wp\/v2\/comments?post=3324"}],"version-history":[{"count":0,"href":"https:\/\/www.europaskolan.se\/strangnas\/wp-json\/wp\/v2\/posts\/3324\/revisions"}],"wp:featuredmedia":[{"embeddable":true,"href":"https:\/\/www.europaskolan.se\/strangnas\/wp-json\/wp\/v2\/media\/3398"}],"wp:attachment":[{"href":"https:\/\/www.europaskolan.se\/strangnas\/wp-json\/wp\/v2\/media?parent=3324"}],"wp:term":[{"taxonomy":"category","embeddable":true,"href":"https:\/\/www.europaskolan.se\/strangnas\/wp-json\/wp\/v2\/categories?post=3324"},{"taxonomy":"post_tag","embeddable":true,"href":"https:\/\/www.europaskolan.se\/strangnas\/wp-json\/wp\/v2\/tags?post=3324"}],"curies":[{"name":"wp","href":"https:\/\/api.w.org\/{rel}","templated":true}]}}