{"id":2607,"date":"2013-05-24T12:28:30","date_gmt":"2013-05-24T10:28:30","guid":{"rendered":"https:\/\/www.europaskolan.se\/wordpress\/?p=2607"},"modified":"2019-05-28T09:09:16","modified_gmt":"2019-05-28T07:09:16","slug":"vinnare-i-frankofonitavlingen-for-tredje-aret-i-rad","status":"publish","type":"post","link":"https:\/\/www.europaskolan.se\/strangnas\/vinnare-i-frankofonitavlingen-for-tredje-aret-i-rad\/","title":{"rendered":"Vinnare i frankofonit\u00e4vlingen \u2013 f\u00f6r tredje \u00e5ret i rad!"},"content":{"rendered":"<p><a href=\"http:\/\/strangnas.europaskolan.org\/wp-content\/uploads\/2013\/05\/frank1.jpg\"><img fetchpriority=\"high\" decoding=\"async\" class=\"alignnone wp-image-2714 size-full\" src=\"https:\/\/www.europaskolan.se\/strangnas\/wp-content\/uploads\/sites\/2\/2013\/05\/frank1-1.jpg\" alt=\"frank\" width=\"680\" height=\"233\" srcset=\"https:\/\/www.europaskolan.se\/strangnas\/wp-content\/uploads\/sites\/2\/2013\/05\/frank1-1.jpg 680w, https:\/\/www.europaskolan.se\/strangnas\/wp-content\/uploads\/sites\/2\/2013\/05\/frank1-1-300x103.jpg 300w, https:\/\/www.europaskolan.se\/strangnas\/wp-content\/uploads\/sites\/2\/2013\/05\/frank1-1-350x120.jpg 350w\" sizes=\"(max-width: 680px) 100vw, 680px\" \/><\/a><\/p>\n<h3>Europaskolan Str\u00e4ngn\u00e4s har vunnit frankofonit\u00e4vlingen\u00a0f\u00f6r tredje \u00e5ret i rad.<\/h3>\n<p>Awa Aagah, KF11, och Carl-Vincent Reimers, Artes10, antog utmaningen att g\u00f6ra en rapl\u00e5t p\u00e5 temat &#8221;la francophonie du nord&#8221;\/frankofoni i Norden, och tog med den hem f\u00f6rsta pris.<\/p>\n<p>Prisutdelningen skedde i SO Kungstr\u00e4dg\u00e5rden i Stockholm, och s\u00e5 sm\u00e5ningom v\u00e4ntar en spr\u00e5kvecka i Nice (sponsrad av EF) f\u00f6r de duktiga eleverna. Europaskolan gratulerar Awa och Carl-Vincent, samt undervisande l\u00e4rare Caroline Noreen.<\/p>\n","protected":false},"excerpt":{"rendered":"<p>Europaskolan Str\u00e4ngn\u00e4s har vunnit frankofonit\u00e4vlingen\u00a0f\u00f6r tredje \u00e5ret i rad. Awa Aagah, KF11, och Carl-Vincent Reimers, Artes10, antog utmaningen att g\u00f6ra en rapl\u00e5t p\u00e5 temat &#8221;la francophonie du nord&#8221;\/frankofoni i Norden, och tog med den hem f\u00f6rsta pris. Prisutdelningen skedde i SO Kungstr\u00e4dg\u00e5rden i Stockholm, och s\u00e5 sm\u00e5ningom v\u00e4ntar en spr\u00e5kvecka i Nice (sponsrad av EF) [&hellip;]<\/p>\n","protected":false},"author":2,"featured_media":2714,"comment_status":"closed","ping_status":"closed","sticky":false,"template":"","format":"standard","meta":{"footnotes":""},"categories":[11],"tags":[],"class_list":["post-2607","post","type-post","status-publish","format-standard","has-post-thumbnail","hentry","category-utmarkelser-europaskolan-strangnas"],"blocksy_meta":[],"rttpg_featured_image_url":{"full":["https:\/\/www.europaskolan.se\/strangnas\/wp-content\/uploads\/sites\/2\/2013\/05\/frank1-1.jpg",680,233,false],"landscape":["https:\/\/www.europaskolan.se\/strangnas\/wp-content\/uploads\/sites\/2\/2013\/05\/frank1-1.jpg",680,233,false],"portraits":["https:\/\/www.europaskolan.se\/strangnas\/wp-content\/uploads\/sites\/2\/2013\/05\/frank1-1.jpg",680,233,false],"thumbnail":["https:\/\/www.europaskolan.se\/strangnas\/wp-content\/uploads\/sites\/2\/2013\/05\/frank1-1-150x150.jpg",150,150,true],"medium":["https:\/\/www.europaskolan.se\/strangnas\/wp-content\/uploads\/sites\/2\/2013\/05\/frank1-1-300x103.jpg",300,103,true],"large":["https:\/\/www.europaskolan.se\/strangnas\/wp-content\/uploads\/sites\/2\/2013\/05\/frank1-1.jpg",680,233,false],"1536x1536":["https:\/\/www.europaskolan.se\/strangnas\/wp-content\/uploads\/sites\/2\/2013\/05\/frank1-1.jpg",680,233,false],"2048x2048":["https:\/\/www.europaskolan.se\/strangnas\/wp-content\/uploads\/sites\/2\/2013\/05\/frank1-1.jpg",680,233,false],"sow-carousel-default":["https:\/\/www.europaskolan.se\/strangnas\/wp-content\/uploads\/sites\/2\/2013\/05\/frank1-1.jpg",272,93,false]},"rttpg_author":{"display_name":"camilla","author_link":"https:\/\/www.europaskolan.se\/strangnas\/author\/camilla\/"},"rttpg_comment":0,"rttpg_category":"<a href=\"https:\/\/www.europaskolan.se\/strangnas\/category\/utmarkelser-europaskolan-strangnas\/\" rel=\"category tag\">Utm\u00e4rkelser \u2013 Europaskolan Str\u00e4ngn\u00e4s<\/a>","rttpg_excerpt":"Europaskolan Str\u00e4ngn\u00e4s har vunnit frankofonit\u00e4vlingen\u00a0f\u00f6r tredje \u00e5ret i rad. Awa Aagah, KF11, och Carl-Vincent Reimers, Artes10, antog utmaningen att g\u00f6ra en rapl\u00e5t p\u00e5 temat &#8221;la francophonie du nord&#8221;\/frankofoni i Norden, och tog med den hem f\u00f6rsta pris. Prisutdelningen skedde i SO Kungstr\u00e4dg\u00e5rden i Stockholm, och s\u00e5 sm\u00e5ningom v\u00e4ntar en spr\u00e5kvecka i Nice (sponsrad av EF)&hellip;","_links":{"self":[{"href":"https:\/\/www.europaskolan.se\/strangnas\/wp-json\/wp\/v2\/posts\/2607","targetHints":{"allow":["GET"]}}],"collection":[{"href":"https:\/\/www.europaskolan.se\/strangnas\/wp-json\/wp\/v2\/posts"}],"about":[{"href":"https:\/\/www.europaskolan.se\/strangnas\/wp-json\/wp\/v2\/types\/post"}],"author":[{"embeddable":true,"href":"https:\/\/www.europaskolan.se\/strangnas\/wp-json\/wp\/v2\/users\/2"}],"replies":[{"embeddable":true,"href":"https:\/\/www.europaskolan.se\/strangnas\/wp-json\/wp\/v2\/comments?post=2607"}],"version-history":[{"count":0,"href":"https:\/\/www.europaskolan.se\/strangnas\/wp-json\/wp\/v2\/posts\/2607\/revisions"}],"wp:featuredmedia":[{"embeddable":true,"href":"https:\/\/www.europaskolan.se\/strangnas\/wp-json\/wp\/v2\/media\/2714"}],"wp:attachment":[{"href":"https:\/\/www.europaskolan.se\/strangnas\/wp-json\/wp\/v2\/media?parent=2607"}],"wp:term":[{"taxonomy":"category","embeddable":true,"href":"https:\/\/www.europaskolan.se\/strangnas\/wp-json\/wp\/v2\/categories?post=2607"},{"taxonomy":"post_tag","embeddable":true,"href":"https:\/\/www.europaskolan.se\/strangnas\/wp-json\/wp\/v2\/tags?post=2607"}],"curies":[{"name":"wp","href":"https:\/\/api.w.org\/{rel}","templated":true}]}}